{"id":38705,"date":"2021-04-26T00:00:00","date_gmt":"2021-04-25T23:00:00","guid":{"rendered":"https:\/\/imagazine.it\/?p=38705"},"modified":"2021-04-26T00:00:00","modified_gmt":"2021-04-25T23:00:00","slug":"da-gorizia-a-trieste-riaprono-i-musei-erpac","status":"publish","type":"post","link":"https:\/\/imagazine.it\/home_desk\/da-gorizia-a-trieste-riaprono-i-musei-erpac\/","title":{"rendered":"Da Gorizia a Trieste, riaprono i musei Erpac"},"content":{"rendered":"<p> \tRiaprono al pubblico le sedi espositive di <strong>Erpac FVG<\/strong>, dopo la sospensione dovuta all\u2019emergenza Covid19.<\/p>\n<p> \tGi\u00e0 da oggi \u00e8 visitabile la mostra \u201cVienna 1900. Grafica e design\u201d allestita a <strong>Palazzo Attems Petzenstein di Gorizia<\/strong>, aperta tutti i giorni dalle 10 alle 18 (sabato e domenica solo su prenotazione, scrivendo a\u00a0<a href=\"mailto:didatticamusei.erpac@regione.fvg.it\" target=\"_blank\" rel=\"noopener\">didatticamusei.erpac@regione.fvg.it<\/a>\u00a0oppure telefonando al 348\/1304726). Inaugurata lo scorso 10 ottobre, la mostra chiuder\u00e0 definitivamente i battenti il 9 maggio. Rester\u00e0 per\u00f2 disponibile il <em>virtual tour<\/em> predisposto da Erpac FVG con la collaborazione di Fluido.it, accessibile gratuitamente da ogni pc, smartphone o tablet al seguente indirizzo:\u00a0<u><a href=\"http:\/\/www.fluido360.com\/virtualtour\/attems\/\" target=\"_blank\" rel=\"noopener\"><span style=\"color:#0000ff;\">www.fluido360.com\/virtualtour\/attems\/<\/span><\/a><\/u><\/p>\n<p> \tAnche il <strong>Magazzino delle Idee di Trieste<\/strong> riapre oggi, proseguendo fino al 16 maggio con la mostra &#8220;Sandro Miller Malkovich Malkovich Malkovich! Homage to Photographic Masters&#8221;, visitabile tutti i giorni dalle 10 alle 19, mentre il sabato e la domenica su prenotazione scrivendo a\u00a0<a href=\"mailto:info@magazzinodelleidee.it\" target=\"_blank\" rel=\"noopener\">info@magazzinodelleidee.it<\/a>\u00a0oppure telefonando allo 040\/3774783.<\/p>\n<p> \tSempre oggi riapre anche il <strong>Museo dell\u2019Emigrazione di Cavasso Nuovo<\/strong>, dal luned\u00ec al venerd\u00ec, dalle 10 alle 12; sabato e domenica dalle 10.30 alle 12.30 e dalle 15.30 alle 17.30, solo prenotando entro il giorno prima a\u00a0<a href=\"mailto:didatticamusei.erpac@regione.fvg.it\" target=\"_blank\" rel=\"noopener\">didatticamusei.erpac@regione.fvg.it<\/a>\u00a0oppure telefonando al 348\/1304726.<\/p>\n<p> \tDomani riapriranno invece il <strong>Museo della Grande Guerra<\/strong> e il <strong>Museo della Moda di Borgo Castello a Gorizia<\/strong>, dalle 9 alle 19. Saranno visitabili dal marted\u00ec alla domenica, ma nei fine settimana sar\u00e0 obbligatoria la prenotazione, con una email a\u00a0<a href=\"mailto:didatticamusei.erpac@regione.fvg.it\" target=\"_blank\" rel=\"noopener\">didatticamusei.erpac@regione.fvg.it<\/a>\u00a0oppure telefonando al 348\/1304726.<\/p>\n<p> \tDal marted\u00ec al venerd\u00ec, dalle 9 alle 13, riaprir\u00e0 anche il <strong>Museo della Vita contadina di San Vito al Tagliamento<\/strong>, con la possibilit\u00e0 di visita il sabato e la domenica dalle 10 alle 18, previa prenotazione (entro il giorno prima) con email a\u00a0<a href=\"mailto:didatticamusei.erpac@regione.fvg.it\" target=\"_blank\" rel=\"noopener\">didatticamusei.erpac@regione.fvg.it<\/a>\u00a0oppure telefonando al 348\/1304726.<\/p>\n<p> \tAnche <strong>Villa Manin a Passariano di Codroipo<\/strong> riaprir\u00e0 domani il suo parco, la cappella e la scuderia, con orario continuato dalle 9 alle 19 (chiusa il luned\u00ec). Nella sala esposizioni della Barchessa di Levante sar\u00e0 possibile visitare la mostra &#8220;Il paesaggio dei magredi&#8221;, dalle 15 alle 19 (escluso il luned\u00ec) e nei fine settimana anche dalle 10.30 alle 13.<\/p>\n<p> \tMercoled\u00ec 28 sar\u00e0 infine la volta della <strong>Galleria Regionale d\u2019Arte contemporanea \u201cLuigi Spazzapan\u201d di Gradisca d\u2019Isonzo<\/strong>, aperta dal mercoled\u00ec alla domenica dalle 10 alle 13 e dalle 15 alle 19 (per visitarla il sabato e la domenica si deve prenotare con una email a\u00a0<a href=\"mailto:galleriaspazzapan@regione.fvg.it\" target=\"_blank\" rel=\"noopener\">galleriaspazzapan@regione.fvg.it<\/a>\u00a0oppure telefonando negli orari di apertura allo 0481\/960816). Nelle sue sale si potranno visitare le due nuove mostre \u201cSan Marco. Cent&#39;anni di design per il caff\u00e8\u201d e \u201cSconfinaments\u201d, esposizione quest\u2019ultima che vede opere di Spazzapan, Spacal e Toffolini.<\/p>\n","protected":false},"excerpt":{"rendered":"<p>Dopo il passaggio in zona gialla<\/p>\n","protected":false},"author":28,"featured_media":38706,"comment_status":"closed","ping_status":"closed","sticky":false,"template":"","format":"standard","meta":{"dwc-title":[],"dwc-content":[],"footnotes":""},"categories":[37],"tags":[],"class_list":["post-38705","post","type-post","status-publish","format-standard","has-post-thumbnail","hentry","category-cultura-e-spettacolo"],"rttpg_featured_image_url":{"full":["https:\/\/imagazine.it\/wp-content\/uploads\/2024\/01\/39431-1.webp",1024,768,false],"landscape":["https:\/\/imagazine.it\/wp-content\/uploads\/2024\/01\/39431-1.webp",1024,768,false],"portraits":["https:\/\/imagazine.it\/wp-content\/uploads\/2024\/01\/39431-1.webp",1024,768,false],"thumbnail":["https:\/\/imagazine.it\/wp-content\/uploads\/2024\/01\/39431-1-150x150.webp",150,150,true],"medium":["https:\/\/imagazine.it\/wp-content\/uploads\/2024\/01\/39431-1-300x225.webp",300,225,true],"large":["https:\/\/imagazine.it\/wp-content\/uploads\/2024\/01\/39431-1.webp",640,480,false],"thumblist":["https:\/\/imagazine.it\/wp-content\/uploads\/2024\/01\/39431-1.webp",300,225,false],"thumbrelated":["https:\/\/imagazine.it\/wp-content\/uploads\/2024\/01\/39431-1.webp",500,375,false],"meccarouselthumb":["https:\/\/imagazine.it\/wp-content\/uploads\/2024\/01\/39431-1.webp",432,324,false],"gridsquare":["https:\/\/imagazine.it\/wp-content\/uploads\/2024\/01\/39431-1.webp",347,260,false],"tileview":["https:\/\/imagazine.it\/wp-content\/uploads\/2024\/01\/39431-1.webp",300,225,false],"1536x1536":["https:\/\/imagazine.it\/wp-content\/uploads\/2024\/01\/39431-1.webp",1024,768,false],"2048x2048":["https:\/\/imagazine.it\/wp-content\/uploads\/2024\/01\/39431-1.webp",1024,768,false],"newsup-slider-full":["https:\/\/imagazine.it\/wp-content\/uploads\/2024\/01\/39431-1-1024x720.webp",1024,720,true],"newsup-featured":["https:\/\/imagazine.it\/wp-content\/uploads\/2024\/01\/39431-1.webp",1024,768,false],"newsup-medium":["https:\/\/imagazine.it\/wp-content\/uploads\/2024\/01\/39431-1-720x380.webp",720,380,true],"tptn_thumbnail":["https:\/\/imagazine.it\/wp-content\/uploads\/2024\/01\/39431-1.webp",250,188,false],"sow-carousel-default":["https:\/\/imagazine.it\/wp-content\/uploads\/2024\/01\/39431-1-272x182.webp",272,182,true]},"rttpg_author":{"display_name":"redazione","author_link":"https:\/\/imagazine.it\/home_desk\/author\/redazione\/"},"rttpg_comment":0,"rttpg_category":"<a href=\"https:\/\/imagazine.it\/home_desk\/category\/cultura-e-spettacolo\/\" rel=\"category tag\">CULTURA&amp;SPETTACOLO<\/a>","rttpg_excerpt":"Dopo il passaggio in zona gialla","_links":{"self":[{"href":"https:\/\/imagazine.it\/home_desk\/wp-json\/wp\/v2\/posts\/38705","targetHints":{"allow":["GET"]}}],"collection":[{"href":"https:\/\/imagazine.it\/home_desk\/wp-json\/wp\/v2\/posts"}],"about":[{"href":"https:\/\/imagazine.it\/home_desk\/wp-json\/wp\/v2\/types\/post"}],"author":[{"embeddable":true,"href":"https:\/\/imagazine.it\/home_desk\/wp-json\/wp\/v2\/users\/28"}],"replies":[{"embeddable":true,"href":"https:\/\/imagazine.it\/home_desk\/wp-json\/wp\/v2\/comments?post=38705"}],"version-history":[{"count":0,"href":"https:\/\/imagazine.it\/home_desk\/wp-json\/wp\/v2\/posts\/38705\/revisions"}],"wp:featuredmedia":[{"embeddable":true,"href":"https:\/\/imagazine.it\/home_desk\/wp-json\/wp\/v2\/media\/38706"}],"wp:attachment":[{"href":"https:\/\/imagazine.it\/home_desk\/wp-json\/wp\/v2\/media?parent=38705"}],"wp:term":[{"taxonomy":"category","embeddable":true,"href":"https:\/\/imagazine.it\/home_desk\/wp-json\/wp\/v2\/categories?post=38705"},{"taxonomy":"post_tag","embeddable":true,"href":"https:\/\/imagazine.it\/home_desk\/wp-json\/wp\/v2\/tags?post=38705"}],"curies":[{"name":"wp","href":"https:\/\/api.w.org\/{rel}","templated":true}]}}