{"id":38701,"date":"2021-04-23T00:00:00","date_gmt":"2021-04-22T23:00:00","guid":{"rendered":"https:\/\/imagazine.it\/?p=38701"},"modified":"2021-04-23T00:00:00","modified_gmt":"2021-04-22T23:00:00","slug":"dalla-bassa-friulana-due-donazioni-al-gervasutta","status":"publish","type":"post","link":"https:\/\/imagazine.it\/home_desk\/dalla-bassa-friulana-due-donazioni-al-gervasutta\/","title":{"rendered":"Dalla bassa friulana due donazioni al Gervasutta"},"content":{"rendered":"<p> \tUn vecchio proverbio dice \u201cl&#39;unione fa la forza\u201d: se uno non c&#39;\u00e8 la fa da solo, con l&#39;aiuto di altri riesce a raggiungere l&#39;obiettivo prefissato.<\/p>\n<p> \tC&#39;era bisogno all&#39;<strong>ospedale<\/strong> <strong>&#8220;Gervasutta&#8221; di Udine<\/strong> &#8211; Presidio Ospedaliero Istituto Medicina Fisica e Riabilitazione dell&#39;Azienda Sanitaria Universitaria Friuli Centrale &#8211; di un <strong>sollevatore con bilancia per pazienti del reparto U.G.C. (Unit\u00e0 Gravi Celebrolesi)<\/strong>: lo strumento \u00e8 utilizzato per facilitare la movimentazione di persone allettate.<\/p>\n<p> \tUna spesa da 5.000 euro circa. Le ditte \u201cMetalinox\u201d di <strong>Andrea Zampar<\/strong> e \u201cInoxking\u201d di <strong>Flavio Puntin<\/strong>, aziende con sede a Fiumicello Villa Vicentina e attive nell\u2019ambito della solidariet\u00e0, si sono coalizzate e sono riuscite ad acquistare questo presidio, gi\u00e0 consegnato ai responsabili del Gervasutta.<\/p>\n<p> \tIl sollevatore in versione ospedaliera \u00e8 in alluminio, con possibilit\u00e0 di utilizzo per deambulare in completa sicurezza (pu\u00f2 sollevare fino a 230 chilogrammi di peso); \u00e8 leggero e facilmente manovrabile da una persona. \u00c8 stato progettato per effettuare funzioni quotidiane in modo sicuro e con il minimo sforzo da parte dell&#39;operatore: sollevare e abbassare il paziente dal pavimento, dal letto, da una sedia normale o anche da una sedia a rotelle; ha anche una funzione in toilette.<\/p>\n<p> \tImportante anche l\u2019apporto di due realt\u00e0 della bassa friulana: l\u2019<strong>associazione \u201cAlessandra\u201d <\/strong>di Terzo d&#39;Aquileia, presieduta da Donatella Clama, e il comitato\u00a0<strong>\u201cAmici di Federico\u201d<\/strong> di Villa Vicentina, presieduto da <strong>Valentino Listuzzi<\/strong>, che durante la consegna del sollevatore hanno donato un assegno di 1.500 euro alla famiglia di Federico, un ragazzo di Trieste, ricoverato proprio all&#39;ospedale udinese per importanti cure riabilitative.<\/p>\n","protected":false},"excerpt":{"rendered":"<p>Grazie ad aziende e associazioni<\/p>\n","protected":false},"author":22,"featured_media":38702,"comment_status":"closed","ping_status":"closed","sticky":false,"template":"","format":"standard","meta":{"dwc-title":[],"dwc-content":[],"footnotes":""},"categories":[6],"tags":[],"class_list":["post-38701","post","type-post","status-publish","format-standard","has-post-thumbnail","hentry","category-societa"],"rttpg_featured_image_url":{"full":["https:\/\/imagazine.it\/wp-content\/uploads\/2024\/01\/39422-1.webp",1000,644,false],"landscape":["https:\/\/imagazine.it\/wp-content\/uploads\/2024\/01\/39422-1.webp",1000,644,false],"portraits":["https:\/\/imagazine.it\/wp-content\/uploads\/2024\/01\/39422-1.webp",1000,644,false],"thumbnail":["https:\/\/imagazine.it\/wp-content\/uploads\/2024\/01\/39422-1-150x150.webp",150,150,true],"medium":["https:\/\/imagazine.it\/wp-content\/uploads\/2024\/01\/39422-1-300x193.webp",300,193,true],"large":["https:\/\/imagazine.it\/wp-content\/uploads\/2024\/01\/39422-1.webp",640,412,false],"thumblist":["https:\/\/imagazine.it\/wp-content\/uploads\/2024\/01\/39422-1.webp",300,193,false],"thumbrelated":["https:\/\/imagazine.it\/wp-content\/uploads\/2024\/01\/39422-1.webp",500,322,false],"meccarouselthumb":["https:\/\/imagazine.it\/wp-content\/uploads\/2024\/01\/39422-1.webp",474,305,false],"gridsquare":["https:\/\/imagazine.it\/wp-content\/uploads\/2024\/01\/39422-1.webp",391,252,false],"tileview":["https:\/\/imagazine.it\/wp-content\/uploads\/2024\/01\/39422-1.webp",300,193,false],"1536x1536":["https:\/\/imagazine.it\/wp-content\/uploads\/2024\/01\/39422-1.webp",1000,644,false],"2048x2048":["https:\/\/imagazine.it\/wp-content\/uploads\/2024\/01\/39422-1.webp",1000,644,false],"newsup-slider-full":["https:\/\/imagazine.it\/wp-content\/uploads\/2024\/01\/39422-1.webp",1000,644,false],"newsup-featured":["https:\/\/imagazine.it\/wp-content\/uploads\/2024\/01\/39422-1.webp",1000,644,false],"newsup-medium":["https:\/\/imagazine.it\/wp-content\/uploads\/2024\/01\/39422-1-720x380.webp",720,380,true],"tptn_thumbnail":["https:\/\/imagazine.it\/wp-content\/uploads\/2024\/01\/39422-1.webp",250,161,false],"sow-carousel-default":["https:\/\/imagazine.it\/wp-content\/uploads\/2024\/01\/39422-1-272x182.webp",272,182,true]},"rttpg_author":{"display_name":"Livio Nonis","author_link":"https:\/\/imagazine.it\/home_desk\/author\/nonis\/"},"rttpg_comment":0,"rttpg_category":"<a href=\"https:\/\/imagazine.it\/home_desk\/category\/societa\/\" rel=\"category tag\">SOCIET\u00c0<\/a>","rttpg_excerpt":"Grazie ad aziende e associazioni","_links":{"self":[{"href":"https:\/\/imagazine.it\/home_desk\/wp-json\/wp\/v2\/posts\/38701","targetHints":{"allow":["GET"]}}],"collection":[{"href":"https:\/\/imagazine.it\/home_desk\/wp-json\/wp\/v2\/posts"}],"about":[{"href":"https:\/\/imagazine.it\/home_desk\/wp-json\/wp\/v2\/types\/post"}],"author":[{"embeddable":true,"href":"https:\/\/imagazine.it\/home_desk\/wp-json\/wp\/v2\/users\/22"}],"replies":[{"embeddable":true,"href":"https:\/\/imagazine.it\/home_desk\/wp-json\/wp\/v2\/comments?post=38701"}],"version-history":[{"count":0,"href":"https:\/\/imagazine.it\/home_desk\/wp-json\/wp\/v2\/posts\/38701\/revisions"}],"wp:featuredmedia":[{"embeddable":true,"href":"https:\/\/imagazine.it\/home_desk\/wp-json\/wp\/v2\/media\/38702"}],"wp:attachment":[{"href":"https:\/\/imagazine.it\/home_desk\/wp-json\/wp\/v2\/media?parent=38701"}],"wp:term":[{"taxonomy":"category","embeddable":true,"href":"https:\/\/imagazine.it\/home_desk\/wp-json\/wp\/v2\/categories?post=38701"},{"taxonomy":"post_tag","embeddable":true,"href":"https:\/\/imagazine.it\/home_desk\/wp-json\/wp\/v2\/tags?post=38701"}],"curies":[{"name":"wp","href":"https:\/\/api.w.org\/{rel}","templated":true}]}}