{"id":38695,"date":"2021-04-23T00:00:00","date_gmt":"2021-04-22T23:00:00","guid":{"rendered":"https:\/\/imagazine.it\/?p=38695"},"modified":"2021-04-23T00:00:00","modified_gmt":"2021-04-22T23:00:00","slug":"la-dacia-arena-per-le-vaccinazioni-dei-lavoratori","status":"publish","type":"post","link":"https:\/\/imagazine.it\/home_desk\/la-dacia-arena-per-le-vaccinazioni-dei-lavoratori\/","title":{"rendered":"La Dacia Arena per le vaccinazioni dei lavoratori"},"content":{"rendered":"<p> \t<strong>Presentato il piano di somministrazione dei vaccini ai lavoratori<\/strong> sulla base di un <strong>Protocollo operativo <\/strong>redatto <strong>Confindustria Udine <\/strong>in collaborazione con Croce Rossa Italiana del FVG, Ordine degli Infermieri, Medici del Lavoro, Udinese Calcio spa e CGIL, CISL e UIL.<\/p>\n<p> \t\u201cLa <strong>disponibilit\u00e0 del vaccino<\/strong> \u2013 ha premesso Anna Mareschi Danieli, presidente di Confindustria Udine \u2013 <strong>\u00e8 e rimane una variabile indipendente<\/strong> da tutte le parti coinvolte in questo progetto. Il nostro obiettivo \u00e8 quello di farci trovare pronti quando il Governo centrale dar\u00e0 il via libera alla somministrazione delle dosi di vaccino. Nessuno, al momento, ci pu\u00f2 garantire quando e se i vaccini saranno disponibili per i lavoratori, anche se <strong>noi restiamo fiduciosi<\/strong>. Ci\u00f2 chiarito, Confindustria Udine, in collaborazione con gli altri soggetti, ha definito un protocollo operativo partito dal presupposto che le imprese vogliono vaccinare il maggior numero di persone nel minor tempo possibile, anche per <strong>sostenere e alleviare il sistema sanitario sempre sotto stress. Vogliamo effettuare 1.000 vaccinazioni al giorno<\/strong>\u201d.<\/p>\n<p> \tCome? \u201cAbbiamo valutato che il miglior compromesso sia quello di individuare<strong> un unico, grande hub straordinario di somministrazione vaccinale: la<\/strong> <strong>Dacia Arena<\/strong>. Alla base di questa scelta \u2013 ha spiegato la presidente \u2013 ci sono motivi di spazio, di posizione, di logistica e di parcheggi. Ringrazio al riguardo la <strong>disponibilit\u00e0 straordinaria dell\u2019Udinese Calcio<\/strong>. Questo hub viene a supportare la Regione alle prese con risorse scarse, libera le aziende dagli obblighi logistici, semplifica il lavoro delle Asl e dell\u2019intera organizzazione\u201d.<\/p>\n<p> \tLe aziende, per il tramite dei Medici competenti o di altro personale sanitario, invieranno le anagrafiche dei propri lavoratori aderenti alla campagna a CRI via e-mail. In alternativa, il lavoratore potr\u00e0 inviare tramite l\u2019utilizzo di una App dedicata, sviluppata per questo specifico fine dal gruppo ASA per Confindustria Udine, il proprio consenso con l\u2019anagrafica relativa. La CRI si occuper\u00e0 dell\u2019intera filiera di vaccinazione<\/p>\n<p> \t\u201cIn questa prima fase \u2013 ha chiarito Mareschi Danieli \u2013 <strong>l\u2019accesso alla vaccinazione \u00e8 rivolto ai soli lavoratori<\/strong>. Confindustria Udine resta disponibile, attraverso accordi specifici, ad ampliare il target identificato attraverso l\u2019organizzazione descritta, qualora la Regione lo ritenesse opportuno. <strong>Le aziende non aderenti a Confindustria Udine potranno accedere al piano aderendo all\u2019Associazione con un accordo associativo temporaneo<\/strong>, che ci auguriamo possa trasformarsi in seguito in definitivo\u201d.<\/p>\n<p> \t\u201cFinora \u2013 ha ricordato la presidente \u2013 <strong>sono 18 mila i lavoratori che hanno aderito in rappresentanza di 275 aziende<\/strong>, ma sono certa che i numeri possano raddoppiare. Ripeto: con l\u2019hub della Dacia Arena puntiamo a sostenere fino a<strong> 1.000 vaccinazioni al giorno, per 6 giorni alla settimana, 9 ore di operativit\u00e0 giornaliera, 25 unit\u00e0 di personale coinvolto ogni giorno<\/strong>. In sintesi: <strong>un vaccino ogni 5 minuti<\/strong>\u201d.<\/p>\n<p align=\"left\"> \tMareschi Danieli ha altres\u00ec informato che \u00e8 stata considerata anche un\u2019altra modalit\u00e0 operativa, da attivarsi nel caso in cui le dosi a disposizione non giustificassero l\u2019implementazione di un maxi hub, ricorrendo alla <strong>condivisione degli spazi ad oggi esistenti e gi\u00e0 in utilizzo in collaborazione con il Dipartimento di prevenzione<\/strong>\u201d.<\/p>\n<p align=\"left\"> \tIl vicepresidente della Regione <strong>Riccardi<\/strong> ha avuto parole di sincero elogio per l\u2019iniziativa:<\/p>\n<p align=\"left\"> \t\u201cNon posso che <strong>ringraziare Confindustria Udine <\/strong>\u2013 ha commentato il vicegovernatore della Regione FVG con delega\u00a0alla salute, <strong>Riccardo Riccardi<\/strong> \u2013 per questo sforzo, che riveste anche un carattere simbolico nella composizione delle forze che si sono unite. Con il contributo di tutti abbiamo fatto una cosa utile per il territorio\u201d.<\/p>\n<p> \tAlla presentazione sono intervenuti anche <strong>Cristina Ceruti<\/strong>, presidente del Comitato di Udine della CRI, <strong>Antonio Ceularo<\/strong>, tesoriere dell\u2019Ordine degli Infermieri dell\u2019ex provincia di Udine, <strong>Franco Collavino<\/strong>, direttore generale dell\u2019Udinese Calcio, e <strong>Emma Bagnato<\/strong>, medico del lavoro, in qualit\u00e0 anche di delegato di Confindustria Udine.<\/p>\n","protected":false},"excerpt":{"rendered":"<p>Presentato il piano di Confindustria Udine<\/p>\n","protected":false},"author":28,"featured_media":38696,"comment_status":"closed","ping_status":"closed","sticky":false,"template":"","format":"standard","meta":{"dwc-title":[],"dwc-content":[],"footnotes":""},"categories":[5],"tags":[],"class_list":["post-38695","post","type-post","status-publish","format-standard","has-post-thumbnail","hentry","category-attualita"],"rttpg_featured_image_url":{"full":["https:\/\/imagazine.it\/wp-content\/uploads\/2024\/01\/39413-1.webp",1000,750,false],"landscape":["https:\/\/imagazine.it\/wp-content\/uploads\/2024\/01\/39413-1.webp",1000,750,false],"portraits":["https:\/\/imagazine.it\/wp-content\/uploads\/2024\/01\/39413-1.webp",1000,750,false],"thumbnail":["https:\/\/imagazine.it\/wp-content\/uploads\/2024\/01\/39413-1-150x150.webp",150,150,true],"medium":["https:\/\/imagazine.it\/wp-content\/uploads\/2024\/01\/39413-1-300x225.webp",300,225,true],"large":["https:\/\/imagazine.it\/wp-content\/uploads\/2024\/01\/39413-1.webp",640,480,false],"thumblist":["https:\/\/imagazine.it\/wp-content\/uploads\/2024\/01\/39413-1.webp",300,225,false],"thumbrelated":["https:\/\/imagazine.it\/wp-content\/uploads\/2024\/01\/39413-1.webp",500,375,false],"meccarouselthumb":["https:\/\/imagazine.it\/wp-content\/uploads\/2024\/01\/39413-1.webp",432,324,false],"gridsquare":["https:\/\/imagazine.it\/wp-content\/uploads\/2024\/01\/39413-1.webp",347,260,false],"tileview":["https:\/\/imagazine.it\/wp-content\/uploads\/2024\/01\/39413-1.webp",300,225,false],"1536x1536":["https:\/\/imagazine.it\/wp-content\/uploads\/2024\/01\/39413-1.webp",1000,750,false],"2048x2048":["https:\/\/imagazine.it\/wp-content\/uploads\/2024\/01\/39413-1.webp",1000,750,false],"newsup-slider-full":["https:\/\/imagazine.it\/wp-content\/uploads\/2024\/01\/39413-1-1000x720.webp",1000,720,true],"newsup-featured":["https:\/\/imagazine.it\/wp-content\/uploads\/2024\/01\/39413-1.webp",1000,750,false],"newsup-medium":["https:\/\/imagazine.it\/wp-content\/uploads\/2024\/01\/39413-1-720x380.webp",720,380,true],"tptn_thumbnail":["https:\/\/imagazine.it\/wp-content\/uploads\/2024\/01\/39413-1.webp",250,188,false],"sow-carousel-default":["https:\/\/imagazine.it\/wp-content\/uploads\/2024\/01\/39413-1-272x182.webp",272,182,true]},"rttpg_author":{"display_name":"redazione","author_link":"https:\/\/imagazine.it\/home_desk\/author\/redazione\/"},"rttpg_comment":0,"rttpg_category":"<a href=\"https:\/\/imagazine.it\/home_desk\/category\/attualita\/\" rel=\"category tag\">ATTUALIT\u00c0<\/a>","rttpg_excerpt":"Presentato il piano di Confindustria Udine","_links":{"self":[{"href":"https:\/\/imagazine.it\/home_desk\/wp-json\/wp\/v2\/posts\/38695","targetHints":{"allow":["GET"]}}],"collection":[{"href":"https:\/\/imagazine.it\/home_desk\/wp-json\/wp\/v2\/posts"}],"about":[{"href":"https:\/\/imagazine.it\/home_desk\/wp-json\/wp\/v2\/types\/post"}],"author":[{"embeddable":true,"href":"https:\/\/imagazine.it\/home_desk\/wp-json\/wp\/v2\/users\/28"}],"replies":[{"embeddable":true,"href":"https:\/\/imagazine.it\/home_desk\/wp-json\/wp\/v2\/comments?post=38695"}],"version-history":[{"count":0,"href":"https:\/\/imagazine.it\/home_desk\/wp-json\/wp\/v2\/posts\/38695\/revisions"}],"wp:featuredmedia":[{"embeddable":true,"href":"https:\/\/imagazine.it\/home_desk\/wp-json\/wp\/v2\/media\/38696"}],"wp:attachment":[{"href":"https:\/\/imagazine.it\/home_desk\/wp-json\/wp\/v2\/media?parent=38695"}],"wp:term":[{"taxonomy":"category","embeddable":true,"href":"https:\/\/imagazine.it\/home_desk\/wp-json\/wp\/v2\/categories?post=38695"},{"taxonomy":"post_tag","embeddable":true,"href":"https:\/\/imagazine.it\/home_desk\/wp-json\/wp\/v2\/tags?post=38695"}],"curies":[{"name":"wp","href":"https:\/\/api.w.org\/{rel}","templated":true}]}}