{"id":38679,"date":"2021-04-22T00:00:00","date_gmt":"2021-04-21T23:00:00","guid":{"rendered":"https:\/\/imagazine.it\/?p=38679"},"modified":"2021-04-22T00:00:00","modified_gmt":"2021-04-21T23:00:00","slug":"aria-di-festa-annullato-il-grande-evento-a-giugno","status":"publish","type":"post","link":"https:\/\/imagazine.it\/home_desk\/aria-di-festa-annullato-il-grande-evento-a-giugno\/","title":{"rendered":"Aria di Festa, annullato il grande evento a giugno"},"content":{"rendered":"<p> \tVista l\u2019attuale situazione legata alla pandemia in corso, l\u2019edizione 2021 di <strong><em>Aria di Festa<\/em><\/strong> ipotizzata per fine giugno \u00e8 stata annullata.<\/p>\n<p> \tDopo lo stop dell\u2019edizione 2020 anche per quest\u2019anno <em>Aria di Festa<\/em>, la tradizionale manifestazione dedicata al Prosciutto di San Daniele celebrata sin dal 1985, non avr\u00e0 luogo. Il perdurare dell\u2019attuale situazione pandemica sconsiglia di realizzare un evento in presenza cos\u00ec partecipato come <em>Aria di Festa<\/em> tra poco pi\u00f9 di un mese e mezzo.<\/p>\n<p> \tQuesta \u00e8 stata la decisione assunta dal Consiglio di amministrazione del Consorzio del Prosciutto di San Daniele presa in stretto accordo con la citt\u00e0 di San Daniele. Tuttavia, per mantenere l\u2019appuntamento vivo nella memoria di ospiti ed estimatori, Consorzio e Comune congiuntamente agli altri partner della manifestazione, stanno lavorando per poter organizzare appuntamenti legati al filone \u201c<em>Aria di Festa<\/em>\u201d all\u2019interno della finestra temporale di quest\u2019estate, come anteprima dell\u2019edizione del 2022.<\/p>\n<p> \tSi ipotizza di organizzare <strong>un week-end specifico dedicato alla promozione della citt\u00e0 e del suo prosciutto<\/strong>. Al momento si pu\u00f2 pensare solo di visite negli stabilimenti produttivi e di corsi <em>educational<\/em> di degustazione a numero chiuso. Ma nel caso in cui ci\u00f2 sar\u00e0 possibile, si potr\u00e0 eventualmente procedere anche con l\u2019organizzazione di un evento pi\u00f9 \u201caperto\u201d e con un maggior numero di partecipanti.<\/p>\n<p> \tL\u2019iniziativa sar\u00e0 corredata anche da attivit\u00e0 di promozione dell\u2019evento a lungo termine, con <em>incoming<\/em> riservato a giornalisti, influencer e tour operator per presentare alcuni degli aspetti principali della manifestazione.<\/p>\n<p> \tTutte le attivit\u00e0 &#8211; se svolte in presenza &#8211; verranno pianificate con i relativi protocolli di sicurezza e sistemi di prenotazione per gli utenti.\u00a0<\/p>\n","protected":false},"excerpt":{"rendered":"<p>Per il perdurare della situazione pandemica<\/p>\n","protected":false},"author":28,"featured_media":38680,"comment_status":"closed","ping_status":"closed","sticky":false,"template":"","format":"standard","meta":{"dwc-title":[],"dwc-content":[],"footnotes":""},"categories":[8],"tags":[],"class_list":["post-38679","post","type-post","status-publish","format-standard","has-post-thumbnail","hentry","category-turismo"],"rttpg_featured_image_url":{"full":["https:\/\/imagazine.it\/wp-content\/uploads\/2024\/01\/39399-1.webp",2244,1494,false],"landscape":["https:\/\/imagazine.it\/wp-content\/uploads\/2024\/01\/39399-1.webp",2244,1494,false],"portraits":["https:\/\/imagazine.it\/wp-content\/uploads\/2024\/01\/39399-1.webp",2244,1494,false],"thumbnail":["https:\/\/imagazine.it\/wp-content\/uploads\/2024\/01\/39399-1-150x150.webp",150,150,true],"medium":["https:\/\/imagazine.it\/wp-content\/uploads\/2024\/01\/39399-1-300x200.webp",300,200,true],"large":["https:\/\/imagazine.it\/wp-content\/uploads\/2024\/01\/39399-1-1024x682.webp",640,426,true],"thumblist":["https:\/\/imagazine.it\/wp-content\/uploads\/2024\/01\/39399-1.webp",300,200,false],"thumbrelated":["https:\/\/imagazine.it\/wp-content\/uploads\/2024\/01\/39399-1.webp",500,333,false],"meccarouselthumb":["https:\/\/imagazine.it\/wp-content\/uploads\/2024\/01\/39399-1.webp",474,316,false],"gridsquare":["https:\/\/imagazine.it\/wp-content\/uploads\/2024\/01\/39399-1.webp",391,260,false],"tileview":["https:\/\/imagazine.it\/wp-content\/uploads\/2024\/01\/39399-1.webp",300,200,false],"1536x1536":["https:\/\/imagazine.it\/wp-content\/uploads\/2024\/01\/39399-1-1536x1023.webp",1536,1023,true],"2048x2048":["https:\/\/imagazine.it\/wp-content\/uploads\/2024\/01\/39399-1-2048x1364.webp",2048,1364,true],"newsup-slider-full":["https:\/\/imagazine.it\/wp-content\/uploads\/2024\/01\/39399-1-1280x720.webp",1280,720,true],"newsup-featured":["https:\/\/imagazine.it\/wp-content\/uploads\/2024\/01\/39399-1-1024x682.webp",1024,682,true],"newsup-medium":["https:\/\/imagazine.it\/wp-content\/uploads\/2024\/01\/39399-1-720x380.webp",720,380,true],"tptn_thumbnail":["https:\/\/imagazine.it\/wp-content\/uploads\/2024\/01\/39399-1.webp",250,166,false],"sow-carousel-default":["https:\/\/imagazine.it\/wp-content\/uploads\/2024\/01\/39399-1-272x182.webp",272,182,true]},"rttpg_author":{"display_name":"redazione","author_link":"https:\/\/imagazine.it\/home_desk\/author\/redazione\/"},"rttpg_comment":0,"rttpg_category":"<a href=\"https:\/\/imagazine.it\/home_desk\/category\/turismo\/\" rel=\"category tag\">TURISMO<\/a>","rttpg_excerpt":"Per il perdurare della situazione pandemica","_links":{"self":[{"href":"https:\/\/imagazine.it\/home_desk\/wp-json\/wp\/v2\/posts\/38679","targetHints":{"allow":["GET"]}}],"collection":[{"href":"https:\/\/imagazine.it\/home_desk\/wp-json\/wp\/v2\/posts"}],"about":[{"href":"https:\/\/imagazine.it\/home_desk\/wp-json\/wp\/v2\/types\/post"}],"author":[{"embeddable":true,"href":"https:\/\/imagazine.it\/home_desk\/wp-json\/wp\/v2\/users\/28"}],"replies":[{"embeddable":true,"href":"https:\/\/imagazine.it\/home_desk\/wp-json\/wp\/v2\/comments?post=38679"}],"version-history":[{"count":0,"href":"https:\/\/imagazine.it\/home_desk\/wp-json\/wp\/v2\/posts\/38679\/revisions"}],"wp:featuredmedia":[{"embeddable":true,"href":"https:\/\/imagazine.it\/home_desk\/wp-json\/wp\/v2\/media\/38680"}],"wp:attachment":[{"href":"https:\/\/imagazine.it\/home_desk\/wp-json\/wp\/v2\/media?parent=38679"}],"wp:term":[{"taxonomy":"category","embeddable":true,"href":"https:\/\/imagazine.it\/home_desk\/wp-json\/wp\/v2\/categories?post=38679"},{"taxonomy":"post_tag","embeddable":true,"href":"https:\/\/imagazine.it\/home_desk\/wp-json\/wp\/v2\/tags?post=38679"}],"curies":[{"name":"wp","href":"https:\/\/api.w.org\/{rel}","templated":true}]}}