{"id":38673,"date":"2021-04-22T00:00:00","date_gmt":"2021-04-21T23:00:00","guid":{"rendered":"https:\/\/imagazine.it\/?p=38673"},"modified":"2021-04-22T00:00:00","modified_gmt":"2021-04-21T23:00:00","slug":"gorizia-tamponi-rapidi-anche-in-farmacia-comunale","status":"publish","type":"post","link":"https:\/\/imagazine.it\/home_desk\/gorizia-tamponi-rapidi-anche-in-farmacia-comunale\/","title":{"rendered":"Gorizia, tamponi rapidi anche in farmacia comunale"},"content":{"rendered":"<p> \tAnche le farmacie comunali di <strong>Gorizia<\/strong>, nella fattispecie la struttura presente a <strong>Sant\u2019Anna<\/strong>,\u00a0hanno attivato il servizio per l\u2019esecuzione del tampone antigenico rapido per verificare la presenza del virus Sars-cov2.<\/p>\n<p> \tA comunicarlo \u00e8 il presidente del consiglio di amministrazione dell\u2019Azienda speciale farmaceutica di Gorizia, <strong>Francesco Isoldi<\/strong>.\u00a0\u00a0<\/p>\n<p> \t\u201cDavanti alla sede di Sant\u2019Anna &#8211; spiega Isoldi &#8211; \u00e8 stato allestito un gazebo dove saranno effettuati i tamponi\u00a0con l&#39;ausilio di personale qualificato. Tale attivit\u00e0 sar\u00e0 concentrata in giornate diverse da quelle delle altre farmacie che hanno avviato lo stesso servizio, proprio per dare maggiore copertura e possibilit\u00e0 al pubblico in questo momento di criticit\u00e0 in cui \u00e8 fondamentale la sinergia tra tutte le realt\u00e0 coinvolte, secondo le indicazioni di Federfarma&#8221;.<\/p>\n<p> \tCome spiega il direttore, <strong>Filippo Barreca<\/strong>, \u201cil servizio inerente l\u2019esecuzione dei tamponi sar\u00e0 disponibile ogni gioved\u00ec mattina dalle 9 alle 12\u00a0e venerd\u00ec pomeriggio dalle 16 alle 19. A partire dal 15 maggio si potr\u00e0 effettuare il tampone anche\u00a0il sabato mattina per\u00f2 a settimane alterne. Le prenotazioni potranno essere effettuate nella stessa farmacia di Sant\u2019Anna sia telefonicamente che di persona. <strong>Il costo per ogni tampone sar\u00e0 di 26 euro<\/strong>\u201d.<\/p>\n<p> \t\u201cL\u2019attivazione del servizio a Sant\u2019Anna &#8211; afferma l\u2019assessore comunale al welfare, <strong>Silvana Romano<\/strong> &#8211; va ad accrescere una disponibilit\u00e0 gi\u00e0 esistente, visto che ci sono altre farmacie effettuano queste prestazioni, nell\u2019interesse della comunit\u00e0 ed \u00e8 senz\u2019altro molto positivo che ci sia stato un coordinamento per concertare giornate e orari in modo tale da coprire quanti pi\u00f9 spazi temporali possibili\u201d.<\/p>\n","protected":false},"excerpt":{"rendered":"<p>Nella sede di Sant&#8217;Anna<\/p>\n","protected":false},"author":28,"featured_media":38674,"comment_status":"closed","ping_status":"closed","sticky":false,"template":"","format":"standard","meta":{"dwc-title":[],"dwc-content":[],"footnotes":""},"categories":[5],"tags":[],"class_list":["post-38673","post","type-post","status-publish","format-standard","has-post-thumbnail","hentry","category-attualita"],"rttpg_featured_image_url":{"full":["https:\/\/imagazine.it\/wp-content\/uploads\/2024\/01\/39393-1.webp",2048,1536,false],"landscape":["https:\/\/imagazine.it\/wp-content\/uploads\/2024\/01\/39393-1.webp",2048,1536,false],"portraits":["https:\/\/imagazine.it\/wp-content\/uploads\/2024\/01\/39393-1.webp",2048,1536,false],"thumbnail":["https:\/\/imagazine.it\/wp-content\/uploads\/2024\/01\/39393-1-150x150.webp",150,150,true],"medium":["https:\/\/imagazine.it\/wp-content\/uploads\/2024\/01\/39393-1-300x225.webp",300,225,true],"large":["https:\/\/imagazine.it\/wp-content\/uploads\/2024\/01\/39393-1-1024x768.webp",640,480,true],"thumblist":["https:\/\/imagazine.it\/wp-content\/uploads\/2024\/01\/39393-1.webp",300,225,false],"thumbrelated":["https:\/\/imagazine.it\/wp-content\/uploads\/2024\/01\/39393-1.webp",500,375,false],"meccarouselthumb":["https:\/\/imagazine.it\/wp-content\/uploads\/2024\/01\/39393-1.webp",432,324,false],"gridsquare":["https:\/\/imagazine.it\/wp-content\/uploads\/2024\/01\/39393-1.webp",347,260,false],"tileview":["https:\/\/imagazine.it\/wp-content\/uploads\/2024\/01\/39393-1.webp",300,225,false],"1536x1536":["https:\/\/imagazine.it\/wp-content\/uploads\/2024\/01\/39393-1-1536x1152.webp",1536,1152,true],"2048x2048":["https:\/\/imagazine.it\/wp-content\/uploads\/2024\/01\/39393-1.webp",2048,1536,false],"newsup-slider-full":["https:\/\/imagazine.it\/wp-content\/uploads\/2024\/01\/39393-1-1280x720.webp",1280,720,true],"newsup-featured":["https:\/\/imagazine.it\/wp-content\/uploads\/2024\/01\/39393-1-1024x768.webp",1024,768,true],"newsup-medium":["https:\/\/imagazine.it\/wp-content\/uploads\/2024\/01\/39393-1-720x380.webp",720,380,true],"tptn_thumbnail":["https:\/\/imagazine.it\/wp-content\/uploads\/2024\/01\/39393-1.webp",250,188,false],"sow-carousel-default":["https:\/\/imagazine.it\/wp-content\/uploads\/2024\/01\/39393-1-272x182.webp",272,182,true]},"rttpg_author":{"display_name":"redazione","author_link":"https:\/\/imagazine.it\/home_desk\/author\/redazione\/"},"rttpg_comment":0,"rttpg_category":"<a href=\"https:\/\/imagazine.it\/home_desk\/category\/attualita\/\" rel=\"category tag\">ATTUALIT\u00c0<\/a>","rttpg_excerpt":"Nella sede di Sant'Anna","_links":{"self":[{"href":"https:\/\/imagazine.it\/home_desk\/wp-json\/wp\/v2\/posts\/38673","targetHints":{"allow":["GET"]}}],"collection":[{"href":"https:\/\/imagazine.it\/home_desk\/wp-json\/wp\/v2\/posts"}],"about":[{"href":"https:\/\/imagazine.it\/home_desk\/wp-json\/wp\/v2\/types\/post"}],"author":[{"embeddable":true,"href":"https:\/\/imagazine.it\/home_desk\/wp-json\/wp\/v2\/users\/28"}],"replies":[{"embeddable":true,"href":"https:\/\/imagazine.it\/home_desk\/wp-json\/wp\/v2\/comments?post=38673"}],"version-history":[{"count":0,"href":"https:\/\/imagazine.it\/home_desk\/wp-json\/wp\/v2\/posts\/38673\/revisions"}],"wp:featuredmedia":[{"embeddable":true,"href":"https:\/\/imagazine.it\/home_desk\/wp-json\/wp\/v2\/media\/38674"}],"wp:attachment":[{"href":"https:\/\/imagazine.it\/home_desk\/wp-json\/wp\/v2\/media?parent=38673"}],"wp:term":[{"taxonomy":"category","embeddable":true,"href":"https:\/\/imagazine.it\/home_desk\/wp-json\/wp\/v2\/categories?post=38673"},{"taxonomy":"post_tag","embeddable":true,"href":"https:\/\/imagazine.it\/home_desk\/wp-json\/wp\/v2\/tags?post=38673"}],"curies":[{"name":"wp","href":"https:\/\/api.w.org\/{rel}","templated":true}]}}