{"id":38661,"date":"2021-04-21T00:00:00","date_gmt":"2021-04-20T23:00:00","guid":{"rendered":"https:\/\/imagazine.it\/?p=38661"},"modified":"2021-04-21T00:00:00","modified_gmt":"2021-04-20T23:00:00","slug":"gonars-domenica-lingresso-del-parroco-motociclista","status":"publish","type":"post","link":"https:\/\/imagazine.it\/home_desk\/gonars-domenica-lingresso-del-parroco-motociclista\/","title":{"rendered":"Gonars, domenica l&#8217;ingresso del parroco motociclista"},"content":{"rendered":"<p> \tDomenica 25 aprile <strong>don Michele Zanon<\/strong>, alle 17, far\u00e0 l&#39;ingresso nelle sue nuove destinazioni parrocchiali di <strong>Bicinicco <\/strong>(San Pietro Apostolo), Felettis, Gris-Cuccana, <strong>Gonars <\/strong>(San Canciano Martire), Fauglis, Ontagnano, <strong>Santa Maria la Longa <\/strong>(Santa Maria Assunta), Mereto di Capitolo, S. Stefano e Tissano, con una Messa nella <strong>chiesa di Gonars dedicata a San Canciano Martire<\/strong>.<\/p>\n<p> \tAd attendere il sacerdote sul sagrato della chiesa saranno i tre sindaci delle parrocchie interessate: <strong>Fabio Petten\u00e0<\/strong>, sindaco di Santa Maria la Longa, <strong>Ivan Boemo<\/strong>, sindaco di Gonars, e <strong>Paola Turello<\/strong>, sindaco di Bicinicco.<\/p>\n<p> \tLa nomina \u00e8 stata voluta dall&#39;arcivescovo di Udine, <strong>monsignor Bruno Andrea Mazzocato<\/strong>: don Michele sostituir\u00e0 don Massimiliano Zanandrea, scomparso lo scorso luglio.<\/p>\n<p> \tDon Zanon ha definito il nuovo incarico \u201cinaspettato, uno &#8220;scossone&#8221;, al quale ho per\u00f2 risposto con &#8220;s\u00ec&#8221;, consapevole che questo \u00e8 scritto nel cammino della Chiesa diocesana: essere presenti laddove c&#39;\u00e8 bisogno\u201d.<\/p>\n<p> \tIl parroco ha 49 anni ed \u00e8 originario di Cividale; a lui \u00e8 ora affidata la cura delle tre comunit\u00e0 all&#39;interno della Forania del Friuli Centrale.<\/p>\n<p> \tDomenica scorsa don Michele ha salutato le sue parrocchie di San Pietro al Natisone, Erbezzo, Brischis, Antro, che guidava dal 2015.<\/p>\n<p> \tIl sacerdote ha espresso il vivo desiderio di conoscere le nuove comunit\u00e0, compatibilmente con le precauzioni che saranno necessarie in tempo di pandemia.<\/p>\n<p> \tDon Michele si \u00e8 fatto conoscere e apprezzare come &#8220;il prete motociclista&#8221; del gruppo &#8220;Cavalieri delle nubi&#8221;, perch\u00e9 nel febbraio 2020 \u00e8 partito assieme ad altri motociclisti per una missione benefica in Togo: consegnare due moto attrezzate alle suore di una missione che assiste i malati di Aids, per consentire loro di raggiungere agevolmente anche i villaggi pi\u00f9 sperduti. Inoltre, ogni anno organizza un raduno di motociclisti a Tricesimo con i quali raccoglie fondi che poi vengono destinati alle missioni in Africa, per aiutare bambini e malati.<\/p>\n","protected":false},"excerpt":{"rendered":"<p>Nella chiesa di San Canciano<\/p>\n","protected":false},"author":22,"featured_media":38662,"comment_status":"closed","ping_status":"closed","sticky":false,"template":"","format":"standard","meta":{"dwc-title":[],"dwc-content":[],"footnotes":""},"categories":[5],"tags":[],"class_list":["post-38661","post","type-post","status-publish","format-standard","has-post-thumbnail","hentry","category-attualita"],"rttpg_featured_image_url":{"full":["https:\/\/imagazine.it\/wp-content\/uploads\/2024\/01\/39384-1.webp",800,705,false],"landscape":["https:\/\/imagazine.it\/wp-content\/uploads\/2024\/01\/39384-1.webp",800,705,false],"portraits":["https:\/\/imagazine.it\/wp-content\/uploads\/2024\/01\/39384-1.webp",800,705,false],"thumbnail":["https:\/\/imagazine.it\/wp-content\/uploads\/2024\/01\/39384-1-150x150.webp",150,150,true],"medium":["https:\/\/imagazine.it\/wp-content\/uploads\/2024\/01\/39384-1-300x264.webp",300,264,true],"large":["https:\/\/imagazine.it\/wp-content\/uploads\/2024\/01\/39384-1.webp",640,564,false],"thumblist":["https:\/\/imagazine.it\/wp-content\/uploads\/2024\/01\/39384-1.webp",300,264,false],"thumbrelated":["https:\/\/imagazine.it\/wp-content\/uploads\/2024\/01\/39384-1.webp",500,441,false],"meccarouselthumb":["https:\/\/imagazine.it\/wp-content\/uploads\/2024\/01\/39384-1.webp",368,324,false],"gridsquare":["https:\/\/imagazine.it\/wp-content\/uploads\/2024\/01\/39384-1.webp",295,260,false],"tileview":["https:\/\/imagazine.it\/wp-content\/uploads\/2024\/01\/39384-1.webp",300,264,false],"1536x1536":["https:\/\/imagazine.it\/wp-content\/uploads\/2024\/01\/39384-1.webp",800,705,false],"2048x2048":["https:\/\/imagazine.it\/wp-content\/uploads\/2024\/01\/39384-1.webp",800,705,false],"newsup-slider-full":["https:\/\/imagazine.it\/wp-content\/uploads\/2024\/01\/39384-1.webp",800,705,false],"newsup-featured":["https:\/\/imagazine.it\/wp-content\/uploads\/2024\/01\/39384-1.webp",800,705,false],"newsup-medium":["https:\/\/imagazine.it\/wp-content\/uploads\/2024\/01\/39384-1-720x380.webp",720,380,true],"tptn_thumbnail":["https:\/\/imagazine.it\/wp-content\/uploads\/2024\/01\/39384-1.webp",238,210,false],"sow-carousel-default":["https:\/\/imagazine.it\/wp-content\/uploads\/2024\/01\/39384-1-272x182.webp",272,182,true]},"rttpg_author":{"display_name":"Livio Nonis","author_link":"https:\/\/imagazine.it\/home_desk\/author\/nonis\/"},"rttpg_comment":0,"rttpg_category":"<a href=\"https:\/\/imagazine.it\/home_desk\/category\/attualita\/\" rel=\"category tag\">ATTUALIT\u00c0<\/a>","rttpg_excerpt":"Nella chiesa di San Canciano","_links":{"self":[{"href":"https:\/\/imagazine.it\/home_desk\/wp-json\/wp\/v2\/posts\/38661","targetHints":{"allow":["GET"]}}],"collection":[{"href":"https:\/\/imagazine.it\/home_desk\/wp-json\/wp\/v2\/posts"}],"about":[{"href":"https:\/\/imagazine.it\/home_desk\/wp-json\/wp\/v2\/types\/post"}],"author":[{"embeddable":true,"href":"https:\/\/imagazine.it\/home_desk\/wp-json\/wp\/v2\/users\/22"}],"replies":[{"embeddable":true,"href":"https:\/\/imagazine.it\/home_desk\/wp-json\/wp\/v2\/comments?post=38661"}],"version-history":[{"count":0,"href":"https:\/\/imagazine.it\/home_desk\/wp-json\/wp\/v2\/posts\/38661\/revisions"}],"wp:featuredmedia":[{"embeddable":true,"href":"https:\/\/imagazine.it\/home_desk\/wp-json\/wp\/v2\/media\/38662"}],"wp:attachment":[{"href":"https:\/\/imagazine.it\/home_desk\/wp-json\/wp\/v2\/media?parent=38661"}],"wp:term":[{"taxonomy":"category","embeddable":true,"href":"https:\/\/imagazine.it\/home_desk\/wp-json\/wp\/v2\/categories?post=38661"},{"taxonomy":"post_tag","embeddable":true,"href":"https:\/\/imagazine.it\/home_desk\/wp-json\/wp\/v2\/tags?post=38661"}],"curies":[{"name":"wp","href":"https:\/\/api.w.org\/{rel}","templated":true}]}}