{"id":38655,"date":"2021-04-21T00:00:00","date_gmt":"2021-04-20T23:00:00","guid":{"rendered":"https:\/\/imagazine.it\/?p=38655"},"modified":"2021-04-21T00:00:00","modified_gmt":"2021-04-20T23:00:00","slug":"palmanova-trasporto-vaccini-grazie-alla-protezione-civile","status":"publish","type":"post","link":"https:\/\/imagazine.it\/home_desk\/palmanova-trasporto-vaccini-grazie-alla-protezione-civile\/","title":{"rendered":"Palmanova, trasporto vaccini grazie alla Protezione Civile"},"content":{"rendered":"<p> \t<strong>Fino a tre squadre della Protezione Civile comunale<\/strong>\u00a0di Palmanova sono impegnate giornalmente nel supportare la popolazione e le strutture sanitarie nella gestione dell\u2019emergenza.\u00a0<\/p>\n<p> \t<strong>Ogni giorno, infatti, i volontari vengono attivati nel trasporto vaccini<\/strong>, dall\u2019Ospedale di Udine a quello di Palmanova e rientro per la consegna degli speciali box.\u00a0<strong>Presidiano e supportano il centro drive-in tamponi<\/strong>\u00a0attivo all\u2019ex caserma Piave e continuano con le attivit\u00e0 di assistenza alla popolazione, nella\u00a0<strong>consegna a domicilio di generi alimentari e di prima necessit\u00e0<\/strong>\u00a0alle persone anziane o in difficolt\u00e0.<\/p>\n<p> \tIl servizio di\u00a0<strong>trasporto dei vaccini anticovid<\/strong>, avviato luned\u00ec 22 febbraio 2021, vede gi\u00e0, ad ora, nove settimane di servizio giornaliero, dal luned\u00ec al venerd\u00ec, per\u00a0<strong>un totale di oltre 45 giornate d\u2019impegno<\/strong>. Due volontari, a ogni viaggio, garantiscono l&#39;arrivo del box refrigerato a destinazione oltre a eventuali materiali di consumo, come siringhe per le somministrazioni domiciliari. La fornitura dei vaccini \u00e8 per l&#39;ospedale di Palmanova, che riceve e smista anche per le RSA della Bassa Friulana. Ogni viaggio prevede 117 km per un totale di 2 ore e mezza totali.<\/p>\n<p> \tLa\u00a0<strong>sorveglianza al centro drive-in tamponi<\/strong>\u00a0all\u2019ex caserma Piave ha preso il via il 29 dicembre 2020.\u00a0Sono quindi ventuno settimane di servizio con la presenza di tre volontari per due giorni a settimana per due ore.\u00a0Il compito \u00e8 relativo al controllo delle persone in lista per il tampone oltre al corretto afflusso e deflusso dalla zona di prelievo del campione.<\/p>\n<p> \tNel marzo 2020, il Comune di Palmanova ha attivato un\u00a0<strong>servizio di assistenza alla popolazione<\/strong>\u00a0anziana e in difficolt\u00e0 che prevede la consegna a domicilio di generali alimentari o di prima necessit\u00e0. Per la Protezione Civile comunale sono\u00a0<strong>oltre 50 settimane di servizio a giorni variabili<\/strong>.<\/p>\n","protected":false},"excerpt":{"rendered":"<p>Servizio operativo da febbraio<\/p>\n","protected":false},"author":28,"featured_media":38656,"comment_status":"closed","ping_status":"closed","sticky":false,"template":"","format":"standard","meta":{"dwc-title":[],"dwc-content":[],"footnotes":""},"categories":[5],"tags":[],"class_list":["post-38655","post","type-post","status-publish","format-standard","has-post-thumbnail","hentry","category-attualita"],"rttpg_featured_image_url":{"full":["https:\/\/imagazine.it\/wp-content\/uploads\/2024\/01\/39377-1.webp",1000,709,false],"landscape":["https:\/\/imagazine.it\/wp-content\/uploads\/2024\/01\/39377-1.webp",1000,709,false],"portraits":["https:\/\/imagazine.it\/wp-content\/uploads\/2024\/01\/39377-1.webp",1000,709,false],"thumbnail":["https:\/\/imagazine.it\/wp-content\/uploads\/2024\/01\/39377-1-150x150.webp",150,150,true],"medium":["https:\/\/imagazine.it\/wp-content\/uploads\/2024\/01\/39377-1-300x213.webp",300,213,true],"large":["https:\/\/imagazine.it\/wp-content\/uploads\/2024\/01\/39377-1.webp",640,454,false],"thumblist":["https:\/\/imagazine.it\/wp-content\/uploads\/2024\/01\/39377-1.webp",300,213,false],"thumbrelated":["https:\/\/imagazine.it\/wp-content\/uploads\/2024\/01\/39377-1.webp",500,355,false],"meccarouselthumb":["https:\/\/imagazine.it\/wp-content\/uploads\/2024\/01\/39377-1.webp",457,324,false],"gridsquare":["https:\/\/imagazine.it\/wp-content\/uploads\/2024\/01\/39377-1.webp",367,260,false],"tileview":["https:\/\/imagazine.it\/wp-content\/uploads\/2024\/01\/39377-1.webp",300,213,false],"1536x1536":["https:\/\/imagazine.it\/wp-content\/uploads\/2024\/01\/39377-1.webp",1000,709,false],"2048x2048":["https:\/\/imagazine.it\/wp-content\/uploads\/2024\/01\/39377-1.webp",1000,709,false],"newsup-slider-full":["https:\/\/imagazine.it\/wp-content\/uploads\/2024\/01\/39377-1.webp",1000,709,false],"newsup-featured":["https:\/\/imagazine.it\/wp-content\/uploads\/2024\/01\/39377-1.webp",1000,709,false],"newsup-medium":["https:\/\/imagazine.it\/wp-content\/uploads\/2024\/01\/39377-1-720x380.webp",720,380,true],"tptn_thumbnail":["https:\/\/imagazine.it\/wp-content\/uploads\/2024\/01\/39377-1.webp",250,177,false],"sow-carousel-default":["https:\/\/imagazine.it\/wp-content\/uploads\/2024\/01\/39377-1-272x182.webp",272,182,true]},"rttpg_author":{"display_name":"redazione","author_link":"https:\/\/imagazine.it\/home_desk\/author\/redazione\/"},"rttpg_comment":0,"rttpg_category":"<a href=\"https:\/\/imagazine.it\/home_desk\/category\/attualita\/\" rel=\"category tag\">ATTUALIT\u00c0<\/a>","rttpg_excerpt":"Servizio operativo da febbraio","_links":{"self":[{"href":"https:\/\/imagazine.it\/home_desk\/wp-json\/wp\/v2\/posts\/38655","targetHints":{"allow":["GET"]}}],"collection":[{"href":"https:\/\/imagazine.it\/home_desk\/wp-json\/wp\/v2\/posts"}],"about":[{"href":"https:\/\/imagazine.it\/home_desk\/wp-json\/wp\/v2\/types\/post"}],"author":[{"embeddable":true,"href":"https:\/\/imagazine.it\/home_desk\/wp-json\/wp\/v2\/users\/28"}],"replies":[{"embeddable":true,"href":"https:\/\/imagazine.it\/home_desk\/wp-json\/wp\/v2\/comments?post=38655"}],"version-history":[{"count":0,"href":"https:\/\/imagazine.it\/home_desk\/wp-json\/wp\/v2\/posts\/38655\/revisions"}],"wp:featuredmedia":[{"embeddable":true,"href":"https:\/\/imagazine.it\/home_desk\/wp-json\/wp\/v2\/media\/38656"}],"wp:attachment":[{"href":"https:\/\/imagazine.it\/home_desk\/wp-json\/wp\/v2\/media?parent=38655"}],"wp:term":[{"taxonomy":"category","embeddable":true,"href":"https:\/\/imagazine.it\/home_desk\/wp-json\/wp\/v2\/categories?post=38655"},{"taxonomy":"post_tag","embeddable":true,"href":"https:\/\/imagazine.it\/home_desk\/wp-json\/wp\/v2\/tags?post=38655"}],"curies":[{"name":"wp","href":"https:\/\/api.w.org\/{rel}","templated":true}]}}