{"id":38631,"date":"2021-04-20T00:00:00","date_gmt":"2021-04-19T23:00:00","guid":{"rendered":"https:\/\/imagazine.it\/?p=38631"},"modified":"2021-04-20T00:00:00","modified_gmt":"2021-04-19T23:00:00","slug":"giovani-e-covid-gorizia-da-parola-alla-psicologa","status":"publish","type":"post","link":"https:\/\/imagazine.it\/home_desk\/giovani-e-covid-gorizia-da-parola-alla-psicologa\/","title":{"rendered":"Giovani e covid, Gorizia d\u00e0 parola alla psicologa"},"content":{"rendered":"<p> \tCapire com\u2019\u00e8 cambiata nell\u2019ultimo anno la vita dei giovani, affrontare insieme le difficolt\u00e0 e dare un supporto alle loro famiglie.<\/p>\n<p> \tQuesti i temi che <strong>dal 21 aprile al 6 maggio<\/strong> la psicologa <strong>Marta Vidoz<\/strong> tratter\u00e0 in una serie di approfondimenti promossi dall\u2019assessorato alle Politiche giovanili del Comune di <strong>Gorizia<\/strong>, attraverso i servizi Punto Giovani e Informagiovani\/Eurodesk, e ospitati sul profilo Instagram @puntogiovanigo.<\/p>\n<p> \tCiascuno dei tre appuntamenti con la psicologa sar\u00e0 preceduto, il giorno prima, da un post, sempre sullo stesso profilo, che anticiper\u00e0 i contenuti del tema che sar\u00e0 affrontato il giorno successivo.<\/p>\n<p> \tIl primo intervento della psicologa sar\u00e0 focalizzato sui cambiamenti che la pandemia ha provocato anche nella vita dei pi\u00f9 giovani, dalla didattica a distanza alle limitazioni in molte attivit\u00e0 che caratterizzavano il loro tempo libero.<\/p>\n<p> \tSeguiranno un focus su come \u00e8 possibile gestire e affrontare le difficolt\u00e0 provocate da questi cambiamenti e infine un intervento conclusivo dedicato ai genitori su come poter aiutare i propri figli.<\/p>\n<p> \t\u201cStiamo vivendo un periodo di difficolt\u00e0 per tutti \u2013 afferma dell\u2019assessore alle politiche giovanili, <strong>Marilena Bernobich<\/strong> \u2013 e anche i giovani stanno soffrendo i tanti cambiamenti che la pandemia ha imposto alle nostre abitudini. Trascorrendo le giornate a casa, si creano situazioni che possono trasformarsi, nei casi pi\u00f9 estremi, in fonde di profondo disagio. Spero che questi incontri possano essere un\u2019opportunit\u00e0 di confronto per affrontare insieme le difficolt\u00e0 di questo periodo, offrendo anche ai genitori spunti per dare supporto ai propri figli\u201d.<\/p>\n<p> \tGli interventi della psicologa saranno pubblicati il <strong>22 aprile, 29 aprile e 6 maggio<\/strong>.<\/p>\n","protected":false},"excerpt":{"rendered":"<p>Tre appuntamenti online<\/p>\n","protected":false},"author":28,"featured_media":38632,"comment_status":"closed","ping_status":"closed","sticky":false,"template":"","format":"standard","meta":{"dwc-title":[],"dwc-content":[],"footnotes":""},"categories":[5],"tags":[],"class_list":["post-38631","post","type-post","status-publish","format-standard","has-post-thumbnail","hentry","category-attualita"],"rttpg_featured_image_url":{"full":["https:\/\/imagazine.it\/wp-content\/uploads\/2024\/01\/39345-1.webp",1920,1010,false],"landscape":["https:\/\/imagazine.it\/wp-content\/uploads\/2024\/01\/39345-1.webp",1920,1010,false],"portraits":["https:\/\/imagazine.it\/wp-content\/uploads\/2024\/01\/39345-1.webp",1920,1010,false],"thumbnail":["https:\/\/imagazine.it\/wp-content\/uploads\/2024\/01\/39345-1-150x150.webp",150,150,true],"medium":["https:\/\/imagazine.it\/wp-content\/uploads\/2024\/01\/39345-1-300x158.webp",300,158,true],"large":["https:\/\/imagazine.it\/wp-content\/uploads\/2024\/01\/39345-1-1024x539.webp",640,337,true],"thumblist":["https:\/\/imagazine.it\/wp-content\/uploads\/2024\/01\/39345-1.webp",300,158,false],"thumbrelated":["https:\/\/imagazine.it\/wp-content\/uploads\/2024\/01\/39345-1.webp",500,263,false],"meccarouselthumb":["https:\/\/imagazine.it\/wp-content\/uploads\/2024\/01\/39345-1.webp",474,249,false],"gridsquare":["https:\/\/imagazine.it\/wp-content\/uploads\/2024\/01\/39345-1.webp",391,206,false],"tileview":["https:\/\/imagazine.it\/wp-content\/uploads\/2024\/01\/39345-1.webp",300,158,false],"1536x1536":["https:\/\/imagazine.it\/wp-content\/uploads\/2024\/01\/39345-1-1536x808.webp",1536,808,true],"2048x2048":["https:\/\/imagazine.it\/wp-content\/uploads\/2024\/01\/39345-1.webp",1920,1010,false],"newsup-slider-full":["https:\/\/imagazine.it\/wp-content\/uploads\/2024\/01\/39345-1-1280x720.webp",1280,720,true],"newsup-featured":["https:\/\/imagazine.it\/wp-content\/uploads\/2024\/01\/39345-1-1024x539.webp",1024,539,true],"newsup-medium":["https:\/\/imagazine.it\/wp-content\/uploads\/2024\/01\/39345-1-720x380.webp",720,380,true],"tptn_thumbnail":["https:\/\/imagazine.it\/wp-content\/uploads\/2024\/01\/39345-1.webp",250,132,false],"sow-carousel-default":["https:\/\/imagazine.it\/wp-content\/uploads\/2024\/01\/39345-1-272x182.webp",272,182,true]},"rttpg_author":{"display_name":"redazione","author_link":"https:\/\/imagazine.it\/home_desk\/author\/redazione\/"},"rttpg_comment":0,"rttpg_category":"<a href=\"https:\/\/imagazine.it\/home_desk\/category\/attualita\/\" rel=\"category tag\">ATTUALIT\u00c0<\/a>","rttpg_excerpt":"Tre appuntamenti online","_links":{"self":[{"href":"https:\/\/imagazine.it\/home_desk\/wp-json\/wp\/v2\/posts\/38631","targetHints":{"allow":["GET"]}}],"collection":[{"href":"https:\/\/imagazine.it\/home_desk\/wp-json\/wp\/v2\/posts"}],"about":[{"href":"https:\/\/imagazine.it\/home_desk\/wp-json\/wp\/v2\/types\/post"}],"author":[{"embeddable":true,"href":"https:\/\/imagazine.it\/home_desk\/wp-json\/wp\/v2\/users\/28"}],"replies":[{"embeddable":true,"href":"https:\/\/imagazine.it\/home_desk\/wp-json\/wp\/v2\/comments?post=38631"}],"version-history":[{"count":0,"href":"https:\/\/imagazine.it\/home_desk\/wp-json\/wp\/v2\/posts\/38631\/revisions"}],"wp:featuredmedia":[{"embeddable":true,"href":"https:\/\/imagazine.it\/home_desk\/wp-json\/wp\/v2\/media\/38632"}],"wp:attachment":[{"href":"https:\/\/imagazine.it\/home_desk\/wp-json\/wp\/v2\/media?parent=38631"}],"wp:term":[{"taxonomy":"category","embeddable":true,"href":"https:\/\/imagazine.it\/home_desk\/wp-json\/wp\/v2\/categories?post=38631"},{"taxonomy":"post_tag","embeddable":true,"href":"https:\/\/imagazine.it\/home_desk\/wp-json\/wp\/v2\/tags?post=38631"}],"curies":[{"name":"wp","href":"https:\/\/api.w.org\/{rel}","templated":true}]}}