{"id":38629,"date":"2021-04-20T00:00:00","date_gmt":"2021-04-19T23:00:00","guid":{"rendered":"https:\/\/imagazine.it\/?p=38629"},"modified":"2021-04-20T00:00:00","modified_gmt":"2021-04-19T23:00:00","slug":"disegnare-con-le-parole","status":"publish","type":"post","link":"https:\/\/imagazine.it\/home_desk\/disegnare-con-le-parole\/","title":{"rendered":"Disegnare con le parole"},"content":{"rendered":"<p> \tL\u2019amore, la natura, il rispetto, sono le cellule del nucleo tematico, estetico e esistenziale della poetica di <strong>Carmelo Mirenda<\/strong>. Scheletro, respiro e muscoli delle liriche contenute nella raccolta dal titolo <em>Refusi dell\u2019anima<\/em>, edito da Armenio Editore, uscito nella nuova edizione nel 2020.<\/p>\n<p> \tTesti che sono gocce di pioggia, ora dolci e tiepide, ora salate e sferzanti come onde del mare siculo sulle cui sponde il poeta \u00e8 nato e ha vissuto la sua infanzia, prima di essere sradicato dalla terra dei suoi giochi e primi affetti famigliari.<\/p>\n<p> \tLiriche, che come refusi, errori scaturiti da scambi accidentali, possono diventare \u201c<em>piccole gocce d\u2019acqua, amiche esaurite al sole<\/em>\u201d si legge in <em>Gocce d\u2019acqua gelata<\/em>.<\/p>\n<p> \tParole e rime che sono il racconto di una vita vissuta poeticamente, guardando alle gioie e alle difficolt\u00e0 con sguardo oggi pacato, ieri colmo di sete di vita. Uno sguardo fatto parola con urgenza esistenziale: \u201c<em>affinch\u00e9 la mia vita non sia un segreto<\/em>\u201d, scrive l\u2019autore accogliendo il lettore all\u2019ingresso di \u201c<em>Madrigali e poesie, dedicate alle persone che ritrovo attorno a me<\/em> (\u201c<em>Il tempo libero<\/em>\u201d)\u201d.<\/p>\n<p> \tUn sguardo improntato a una filosofia di cristallina limpidezza, scienza e coscienza di un\u2019esistenza vissuta intensamente, dove emozioni, sentimenti, dolore, sorrisi e sconfitte son incisi sulla pelle e nell\u2019anima del poeta.<\/p>\n<p> \tLiriche che paventano sensualit\u00e0 morigerata, esaltazione della figura femminile, idealizzata, rispettata e contemplata. Un archetipo di donna capita anche quando i sentimenti finiscono ma nel cuore del poeta \u201c<em>neppure la tempesta marina<\/em>\u201d potr\u00e0 cancellare il nome dell\u2019amata.<\/p>\n<p> \tUna poetica le cui radici si nutrono di elementi fortemente biografici. Come in <em>Destino<\/em>, una quasi ballata di ampio respiro per raccontare in rima i tanti passi calpestando \u201c<em>il torvo sentiero della vita<\/em>\u201d. La necessit\u00e0 di crescere velocemente quando la sorte impone dolori troppo grandi per un bambino. I genitori, figure mai sbiadite, nella scala di valori del poeta, riaffiorano e sono protagonisti di vari scritti.<\/p>\n<p> \tTanti sono i temi che si impongono nell\u2019attivit\u00e0 creativa di scrittura dell\u2019autore: il senso misterioso del divino, la spiritualit\u00e0 che trova umanit\u00e0 e simboli nella forza dei riti religiosi ma anche l\u2019attualit\u00e0 di eventi e personaggi della cronaca, come le rime dedicate all\u2019efferato delitto di Yara Gambirasio e allo sfortunato incidente in gara di Marco Simoncelli.<\/p>\n<p> \tDisegna con le parole Carmelo Mirenda e dai versi nasce una stella cometa, simbolo di mistero ma anche concretezza di materia: parole e poesia che sono segno.<\/p>\n<p> \t\u201c<em>L\u2019amore \u00e8 il senso vero della vita<\/em> \u2013 non si stanca di ricordare Mirenda \u2013. <em>Amore verso noi stessi, verso gli altri ma anche verso la Natura che dobbiamo rispettare e proteggere. L\u2019essere umano le deve tutto, non esiste senza di lei<\/em>\u201d.<\/p>\n<p> \tNato a Brolo, in provincia di Messina, nel 1949, Carmelo Mirenda \u00e8 uomo forgiato dalla vita, la sua curiosit\u00e0 vivace, il suo essere cittadino del mondo lo hanno portato lontano dall\u2019amata Sicilia, al nord come molti suoi concittadini. In Lombardia e Veneto, in cerca di lavoro e prospettive. Un lungo cammino il suo nel quale ha scoperto l\u2019essenza della sua natura e l\u2019ha resa in rime per offrirla e condividerla con il lettore. Concetto che si svela nella poesia <em>Incantesimo<\/em>: \u201c<em>Il canto d\u2019una sirena f\u00e0 tacere gli infiniti desideri<\/em>\u201d. \u00a0<\/p>\n<p> \tOra vive e scrive a <strong>Gradisca d\u2019Isonzo<\/strong>, regalando scritti \u201c<em>con umilt\u00e0 e umanit\u00e0 affinch\u00e9 si possa un giorno essere un corpo unico e liberi come le rondini<\/em>\u201d.<\/p>\n<p> \tLa raccolta poetica <em>Refusi dell\u2019anima<\/em> \u00e8 disponibile nelle librerie e on line.<\/p>\n","protected":false},"excerpt":{"rendered":"<p>Uscito il nuovo libro di Carmelo Mirenda<\/p>\n","protected":false},"author":23,"featured_media":38630,"comment_status":"closed","ping_status":"closed","sticky":false,"template":"","format":"standard","meta":{"dwc-title":[],"dwc-content":[],"footnotes":""},"categories":[37],"tags":[],"class_list":["post-38629","post","type-post","status-publish","format-standard","has-post-thumbnail","hentry","category-cultura-e-spettacolo"],"rttpg_featured_image_url":{"full":["https:\/\/imagazine.it\/wp-content\/uploads\/2024\/01\/39343-1.webp",1000,676,false],"landscape":["https:\/\/imagazine.it\/wp-content\/uploads\/2024\/01\/39343-1.webp",1000,676,false],"portraits":["https:\/\/imagazine.it\/wp-content\/uploads\/2024\/01\/39343-1.webp",1000,676,false],"thumbnail":["https:\/\/imagazine.it\/wp-content\/uploads\/2024\/01\/39343-1-150x150.webp",150,150,true],"medium":["https:\/\/imagazine.it\/wp-content\/uploads\/2024\/01\/39343-1-300x203.webp",300,203,true],"large":["https:\/\/imagazine.it\/wp-content\/uploads\/2024\/01\/39343-1.webp",640,433,false],"thumblist":["https:\/\/imagazine.it\/wp-content\/uploads\/2024\/01\/39343-1.webp",300,203,false],"thumbrelated":["https:\/\/imagazine.it\/wp-content\/uploads\/2024\/01\/39343-1.webp",500,338,false],"meccarouselthumb":["https:\/\/imagazine.it\/wp-content\/uploads\/2024\/01\/39343-1.webp",474,320,false],"gridsquare":["https:\/\/imagazine.it\/wp-content\/uploads\/2024\/01\/39343-1.webp",385,260,false],"tileview":["https:\/\/imagazine.it\/wp-content\/uploads\/2024\/01\/39343-1.webp",300,203,false],"1536x1536":["https:\/\/imagazine.it\/wp-content\/uploads\/2024\/01\/39343-1.webp",1000,676,false],"2048x2048":["https:\/\/imagazine.it\/wp-content\/uploads\/2024\/01\/39343-1.webp",1000,676,false],"newsup-slider-full":["https:\/\/imagazine.it\/wp-content\/uploads\/2024\/01\/39343-1.webp",1000,676,false],"newsup-featured":["https:\/\/imagazine.it\/wp-content\/uploads\/2024\/01\/39343-1.webp",1000,676,false],"newsup-medium":["https:\/\/imagazine.it\/wp-content\/uploads\/2024\/01\/39343-1-720x380.webp",720,380,true],"tptn_thumbnail":["https:\/\/imagazine.it\/wp-content\/uploads\/2024\/01\/39343-1.webp",250,169,false],"sow-carousel-default":["https:\/\/imagazine.it\/wp-content\/uploads\/2024\/01\/39343-1-272x182.webp",272,182,true]},"rttpg_author":{"display_name":"Margherita Reguitti","author_link":"https:\/\/imagazine.it\/home_desk\/author\/reguitti\/"},"rttpg_comment":0,"rttpg_category":"<a href=\"https:\/\/imagazine.it\/home_desk\/category\/cultura-e-spettacolo\/\" rel=\"category tag\">CULTURA&amp;SPETTACOLO<\/a>","rttpg_excerpt":"Uscito il nuovo libro di Carmelo Mirenda","_links":{"self":[{"href":"https:\/\/imagazine.it\/home_desk\/wp-json\/wp\/v2\/posts\/38629","targetHints":{"allow":["GET"]}}],"collection":[{"href":"https:\/\/imagazine.it\/home_desk\/wp-json\/wp\/v2\/posts"}],"about":[{"href":"https:\/\/imagazine.it\/home_desk\/wp-json\/wp\/v2\/types\/post"}],"author":[{"embeddable":true,"href":"https:\/\/imagazine.it\/home_desk\/wp-json\/wp\/v2\/users\/23"}],"replies":[{"embeddable":true,"href":"https:\/\/imagazine.it\/home_desk\/wp-json\/wp\/v2\/comments?post=38629"}],"version-history":[{"count":0,"href":"https:\/\/imagazine.it\/home_desk\/wp-json\/wp\/v2\/posts\/38629\/revisions"}],"wp:featuredmedia":[{"embeddable":true,"href":"https:\/\/imagazine.it\/home_desk\/wp-json\/wp\/v2\/media\/38630"}],"wp:attachment":[{"href":"https:\/\/imagazine.it\/home_desk\/wp-json\/wp\/v2\/media?parent=38629"}],"wp:term":[{"taxonomy":"category","embeddable":true,"href":"https:\/\/imagazine.it\/home_desk\/wp-json\/wp\/v2\/categories?post=38629"},{"taxonomy":"post_tag","embeddable":true,"href":"https:\/\/imagazine.it\/home_desk\/wp-json\/wp\/v2\/tags?post=38629"}],"curies":[{"name":"wp","href":"https:\/\/api.w.org\/{rel}","templated":true}]}}