{"id":38611,"date":"2021-04-19T00:00:00","date_gmt":"2021-04-18T23:00:00","guid":{"rendered":"https:\/\/imagazine.it\/?p=38611"},"modified":"2021-04-19T00:00:00","modified_gmt":"2021-04-18T23:00:00","slug":"medioevo-a-valvasone-conferma-ledizione-2021","status":"publish","type":"post","link":"https:\/\/imagazine.it\/home_desk\/medioevo-a-valvasone-conferma-ledizione-2021\/","title":{"rendered":"Medioevo a Valvasone conferma l&#8217;edizione 2021"},"content":{"rendered":"<p> \tAnnunciate le date dell&#39;edizione 2021 di <strong>Medioevo a Valvasone<\/strong>.\u00a0Gli organizzatori del Grup Artistic Furlan sono pronti ad accogliere nuovamente i visitatori nel centro valvasonese, che fa parte del circuito dei Borghi pi\u00f9 belli d&#39;Italia, <strong>da venerd\u00ec 3 a domenica 5 settembre<\/strong>.\u00a0<\/p>\n<p> \tLa rievocazione si adatter\u00e0 al quadro epidemiologico del momento attrezzandosi per rispettare le prescrizioni sanitarie, confidando di replicare il lavoro sinergico svolto per la passata edizione con Prefettura, Questura e Dipartimento di prevenzione dell&#39;Azienda Sanitaria Friuli Occidentale.<\/p>\n<p> \t&#8220;Nonostante le limitazioni &#8211; ha affermato <strong>Sandra Bono<\/strong>, presidente del Gaf &#8211; lo scorso anno la rievocazione \u00e8 stata apprezzata e molto partecipata e siamo pronti a garantire anche quest&#39;anno al nostro pubblico un tuffo nel passato nel completo rispetto di tutte le prescrizioni sanitarie dettate dalla pandemia da coronavirus, capace nel contempo di ridare vivacit\u00e0 al territorio. La 29esima edizione sar\u00e0, come sempre, una grande sfida, non solo per il particolare periodo, ma anche per la volont\u00e0 del gruppo di proporre qualcosa di nuovo e diverso&#8221;.<\/p>\n<p> \t\u201cIl lieto epilogo della scorsa edizione di Medioevo a Valvasone &#8211; ha aggiunto il sindaco <strong>Markus Maurmair<\/strong> &#8211; con zero contagi dopo i tre giorni rievocativi \u00e8 il presupposto per ripartire anche quest\u2019anno. Esprimo un vivo ringraziamento al direttivo e ai volontari per il rinnovato impegno e la conferma della programmazione per il primo fine settimana di settembre della manifestazione che leggo come un segnale di vero ottimismo per il futuro delle nostre Comunit\u00e0. Di certo staremo attenti all&#39;evoluzione della situazione ma, confidando in una dinamica dei contagi analoga a quella dello scorso anno, praticamente azzerati durante il periodo estivo, e tenuto conto del contesto ancor pi\u00f9 rasserenato dalla prosecuzione delle vaccinazioni e alla luce dei contenuti degli studi che indicano nelle attivit\u00e0 all&#39;esterno una probabilit\u00e0 di contagio pari a zero, affiancheremo il Grup Artistic Furlan nell&#39;organizzazione della manifestazione per garantire ogni sforzo possibile alla buona riuscita dell&#39;evento&#8221;.<\/p>\n<p> \tTra le conferme pure\u00a0la cena medievale ospitata nel chiostro dell\u2019ex Convento dei Frati Servi di Maria, la fiera medievale con gli artigiani e gli espositori, le taverne in cui gustare piatti medievali e il campo armato.<\/p>\n","protected":false},"excerpt":{"rendered":"<p>Dal 3 al 5 settembre<\/p>\n","protected":false},"author":28,"featured_media":38612,"comment_status":"closed","ping_status":"closed","sticky":false,"template":"","format":"standard","meta":{"dwc-title":[],"dwc-content":[],"footnotes":""},"categories":[8],"tags":[],"class_list":["post-38611","post","type-post","status-publish","format-standard","has-post-thumbnail","hentry","category-turismo"],"rttpg_featured_image_url":{"full":["https:\/\/imagazine.it\/wp-content\/uploads\/2024\/01\/39320-1.webp",1000,667,false],"landscape":["https:\/\/imagazine.it\/wp-content\/uploads\/2024\/01\/39320-1.webp",1000,667,false],"portraits":["https:\/\/imagazine.it\/wp-content\/uploads\/2024\/01\/39320-1.webp",1000,667,false],"thumbnail":["https:\/\/imagazine.it\/wp-content\/uploads\/2024\/01\/39320-1-150x150.webp",150,150,true],"medium":["https:\/\/imagazine.it\/wp-content\/uploads\/2024\/01\/39320-1-300x200.webp",300,200,true],"large":["https:\/\/imagazine.it\/wp-content\/uploads\/2024\/01\/39320-1.webp",640,427,false],"thumblist":["https:\/\/imagazine.it\/wp-content\/uploads\/2024\/01\/39320-1.webp",300,200,false],"thumbrelated":["https:\/\/imagazine.it\/wp-content\/uploads\/2024\/01\/39320-1.webp",500,334,false],"meccarouselthumb":["https:\/\/imagazine.it\/wp-content\/uploads\/2024\/01\/39320-1.webp",474,316,false],"gridsquare":["https:\/\/imagazine.it\/wp-content\/uploads\/2024\/01\/39320-1.webp",391,260,false],"tileview":["https:\/\/imagazine.it\/wp-content\/uploads\/2024\/01\/39320-1.webp",300,200,false],"1536x1536":["https:\/\/imagazine.it\/wp-content\/uploads\/2024\/01\/39320-1.webp",1000,667,false],"2048x2048":["https:\/\/imagazine.it\/wp-content\/uploads\/2024\/01\/39320-1.webp",1000,667,false],"newsup-slider-full":["https:\/\/imagazine.it\/wp-content\/uploads\/2024\/01\/39320-1.webp",1000,667,false],"newsup-featured":["https:\/\/imagazine.it\/wp-content\/uploads\/2024\/01\/39320-1.webp",1000,667,false],"newsup-medium":["https:\/\/imagazine.it\/wp-content\/uploads\/2024\/01\/39320-1-720x380.webp",720,380,true],"tptn_thumbnail":["https:\/\/imagazine.it\/wp-content\/uploads\/2024\/01\/39320-1.webp",250,167,false],"sow-carousel-default":["https:\/\/imagazine.it\/wp-content\/uploads\/2024\/01\/39320-1-272x182.webp",272,182,true]},"rttpg_author":{"display_name":"redazione","author_link":"https:\/\/imagazine.it\/home_desk\/author\/redazione\/"},"rttpg_comment":0,"rttpg_category":"<a href=\"https:\/\/imagazine.it\/home_desk\/category\/turismo\/\" rel=\"category tag\">TURISMO<\/a>","rttpg_excerpt":"Dal 3 al 5 settembre","_links":{"self":[{"href":"https:\/\/imagazine.it\/home_desk\/wp-json\/wp\/v2\/posts\/38611","targetHints":{"allow":["GET"]}}],"collection":[{"href":"https:\/\/imagazine.it\/home_desk\/wp-json\/wp\/v2\/posts"}],"about":[{"href":"https:\/\/imagazine.it\/home_desk\/wp-json\/wp\/v2\/types\/post"}],"author":[{"embeddable":true,"href":"https:\/\/imagazine.it\/home_desk\/wp-json\/wp\/v2\/users\/28"}],"replies":[{"embeddable":true,"href":"https:\/\/imagazine.it\/home_desk\/wp-json\/wp\/v2\/comments?post=38611"}],"version-history":[{"count":0,"href":"https:\/\/imagazine.it\/home_desk\/wp-json\/wp\/v2\/posts\/38611\/revisions"}],"wp:featuredmedia":[{"embeddable":true,"href":"https:\/\/imagazine.it\/home_desk\/wp-json\/wp\/v2\/media\/38612"}],"wp:attachment":[{"href":"https:\/\/imagazine.it\/home_desk\/wp-json\/wp\/v2\/media?parent=38611"}],"wp:term":[{"taxonomy":"category","embeddable":true,"href":"https:\/\/imagazine.it\/home_desk\/wp-json\/wp\/v2\/categories?post=38611"},{"taxonomy":"post_tag","embeddable":true,"href":"https:\/\/imagazine.it\/home_desk\/wp-json\/wp\/v2\/tags?post=38611"}],"curies":[{"name":"wp","href":"https:\/\/api.w.org\/{rel}","templated":true}]}}