{"id":38605,"date":"2021-04-16T00:00:00","date_gmt":"2021-04-15T23:00:00","guid":{"rendered":"https:\/\/imagazine.it\/?p=38605"},"modified":"2021-04-16T00:00:00","modified_gmt":"2021-04-15T23:00:00","slug":"palmanova-con-gorizia-capitale-europea-della-cultura-2025","status":"publish","type":"post","link":"https:\/\/imagazine.it\/home_desk\/palmanova-con-gorizia-capitale-europea-della-cultura-2025\/","title":{"rendered":"Palmanova con Gorizia Capitale Europea della Cultura 2025"},"content":{"rendered":"<p> \t\u201cLa Capitale europea della Cultura \u00e8 una grande opportunit\u00e0 per tutto Friuli Venezia Giulia. La dimensione territoriale della nostra regione consente in un&#39;ora di arrivare ovunque e, questo grande vantaggio, dobbiamo saperlo valorizzare\u201d.<\/p>\n<p> \tCon queste parole il sindaco di Gorizia,\u00a0<strong>Rodolfo Ziberna<\/strong>,\u00a0ha introdotto l\u2019incontro, in videoconferenza, con il sindaco di Palmanova\u00a0<strong>Francesco Martines<\/strong>. Al fianco di Ziberna, anche l\u2019assessore comunale alla cultura\u00a0<strong>Fabrizio Oreti<\/strong>.<\/p>\n<p> \tOggetto dell\u2019incontro l\u2019avvio delle collaborazioni, in ambito culturale e turistico, tra la Fortezza di Palmanova, patrimonio mondiale dell\u2019umanit\u00e0\u00a0<strong>UNESCO,<\/strong>\u00a0e le citt\u00e0 di Gorizia e Nova Gorica,\u00a0<strong>Capitale Europea della Cultura 2025.<\/strong><\/p>\n<p> \t\u201cSiamo\u00a0<strong>prontissimi a lavorare assieme<\/strong>. Faccio i miei pi\u00f9 sinceri complimenti a Gorizia per il grande risultato. Un traguardo importantissimo per la nostra regione e per il Paese ma anche per\u00a0<strong>il forte significato d\u2019integrazione e crescita dell\u2019Europa che sottost\u00e0 al rapporto con Nova Gorica<\/strong>. Ringrazio il sindaco Ziberna per la massima disponibilit\u00e0 al dialogo e alla collaborazione. Il nostro obiettivo \u00e8 lavorare assieme e fare sistema, da soli non si ottengono mai risultati\u201d, commenta il primo cittadino della citt\u00e0 stellata,\u00a0<strong>Martines<\/strong>.<\/p>\n<p> \t\u201cQuello di oggi &#8211; aggiungono <strong>Ziberna\u00a0<\/strong>e<strong>\u00a0Oreti<\/strong> &#8211; \u00e8 un primo contatto che porter\u00e0 a sviluppare assieme eventi, progetti e idee che coinvolgano le due citt\u00e0.\u00a0<strong>Oltre 600 eventi sono gi\u00e0 in programma, fino al 2025<\/strong>, a cavallo del confine, oltre a tantissimi altri in progettazione a livello nazionale e regionale. Stiamo intensamente lavorando per realizzare reti di contatti cos\u00ec come per Palmanova, anche con altre realt\u00e0 regionali come\u00a0<strong>Cividale e Aquileia<\/strong>\u201d.<\/p>\n<p> \t\u201c<strong>Palmanova e Gorizia hanno tantissime storie da raccontare<\/strong>\u00a0e numerosi spunti e collegamenti da realizzare per un reciproco sviluppo dei flussi turistici. Ora gli uffici si metteranno in contatto per progettare assieme, in modo da valorizzare Palmanova e Gorizia nel migliore dei modi.\u00a0<strong>Le fortificazioni, la storia, le persone, i percorsi enograstronomici, la presenza a Palmanova dell\u2019Orchestra Regionale del FVG\u00a0<\/strong>sono solo punti di partenza su cui realizzare un\u2019offerta turistica, culturale e d\u2019intrattenimento ad alto valore aggiunto per tutto il tessuto economico locale\u201d, conclude <strong>Martines<\/strong>.<\/p>\n","protected":false},"excerpt":{"rendered":"<p>Incontro operativo tra i sindaci<\/p>\n","protected":false},"author":28,"featured_media":38606,"comment_status":"closed","ping_status":"closed","sticky":false,"template":"","format":"standard","meta":{"dwc-title":[],"dwc-content":[],"footnotes":""},"categories":[5],"tags":[],"class_list":["post-38605","post","type-post","status-publish","format-standard","has-post-thumbnail","hentry","category-attualita"],"rttpg_featured_image_url":{"full":["https:\/\/imagazine.it\/wp-content\/uploads\/2024\/01\/39309-1.webp",1000,750,false],"landscape":["https:\/\/imagazine.it\/wp-content\/uploads\/2024\/01\/39309-1.webp",1000,750,false],"portraits":["https:\/\/imagazine.it\/wp-content\/uploads\/2024\/01\/39309-1.webp",1000,750,false],"thumbnail":["https:\/\/imagazine.it\/wp-content\/uploads\/2024\/01\/39309-1-150x150.webp",150,150,true],"medium":["https:\/\/imagazine.it\/wp-content\/uploads\/2024\/01\/39309-1-300x225.webp",300,225,true],"large":["https:\/\/imagazine.it\/wp-content\/uploads\/2024\/01\/39309-1.webp",640,480,false],"thumblist":["https:\/\/imagazine.it\/wp-content\/uploads\/2024\/01\/39309-1.webp",300,225,false],"thumbrelated":["https:\/\/imagazine.it\/wp-content\/uploads\/2024\/01\/39309-1.webp",500,375,false],"meccarouselthumb":["https:\/\/imagazine.it\/wp-content\/uploads\/2024\/01\/39309-1.webp",432,324,false],"gridsquare":["https:\/\/imagazine.it\/wp-content\/uploads\/2024\/01\/39309-1.webp",347,260,false],"tileview":["https:\/\/imagazine.it\/wp-content\/uploads\/2024\/01\/39309-1.webp",300,225,false],"1536x1536":["https:\/\/imagazine.it\/wp-content\/uploads\/2024\/01\/39309-1.webp",1000,750,false],"2048x2048":["https:\/\/imagazine.it\/wp-content\/uploads\/2024\/01\/39309-1.webp",1000,750,false],"newsup-slider-full":["https:\/\/imagazine.it\/wp-content\/uploads\/2024\/01\/39309-1-1000x720.webp",1000,720,true],"newsup-featured":["https:\/\/imagazine.it\/wp-content\/uploads\/2024\/01\/39309-1.webp",1000,750,false],"newsup-medium":["https:\/\/imagazine.it\/wp-content\/uploads\/2024\/01\/39309-1-720x380.webp",720,380,true],"tptn_thumbnail":["https:\/\/imagazine.it\/wp-content\/uploads\/2024\/01\/39309-1.webp",250,188,false],"sow-carousel-default":["https:\/\/imagazine.it\/wp-content\/uploads\/2024\/01\/39309-1-272x182.webp",272,182,true]},"rttpg_author":{"display_name":"redazione","author_link":"https:\/\/imagazine.it\/home_desk\/author\/redazione\/"},"rttpg_comment":0,"rttpg_category":"<a href=\"https:\/\/imagazine.it\/home_desk\/category\/attualita\/\" rel=\"category tag\">ATTUALIT\u00c0<\/a>","rttpg_excerpt":"Incontro operativo tra i sindaci","_links":{"self":[{"href":"https:\/\/imagazine.it\/home_desk\/wp-json\/wp\/v2\/posts\/38605","targetHints":{"allow":["GET"]}}],"collection":[{"href":"https:\/\/imagazine.it\/home_desk\/wp-json\/wp\/v2\/posts"}],"about":[{"href":"https:\/\/imagazine.it\/home_desk\/wp-json\/wp\/v2\/types\/post"}],"author":[{"embeddable":true,"href":"https:\/\/imagazine.it\/home_desk\/wp-json\/wp\/v2\/users\/28"}],"replies":[{"embeddable":true,"href":"https:\/\/imagazine.it\/home_desk\/wp-json\/wp\/v2\/comments?post=38605"}],"version-history":[{"count":0,"href":"https:\/\/imagazine.it\/home_desk\/wp-json\/wp\/v2\/posts\/38605\/revisions"}],"wp:featuredmedia":[{"embeddable":true,"href":"https:\/\/imagazine.it\/home_desk\/wp-json\/wp\/v2\/media\/38606"}],"wp:attachment":[{"href":"https:\/\/imagazine.it\/home_desk\/wp-json\/wp\/v2\/media?parent=38605"}],"wp:term":[{"taxonomy":"category","embeddable":true,"href":"https:\/\/imagazine.it\/home_desk\/wp-json\/wp\/v2\/categories?post=38605"},{"taxonomy":"post_tag","embeddable":true,"href":"https:\/\/imagazine.it\/home_desk\/wp-json\/wp\/v2\/tags?post=38605"}],"curies":[{"name":"wp","href":"https:\/\/api.w.org\/{rel}","templated":true}]}}