{"id":38601,"date":"2021-04-16T00:00:00","date_gmt":"2021-04-15T23:00:00","guid":{"rendered":"https:\/\/imagazine.it\/?p=38601"},"modified":"2021-04-16T00:00:00","modified_gmt":"2021-04-15T23:00:00","slug":"anche-unarea-fitness-nel-central-park-goriziano","status":"publish","type":"post","link":"https:\/\/imagazine.it\/home_desk\/anche-unarea-fitness-nel-central-park-goriziano\/","title":{"rendered":"Anche un&#8217;area fitness nel &#8220;Central Park Goriziano&#8221;"},"content":{"rendered":"<p> \tNon solo i sentieri dove passeggiare e andare in bicicletta, ma anche un\u2019area fitness.<\/p>\n<p> \tSi arricchisce cos\u00ec il progetto che sta rivoluzionando la Valletta del Corno, ampliandola fino a pi\u00f9 che raddoppiare lo spazio rispetto al passato.<\/p>\n<p> \tI nuovi aspetti che andranno a integrare il progetto, finanziati grazie alla quota risparmiata in fase di gara, sono stati anticipati questa mattina nel corso del sopralluogo effettuato dal sindaco <strong>Rodolfo Ziberna<\/strong> e dall\u2019assessore ai lavori pubblici <strong>Arianna Bellan<\/strong>, che hanno fatto visita al cantiere insieme alla ditta che sta realizzando l\u2019intervento.<\/p>\n<p> \tIn tutto, il budget per questo intervento extra sfiora il milione di euro e al momento si stanno gettando le basi, insieme ai progettisti, per definire quali miglioramenti finanziare. Tra le idee, c\u2019\u00e8 quella di realizzare un \u201cpercorso vita\u201d con attrezzi per la ginnastica dolce, giochi per bambini e una pista esterna per il pattinaggio. \u201cSono certo che i goriziani a cui piace camminare, fare ginnastica e sport adoreranno questo luogo \u2013commenta il sindaco <strong>Rodolfo Ziberna<\/strong> \u2013: quando parliamo di Central Park Goriziano non lo facciamo per esagerare, certo Gorizia non \u00e8 New York ma il nuovo parco della Valletta del Corno sar\u00e0 il posto preferito da chi ama fare una corsetta o un giro in bicicletta, o ginnastica all\u2019aria aperta, per di pi\u00f9 a un passo dal centro citt\u00e0\u201d.<\/p>\n<p> \tOggetto del sopralluogo \u00e8 stata anche l\u2019area dove nei giorni scorsi \u00e8 sbucata la grande \u201ctalpa\u201d, la trivella che ha scavato un tunnel sotterraneo dove saranno indirizzate le acque nere del Corno e le acque piovane, tenendole separate dalle acque chiare che affioreranno in superfice e bagneranno il \u201cCentral Park\u201d goriziano. \u201cIl macchinario sar\u00e0 ora riportato al pozzo di via Skodnik \u2013 spiega il direttore dei lavori, <strong>Mario Causero<\/strong> \u2013 da dove presto inizier\u00e0 a scavare l\u2019ultimo tratto del tunnel, fino a sbucare alcune centinaia di metri oltre il confine di via San Gabriele. Contiamo di arrivare l\u00ec entro met\u00e0 luglio. A fine intervento, la talpa avr\u00e0 scavato circa 1 chilometro e mezzo di tunnel e questo sar\u00e0 sufficientemente alto e largo per consentire facilmente di intervenire per le manutenzioni\u201d.<\/p>\n<p> \t\u201cFa piacere \u2013 sottolinea l\u2019assessore Bellan \u2013quando i lavori procedono, come in questo caso, secondo i termini stabiliti. La ditta si \u00e8 sempre mostrata disponibile ogni volta che ce n\u2019\u00e8 stato bisogno. Grazie a questo lavoro, oltre ad avere acqua pulita nel tratto di torrente che vedremo in Valletta, \u00e8 stato possibile anche recuperare un\u2019ampia area di bosco che creer\u00e0 un parco bellissimo\u201d.<\/p>\n","protected":false},"excerpt":{"rendered":"<p>Sopralluogo al cantiere in Valletta del Corno<\/p>\n","protected":false},"author":28,"featured_media":38602,"comment_status":"closed","ping_status":"closed","sticky":false,"template":"","format":"standard","meta":{"dwc-title":[],"dwc-content":[],"footnotes":""},"categories":[5],"tags":[],"class_list":["post-38601","post","type-post","status-publish","format-standard","has-post-thumbnail","hentry","category-attualita"],"rttpg_featured_image_url":{"full":["https:\/\/imagazine.it\/wp-content\/uploads\/2024\/01\/39304-1.webp",1600,778,false],"landscape":["https:\/\/imagazine.it\/wp-content\/uploads\/2024\/01\/39304-1.webp",1600,778,false],"portraits":["https:\/\/imagazine.it\/wp-content\/uploads\/2024\/01\/39304-1.webp",1600,778,false],"thumbnail":["https:\/\/imagazine.it\/wp-content\/uploads\/2024\/01\/39304-1-150x150.webp",150,150,true],"medium":["https:\/\/imagazine.it\/wp-content\/uploads\/2024\/01\/39304-1-300x146.webp",300,146,true],"large":["https:\/\/imagazine.it\/wp-content\/uploads\/2024\/01\/39304-1-1024x498.webp",640,311,true],"thumblist":["https:\/\/imagazine.it\/wp-content\/uploads\/2024\/01\/39304-1.webp",300,146,false],"thumbrelated":["https:\/\/imagazine.it\/wp-content\/uploads\/2024\/01\/39304-1.webp",500,243,false],"meccarouselthumb":["https:\/\/imagazine.it\/wp-content\/uploads\/2024\/01\/39304-1.webp",474,230,false],"gridsquare":["https:\/\/imagazine.it\/wp-content\/uploads\/2024\/01\/39304-1.webp",391,190,false],"tileview":["https:\/\/imagazine.it\/wp-content\/uploads\/2024\/01\/39304-1.webp",300,146,false],"1536x1536":["https:\/\/imagazine.it\/wp-content\/uploads\/2024\/01\/39304-1-1536x747.webp",1536,747,true],"2048x2048":["https:\/\/imagazine.it\/wp-content\/uploads\/2024\/01\/39304-1.webp",1600,778,false],"newsup-slider-full":["https:\/\/imagazine.it\/wp-content\/uploads\/2024\/01\/39304-1-1280x720.webp",1280,720,true],"newsup-featured":["https:\/\/imagazine.it\/wp-content\/uploads\/2024\/01\/39304-1-1024x498.webp",1024,498,true],"newsup-medium":["https:\/\/imagazine.it\/wp-content\/uploads\/2024\/01\/39304-1-720x380.webp",720,380,true],"tptn_thumbnail":["https:\/\/imagazine.it\/wp-content\/uploads\/2024\/01\/39304-1.webp",250,122,false],"sow-carousel-default":["https:\/\/imagazine.it\/wp-content\/uploads\/2024\/01\/39304-1-272x182.webp",272,182,true]},"rttpg_author":{"display_name":"redazione","author_link":"https:\/\/imagazine.it\/home_desk\/author\/redazione\/"},"rttpg_comment":0,"rttpg_category":"<a href=\"https:\/\/imagazine.it\/home_desk\/category\/attualita\/\" rel=\"category tag\">ATTUALIT\u00c0<\/a>","rttpg_excerpt":"Sopralluogo al cantiere in Valletta del Corno","_links":{"self":[{"href":"https:\/\/imagazine.it\/home_desk\/wp-json\/wp\/v2\/posts\/38601","targetHints":{"allow":["GET"]}}],"collection":[{"href":"https:\/\/imagazine.it\/home_desk\/wp-json\/wp\/v2\/posts"}],"about":[{"href":"https:\/\/imagazine.it\/home_desk\/wp-json\/wp\/v2\/types\/post"}],"author":[{"embeddable":true,"href":"https:\/\/imagazine.it\/home_desk\/wp-json\/wp\/v2\/users\/28"}],"replies":[{"embeddable":true,"href":"https:\/\/imagazine.it\/home_desk\/wp-json\/wp\/v2\/comments?post=38601"}],"version-history":[{"count":0,"href":"https:\/\/imagazine.it\/home_desk\/wp-json\/wp\/v2\/posts\/38601\/revisions"}],"wp:featuredmedia":[{"embeddable":true,"href":"https:\/\/imagazine.it\/home_desk\/wp-json\/wp\/v2\/media\/38602"}],"wp:attachment":[{"href":"https:\/\/imagazine.it\/home_desk\/wp-json\/wp\/v2\/media?parent=38601"}],"wp:term":[{"taxonomy":"category","embeddable":true,"href":"https:\/\/imagazine.it\/home_desk\/wp-json\/wp\/v2\/categories?post=38601"},{"taxonomy":"post_tag","embeddable":true,"href":"https:\/\/imagazine.it\/home_desk\/wp-json\/wp\/v2\/tags?post=38601"}],"curies":[{"name":"wp","href":"https:\/\/api.w.org\/{rel}","templated":true}]}}