{"id":38595,"date":"2021-04-16T00:00:00","date_gmt":"2021-04-15T23:00:00","guid":{"rendered":"https:\/\/imagazine.it\/?p=38595"},"modified":"2021-04-16T00:00:00","modified_gmt":"2021-04-15T23:00:00","slug":"il-fvg-premia-i-suoi-campioni-di-luna-rossa","status":"publish","type":"post","link":"https:\/\/imagazine.it\/home_desk\/il-fvg-premia-i-suoi-campioni-di-luna-rossa\/","title":{"rendered":"Il FVG premia i &#8220;suoi&#8221; campioni di Luna Rossa"},"content":{"rendered":"<p> \t&#8220;Siamo orgogliosi degli straordinari risultati ottenuti dai nostri corregionali che hanno fatto parte del team di Luna Rossa. Rappresentano un esempio soprattutto per le nuove generazioni. Il fare sacrifici molto duri, il sapersi rialzare dopo una sconfitta, dimostrare grande professionalit\u00e0 e seriet\u00e0 in ogni momento sono valori fondamentali per la costruzione della societ\u00e0 di domani&#8221;.<\/p>\n<p> \tLo ha affermato oggi a Trieste il governatore del Friuli Venezia Giulia, <strong>Massimiliano Fedriga<\/strong>, che, insieme all&#39;assessore alla Difesa dell&#39;ambiente, <strong>Fabio Scoccimarro<\/strong>, questa mattina ha accolto nel Salone di rappresentanza della Regione alcuni dei protagonisti del Friuli Venezia Giulia dell&#39;ultima Coppa America: <strong>Vasco Vascotto<\/strong>, <strong>Giulio Giovanella<\/strong>, <strong>Andrea Zugna<\/strong>, <strong>Andrea Canciani<\/strong> e <strong>Andrea Tesei<\/strong>.<\/p>\n<p> \tAi rappresentanti del team di Luna Rosa \u00e8 stata consegnata una targa in segno di riconoscenza da parte dell&#39;intera comunit\u00e0 del Friuli Venezia Giulia.<\/p>\n<p> \tOltre a Vascotto, Giovanella, Zugna, Canciani e Tesei, hanno partecipato all&#39;edizione 2021 della Coppa America anche <strong>Nicholas Brezzi Villi<\/strong>, <strong>Matteo Ledri <\/strong>e <strong>Raffaele Fredella<\/strong>.<\/p>\n","protected":false},"excerpt":{"rendered":"<p>Cerimonia a Trieste<\/p>\n","protected":false},"author":28,"featured_media":38596,"comment_status":"closed","ping_status":"closed","sticky":false,"template":"","format":"standard","meta":{"dwc-title":[],"dwc-content":[],"footnotes":""},"categories":[38],"tags":[],"class_list":["post-38595","post","type-post","status-publish","format-standard","has-post-thumbnail","hentry","category-sport"],"rttpg_featured_image_url":{"full":["https:\/\/imagazine.it\/wp-content\/uploads\/2024\/01\/39299-1.webp",1000,669,false],"landscape":["https:\/\/imagazine.it\/wp-content\/uploads\/2024\/01\/39299-1.webp",1000,669,false],"portraits":["https:\/\/imagazine.it\/wp-content\/uploads\/2024\/01\/39299-1.webp",1000,669,false],"thumbnail":["https:\/\/imagazine.it\/wp-content\/uploads\/2024\/01\/39299-1-150x150.webp",150,150,true],"medium":["https:\/\/imagazine.it\/wp-content\/uploads\/2024\/01\/39299-1-300x201.webp",300,201,true],"large":["https:\/\/imagazine.it\/wp-content\/uploads\/2024\/01\/39299-1.webp",640,428,false],"thumblist":["https:\/\/imagazine.it\/wp-content\/uploads\/2024\/01\/39299-1.webp",300,201,false],"thumbrelated":["https:\/\/imagazine.it\/wp-content\/uploads\/2024\/01\/39299-1.webp",500,335,false],"meccarouselthumb":["https:\/\/imagazine.it\/wp-content\/uploads\/2024\/01\/39299-1.webp",474,317,false],"gridsquare":["https:\/\/imagazine.it\/wp-content\/uploads\/2024\/01\/39299-1.webp",389,260,false],"tileview":["https:\/\/imagazine.it\/wp-content\/uploads\/2024\/01\/39299-1.webp",300,201,false],"1536x1536":["https:\/\/imagazine.it\/wp-content\/uploads\/2024\/01\/39299-1.webp",1000,669,false],"2048x2048":["https:\/\/imagazine.it\/wp-content\/uploads\/2024\/01\/39299-1.webp",1000,669,false],"newsup-slider-full":["https:\/\/imagazine.it\/wp-content\/uploads\/2024\/01\/39299-1.webp",1000,669,false],"newsup-featured":["https:\/\/imagazine.it\/wp-content\/uploads\/2024\/01\/39299-1.webp",1000,669,false],"newsup-medium":["https:\/\/imagazine.it\/wp-content\/uploads\/2024\/01\/39299-1-720x380.webp",720,380,true],"tptn_thumbnail":["https:\/\/imagazine.it\/wp-content\/uploads\/2024\/01\/39299-1.webp",250,167,false],"sow-carousel-default":["https:\/\/imagazine.it\/wp-content\/uploads\/2024\/01\/39299-1-272x182.webp",272,182,true]},"rttpg_author":{"display_name":"redazione","author_link":"https:\/\/imagazine.it\/home_desk\/author\/redazione\/"},"rttpg_comment":0,"rttpg_category":"<a href=\"https:\/\/imagazine.it\/home_desk\/category\/sport\/\" rel=\"category tag\">SPORT<\/a>","rttpg_excerpt":"Cerimonia a Trieste","_links":{"self":[{"href":"https:\/\/imagazine.it\/home_desk\/wp-json\/wp\/v2\/posts\/38595","targetHints":{"allow":["GET"]}}],"collection":[{"href":"https:\/\/imagazine.it\/home_desk\/wp-json\/wp\/v2\/posts"}],"about":[{"href":"https:\/\/imagazine.it\/home_desk\/wp-json\/wp\/v2\/types\/post"}],"author":[{"embeddable":true,"href":"https:\/\/imagazine.it\/home_desk\/wp-json\/wp\/v2\/users\/28"}],"replies":[{"embeddable":true,"href":"https:\/\/imagazine.it\/home_desk\/wp-json\/wp\/v2\/comments?post=38595"}],"version-history":[{"count":0,"href":"https:\/\/imagazine.it\/home_desk\/wp-json\/wp\/v2\/posts\/38595\/revisions"}],"wp:featuredmedia":[{"embeddable":true,"href":"https:\/\/imagazine.it\/home_desk\/wp-json\/wp\/v2\/media\/38596"}],"wp:attachment":[{"href":"https:\/\/imagazine.it\/home_desk\/wp-json\/wp\/v2\/media?parent=38595"}],"wp:term":[{"taxonomy":"category","embeddable":true,"href":"https:\/\/imagazine.it\/home_desk\/wp-json\/wp\/v2\/categories?post=38595"},{"taxonomy":"post_tag","embeddable":true,"href":"https:\/\/imagazine.it\/home_desk\/wp-json\/wp\/v2\/tags?post=38595"}],"curies":[{"name":"wp","href":"https:\/\/api.w.org\/{rel}","templated":true}]}}