{"id":38575,"date":"2021-04-15T00:00:00","date_gmt":"2021-04-14T23:00:00","guid":{"rendered":"https:\/\/imagazine.it\/?p=38575"},"modified":"2021-04-15T00:00:00","modified_gmt":"2021-04-14T23:00:00","slug":"cervignano-la-croce-verde-commemora-carlo-la-placa","status":"publish","type":"post","link":"https:\/\/imagazine.it\/home_desk\/cervignano-la-croce-verde-commemora-carlo-la-placa\/","title":{"rendered":"Cervignano, la Croce Verde commemora Carlo La Placa"},"content":{"rendered":"<p> \tForte commozione questa mattina, nella sede della <strong>Croce Verde<\/strong>, in via Aquileia a <strong>Cervignano del Friuli<\/strong>, dove \u00e8 stato consegnato con una breva ma toccante cerimonia il nuovo furgone FIAT Ducato che avr\u00e0 la sigla \u201cF8 \u2013 Carlo con noi\u201d.<\/p>\n<p> \tUn mezzo destinato al trasporto sanitario: sar\u00e0 impiegato per l&#39;accompagnamento (fino a 4 posti) delle persone per i servizi di dialisi e visite mediche, avr\u00e0 la possibilit\u00e0 di accogliere anche due carrozzine per chi non pu\u00f2 deambulare.<\/p>\n<p> \tOltre alla sigla \u201cF8\u201d \u00e8 stato imposto anche il nome di \u201cCarlo con noi\u201d, per ricordare l&#39;operatore-autista, sanitario volontario <strong>Carlo La Placa<\/strong>, morto lo scorso 13 febbraio a 71 anni, causa COVID-19.<\/p>\n<p> \tA due mesi dalla scomparsa, l&#39;eco del suo nome \u00e8 ancora presente in tutti i volontari e operatori che ogni giorno, 24 ore su 24, mettono il proprio impegno per soccorrere e aiutare gli altri. Carlo per oltre tre lustri \u00e8 stato un volontario, trasportando migliaia di persone dall&#39;ospedale nelle proprie case, incurante del tempo, con il freddo e con il caldo, con la pioggia, di giorno e di notte: se serviva Carlo era l\u00e0, al servizio per tutti. Come raccontano i colleghi, oltre alla professionalit\u00e0 nel compiere il suo lavoro, aveva sempre una buona parola verso il paziente, alle volte pi\u00f9 importante di un medicinale.<\/p>\n<p> \tInoltre era diventato anche il maestro dei nuovi arrivati: faceva a tutti o quasi \u201cda scuola guida\u201d, insegnando con pazienza a molti volontari che ora camminano con le proprie gambe e con buone capacit\u00e0 operative.<\/p>\n<p> \tQuando scompare una persona, si tende a essere \u201cbuoni\u201d per non mancare di rispetto, ma, come confermano tutti i colleghi della Croce Verde, con Carlo si \u00e8 sinceri: \u201cLui era cos\u00ec\u201d.<\/p>\n<p> \t\u201cCarlo &#8211; afferma <strong>Roberto Drusetta<\/strong>, direttore della Croce Verde cervignanese &#8211; ci ha insegnato lo spirito del buon samaritano, sempre pronto a dare una mano, mai una critica cattiva, mai un rancore; una persona semplice ma con un cuore d&#39;oro, che ci ha insegnato molto\u201d.\u00a0\u00a0<\/p>\n","protected":false},"excerpt":{"rendered":"<p>A due mesi dalla scomparsa<\/p>\n","protected":false},"author":22,"featured_media":38576,"comment_status":"closed","ping_status":"closed","sticky":false,"template":"","format":"standard","meta":{"dwc-title":[],"dwc-content":[],"footnotes":""},"categories":[5],"tags":[],"class_list":["post-38575","post","type-post","status-publish","format-standard","has-post-thumbnail","hentry","category-attualita"],"rttpg_featured_image_url":{"full":["https:\/\/imagazine.it\/wp-content\/uploads\/2024\/01\/39272-1.webp",1920,1080,false],"landscape":["https:\/\/imagazine.it\/wp-content\/uploads\/2024\/01\/39272-1.webp",1920,1080,false],"portraits":["https:\/\/imagazine.it\/wp-content\/uploads\/2024\/01\/39272-1.webp",1920,1080,false],"thumbnail":["https:\/\/imagazine.it\/wp-content\/uploads\/2024\/01\/39272-1-150x150.webp",150,150,true],"medium":["https:\/\/imagazine.it\/wp-content\/uploads\/2024\/01\/39272-1-300x169.webp",300,169,true],"large":["https:\/\/imagazine.it\/wp-content\/uploads\/2024\/01\/39272-1-1024x576.webp",640,360,true],"thumblist":["https:\/\/imagazine.it\/wp-content\/uploads\/2024\/01\/39272-1.webp",300,169,false],"thumbrelated":["https:\/\/imagazine.it\/wp-content\/uploads\/2024\/01\/39272-1.webp",500,281,false],"meccarouselthumb":["https:\/\/imagazine.it\/wp-content\/uploads\/2024\/01\/39272-1.webp",474,267,false],"gridsquare":["https:\/\/imagazine.it\/wp-content\/uploads\/2024\/01\/39272-1.webp",391,220,false],"tileview":["https:\/\/imagazine.it\/wp-content\/uploads\/2024\/01\/39272-1.webp",300,169,false],"1536x1536":["https:\/\/imagazine.it\/wp-content\/uploads\/2024\/01\/39272-1-1536x864.webp",1536,864,true],"2048x2048":["https:\/\/imagazine.it\/wp-content\/uploads\/2024\/01\/39272-1.webp",1920,1080,false],"newsup-slider-full":["https:\/\/imagazine.it\/wp-content\/uploads\/2024\/01\/39272-1-1280x720.webp",1280,720,true],"newsup-featured":["https:\/\/imagazine.it\/wp-content\/uploads\/2024\/01\/39272-1-1024x576.webp",1024,576,true],"newsup-medium":["https:\/\/imagazine.it\/wp-content\/uploads\/2024\/01\/39272-1-720x380.webp",720,380,true],"tptn_thumbnail":["https:\/\/imagazine.it\/wp-content\/uploads\/2024\/01\/39272-1.webp",250,141,false],"sow-carousel-default":["https:\/\/imagazine.it\/wp-content\/uploads\/2024\/01\/39272-1-272x182.webp",272,182,true]},"rttpg_author":{"display_name":"Livio Nonis","author_link":"https:\/\/imagazine.it\/home_desk\/author\/nonis\/"},"rttpg_comment":0,"rttpg_category":"<a href=\"https:\/\/imagazine.it\/home_desk\/category\/attualita\/\" rel=\"category tag\">ATTUALIT\u00c0<\/a>","rttpg_excerpt":"A due mesi dalla scomparsa","_links":{"self":[{"href":"https:\/\/imagazine.it\/home_desk\/wp-json\/wp\/v2\/posts\/38575","targetHints":{"allow":["GET"]}}],"collection":[{"href":"https:\/\/imagazine.it\/home_desk\/wp-json\/wp\/v2\/posts"}],"about":[{"href":"https:\/\/imagazine.it\/home_desk\/wp-json\/wp\/v2\/types\/post"}],"author":[{"embeddable":true,"href":"https:\/\/imagazine.it\/home_desk\/wp-json\/wp\/v2\/users\/22"}],"replies":[{"embeddable":true,"href":"https:\/\/imagazine.it\/home_desk\/wp-json\/wp\/v2\/comments?post=38575"}],"version-history":[{"count":0,"href":"https:\/\/imagazine.it\/home_desk\/wp-json\/wp\/v2\/posts\/38575\/revisions"}],"wp:featuredmedia":[{"embeddable":true,"href":"https:\/\/imagazine.it\/home_desk\/wp-json\/wp\/v2\/media\/38576"}],"wp:attachment":[{"href":"https:\/\/imagazine.it\/home_desk\/wp-json\/wp\/v2\/media?parent=38575"}],"wp:term":[{"taxonomy":"category","embeddable":true,"href":"https:\/\/imagazine.it\/home_desk\/wp-json\/wp\/v2\/categories?post=38575"},{"taxonomy":"post_tag","embeddable":true,"href":"https:\/\/imagazine.it\/home_desk\/wp-json\/wp\/v2\/tags?post=38575"}],"curies":[{"name":"wp","href":"https:\/\/api.w.org\/{rel}","templated":true}]}}