{"id":38569,"date":"2021-04-14T00:00:00","date_gmt":"2021-04-13T23:00:00","guid":{"rendered":"https:\/\/imagazine.it\/?p=38569"},"modified":"2021-04-14T00:00:00","modified_gmt":"2021-04-13T23:00:00","slug":"i-viticoltori-nella-morsa-del-credito","status":"publish","type":"post","link":"https:\/\/imagazine.it\/home_desk\/i-viticoltori-nella-morsa-del-credito\/","title":{"rendered":"I viticoltori nella morsa del credito"},"content":{"rendered":"<p> \t\u00abI numeri delle giacenze del vino, a fine marzo, comunicati dagli organi competenti sono preoccupanti &#8211; afferma <strong>Michele Pace Perusini<\/strong>, presidente della Sezione economica viticola di Confagricoltura Fvg -. Quello che i numeri non dicono, purtroppo, \u00e8 quanto di questo vino sia gi\u00e0 imbottigliato e fermo. Tra l\u2019altro, a esempio, nel primo trimestre del 2021 (rispetto allo stesso periodo dell\u2019anno precedente) l\u2019imbottigliamento del Prosecco Doc \u00e8 cresciuto del 7,4%; quello del Pinot grigio Delle Venezie dell\u201911,2%. Ci\u00f2 non significa, per\u00f2, che si vende pi\u00f9 vino, ma semplicemente che ci si prepara a vendere quel vino (o, almeno, che si spera di venderlo presto)\u00bb.<\/p>\n<p> \tDa qui la richiesta di porre il focus dell\u2019attenzione proprio all\u2019aspetto economico della questione con i produttori stretti in una morsa.<\/p>\n<p> \t\u00abDa un lato &#8211; sottolinea Pace Perusini &#8211; l\u2019Horeca che non paga le forniture a motivo delle aperture (e chiusure) a singhiozzo dei mesi scorsi (utilizzando i fornitori per finanziarsi, sostanzialmente); dall\u2019altra le nuove spese che l\u2019azienda deve accollarsi per imbottigliare e prepararsi alle prossime aperture dei mercati\u00bb.<\/p>\n<p> \tMercati che sono cambiati nei tempi della pandemia.<\/p>\n<p> \t\u00abSe fino ad alcuni mesi fa &#8211; prosegue -funzionava ancora il mercato italiano ed europeo, attualmente riprendono a \u201ctirare\u201d i mercati esteri dove il programma di vaccinazione \u00e8 avanzato (Stati Uniti a esempio) e rallenta dove ancora il piano vaccinale stenta a decollare. Serve perci\u00f2 accelerare realmente sul piano vaccinale e tutelare il credito dei produttori vitivinicoli anche con una norma, come proposto da Confagricoltura, che preveda di collegare l\u2019erogazione dei sostegni pubblici alle aziende con la verifica del pagamento delle pendenze con i fornitori\u00bb.<\/p>\n","protected":false},"excerpt":{"rendered":"<p>La denuncia di Confagricoltura Fvg<\/p>\n","protected":false},"author":28,"featured_media":38570,"comment_status":"closed","ping_status":"closed","sticky":false,"template":"","format":"standard","meta":{"dwc-title":[],"dwc-content":[],"footnotes":""},"categories":[5],"tags":[],"class_list":["post-38569","post","type-post","status-publish","format-standard","has-post-thumbnail","hentry","category-attualita"],"rttpg_featured_image_url":{"full":["https:\/\/imagazine.it\/wp-content\/uploads\/2024\/01\/39262-1.webp",1000,667,false],"landscape":["https:\/\/imagazine.it\/wp-content\/uploads\/2024\/01\/39262-1.webp",1000,667,false],"portraits":["https:\/\/imagazine.it\/wp-content\/uploads\/2024\/01\/39262-1.webp",1000,667,false],"thumbnail":["https:\/\/imagazine.it\/wp-content\/uploads\/2024\/01\/39262-1-150x150.webp",150,150,true],"medium":["https:\/\/imagazine.it\/wp-content\/uploads\/2024\/01\/39262-1-300x200.webp",300,200,true],"large":["https:\/\/imagazine.it\/wp-content\/uploads\/2024\/01\/39262-1.webp",640,427,false],"thumblist":["https:\/\/imagazine.it\/wp-content\/uploads\/2024\/01\/39262-1.webp",300,200,false],"thumbrelated":["https:\/\/imagazine.it\/wp-content\/uploads\/2024\/01\/39262-1.webp",500,334,false],"meccarouselthumb":["https:\/\/imagazine.it\/wp-content\/uploads\/2024\/01\/39262-1.webp",474,316,false],"gridsquare":["https:\/\/imagazine.it\/wp-content\/uploads\/2024\/01\/39262-1.webp",391,260,false],"tileview":["https:\/\/imagazine.it\/wp-content\/uploads\/2024\/01\/39262-1.webp",300,200,false],"1536x1536":["https:\/\/imagazine.it\/wp-content\/uploads\/2024\/01\/39262-1.webp",1000,667,false],"2048x2048":["https:\/\/imagazine.it\/wp-content\/uploads\/2024\/01\/39262-1.webp",1000,667,false],"newsup-slider-full":["https:\/\/imagazine.it\/wp-content\/uploads\/2024\/01\/39262-1.webp",1000,667,false],"newsup-featured":["https:\/\/imagazine.it\/wp-content\/uploads\/2024\/01\/39262-1.webp",1000,667,false],"newsup-medium":["https:\/\/imagazine.it\/wp-content\/uploads\/2024\/01\/39262-1-720x380.webp",720,380,true],"tptn_thumbnail":["https:\/\/imagazine.it\/wp-content\/uploads\/2024\/01\/39262-1.webp",250,167,false],"sow-carousel-default":["https:\/\/imagazine.it\/wp-content\/uploads\/2024\/01\/39262-1-272x182.webp",272,182,true]},"rttpg_author":{"display_name":"redazione","author_link":"https:\/\/imagazine.it\/home_desk\/author\/redazione\/"},"rttpg_comment":0,"rttpg_category":"<a href=\"https:\/\/imagazine.it\/home_desk\/category\/attualita\/\" rel=\"category tag\">ATTUALIT\u00c0<\/a>","rttpg_excerpt":"La denuncia di Confagricoltura Fvg","_links":{"self":[{"href":"https:\/\/imagazine.it\/home_desk\/wp-json\/wp\/v2\/posts\/38569","targetHints":{"allow":["GET"]}}],"collection":[{"href":"https:\/\/imagazine.it\/home_desk\/wp-json\/wp\/v2\/posts"}],"about":[{"href":"https:\/\/imagazine.it\/home_desk\/wp-json\/wp\/v2\/types\/post"}],"author":[{"embeddable":true,"href":"https:\/\/imagazine.it\/home_desk\/wp-json\/wp\/v2\/users\/28"}],"replies":[{"embeddable":true,"href":"https:\/\/imagazine.it\/home_desk\/wp-json\/wp\/v2\/comments?post=38569"}],"version-history":[{"count":0,"href":"https:\/\/imagazine.it\/home_desk\/wp-json\/wp\/v2\/posts\/38569\/revisions"}],"wp:featuredmedia":[{"embeddable":true,"href":"https:\/\/imagazine.it\/home_desk\/wp-json\/wp\/v2\/media\/38570"}],"wp:attachment":[{"href":"https:\/\/imagazine.it\/home_desk\/wp-json\/wp\/v2\/media?parent=38569"}],"wp:term":[{"taxonomy":"category","embeddable":true,"href":"https:\/\/imagazine.it\/home_desk\/wp-json\/wp\/v2\/categories?post=38569"},{"taxonomy":"post_tag","embeddable":true,"href":"https:\/\/imagazine.it\/home_desk\/wp-json\/wp\/v2\/tags?post=38569"}],"curies":[{"name":"wp","href":"https:\/\/api.w.org\/{rel}","templated":true}]}}