{"id":38549,"date":"2021-04-13T00:00:00","date_gmt":"2021-04-12T23:00:00","guid":{"rendered":"https:\/\/imagazine.it\/?p=38549"},"modified":"2021-04-13T00:00:00","modified_gmt":"2021-04-12T23:00:00","slug":"le-auto-storiche-pronte-a-invadere-trieste","status":"publish","type":"post","link":"https:\/\/imagazine.it\/home_desk\/le-auto-storiche-pronte-a-invadere-trieste\/","title":{"rendered":"Le auto storiche pronte a invadere Trieste"},"content":{"rendered":"<p> \tLa <strong>quinta edizione della Mitteleuropean Race \u00e8 alle porte.<\/strong> La gara di regolarit\u00e0 Super Classica per auto storiche costruite sino al 1976 e ad altre di particolare interesse storico sino al 1990, si svolger\u00e0 infatti <strong>dal 14 al 16 maggio<\/strong> prossimi con teatro di partenza e arrivo la citt\u00e0 di <strong>Trieste<\/strong>.<\/p>\n<p> \t<span dir=\"RTL\">\u201c<\/span>La nostra manifestazione &#8211; afferma <strong>Riccardo Novacco<\/strong> del team di <strong>Adrenalinika <\/strong>organizzatore dell<span dir=\"RTL\">\u2019<\/span>evento &#8211; oltre a essere un punto di riferimento nel mondo della regolarit\u00e0 ad alto livello si muove al fianco di importanti iniziative di coinvolgimento sociale. In particolare, come Mitteleuropean Race siamo parte attiva del progetto <em>We Stop Covid<\/em> del <strong>Rotary International<\/strong>. Siamo quindi in campo per combattere la pandemia attraverso le vaccinazioni e promuoviamo l&#39;arruolamento di medici, infermieri, e comunque di tutte quelle persone che sono abilitate a poter vaccinare. Dunque la campagna di vaccinazione procede, e quindi Mitteleuropean Race e Rotary accelerano insieme\u201d.<\/p>\n<p> \t<strong>Maurizio De Marco<\/strong> e <strong>Susanna Serri<\/strong>, piloni portanti dell\u2019assetto organizzativo, sempre nell\u2019ambito sociale, ma con caratterizzazione Motorsport, hanno invece sposato sin dalla nascita della manifestazione il progetto MITE.<\/p>\n<p> \t\u201cMITE, \u00e8 l\u2019acronimo della parola <span dir=\"RTL\">\u201c<\/span>insieme\u201d in quattro diverse lingue: tedesco, italiano, inglese e francese (<em>Miteinander, Insieme, Together, Ensemble<\/em>) &#8211; spiegano proprio D-e Marco e Serri &#8211; ed \u00e8 un progetto nato nel 1998 dal nostro amico Gilberto Pozza. La sua intuizione \u00e8 stata quella di dare la possibilit\u00e0 a persone ipovedenti e non vedenti di partecipare, come navigatori, a gare di rally internazionali e nazionali e a gare di regolarit\u00e0. Il navigatore legge un <em>road book<\/em> ufficiale, trascritto e stampato in <em>braille<\/em>. I non vedenti sono quindi realmente inseriti nel mondo dell<span dir=\"RTL\">\u2019<\/span>automobilismo e gareggiano al pari degli altri equipaggi comparendo nella classifica generale perch\u00e9, a differenza di tutti gli altri sport, non necessitano di una graduatoria a s\u00e9 stante. Leggendo il road book in braille o ingrandito non vedenti e ipovedenti svolgono il reale compito dei navigatori condividendo con il pilota ogni responsabilit\u00e0. Un vero e proprio lavoro di squadra e quest\u2019anno saranno due gli equipaggi del progetto MITE a prendere parte alla Mitteleuropean Race\u201d.<\/p>\n<p> \tLa <strong>Mitteleuropean Race 2021<\/strong> si svolger\u00e0 in due tappe, questa volta tutte italiane, per un totale di quasi 500 chilometri e oltre 80 prove di regolarit\u00e0 a cui si aggiungeranno le 6 prove di media. In parallelo alla gara si svolger\u00e0 anche la <strong>Mitrace Tour Cup, <\/strong>nata per appagare chi ama gli eventi votati al turismo e che dar\u00e0 la possibilit\u00e0 ai partecipanti di cullarsi tra le peculiarit\u00e0 di storia e natura della Regione.<\/p>\n<p> \tNel sito ufficiale <u><a href=\"http:\/\/La quinta edizione della Mitteleuropean Race \u00e8 alle porte. La gara di regolarit\u00e0 Super Classica per auto storiche costruite sino al 1976 e ad altre di particolare interesse storico sino al 1990, si svolger\u00e0 infatti dal 14 al 16 maggio prossimi con teatro di partenza e arrivo la citt\u00e0 di Trieste.  \u201cLa nostra manifestazione - afferma Riccardo Novacco del team di Adrenalinika organizzatore dell\u2019evento - oltre a essere un punto di riferimento nel mondo della regolarit\u00e0 ad alto livello si muove al fianco di importanti iniziative di coinvolgimento sociale. In particolare, come Mitteleuropean Race siamo parte attiva del progetto We Stop Covid del Rotary International. Siamo quindi in campo per combattere la pandemia attraverso le vaccinazioni e promuoviamo l'arruolamento di medici, infermieri, e comunque di tutte quelle persone che sono abilitate a poter vaccinare. Dunque la campagna di vaccinazione procede, e quindi Mitteleuropean Race e Rotary accelerano insieme\u201d. Maurizio De Marco e Susanna Serri, piloni portanti dell\u2019assetto organizzativo, sempre nell\u2019ambito sociale, ma con caratterizzazione Motorsport, hanno invece sposato sin dalla nascita della manifestazione il progetto MITE.  \u201cMITE, \u00e8 l\u2019acronimo della parola \u201cinsieme\u201d in quattro diverse lingue: tedesco, italiano, inglese e francese (Miteinander, Insieme, Together, Ensemble) - spiegano proprio D-e Marco e Serri - ed \u00e8 un progetto nato nel 1998 dal nostro amico Gilberto Pozza. La sua intuizione \u00e8 stata quella di dare la possibilit\u00e0 a persone ipovedenti e non vedenti di partecipare, come navigatori, a gare di rally internazionali e nazionali e a gare di regolarit\u00e0. Il navigatore legge un road book ufficiale, trascritto e stampato in braille. I non vedenti sono quindi realmente inseriti nel mondo dell\u2019automobilismo e gareggiano al pari degli altri equipaggi comparendo nella classifica generale perch\u00e9, a differenza di tutti gli altri sport, non necessitano di una graduatoria a s\u00e9 stante. Leggendo il road book in braille o ingrandito non vedenti e ipovedenti svolgono il reale compito dei navigatori condividendo con il pilota ogni responsabilit\u00e0. Un vero e proprio lavoro di squadra e quest\u2019anno saranno due gli equipaggi del progetto MITE a prendere parte alla Mitteleuropean Race\u201d.  La Mitteleuropean Race 2021 si svolger\u00e0 in due tappe, questa volta tutte italiane, per un totale di quasi 500 chilometri e oltre 80 prove di regolarit\u00e0 a cui si aggiungeranno le 6 prove di media. In parallelo alla gara si svolger\u00e0 anche la Mitrace Tour Cup, nata per appagare chi ama gli eventi votati al turismo e che dar\u00e0 la possibilit\u00e0 ai partecipanti di cullarsi tra le peculiarit\u00e0 di storia e natura della Regione.  Nel sito ufficiale www.mitteleuropeanrace.it sono presenti tutte le informazioni utili per iscriversi.  Partenza e arrivo della quinta edizione della MItteleuropean Race sar\u00e0 Piazza Unit\u00e0 d\u2019Italia che diventer\u00e0 un punto di riferimento per gli appassionati del Mondo Classic grazie al contemporaneo debutto del \u201cCitt\u00e0 di Trieste\u201d dedicato ai \u201c70 anni di storia dell\u2019auto dal 1910 al 1980\u201d organizzato dal Club ACI Storico, l'Automobile Club di Trieste e l'Associazione Amatori Veicoli Storici, con il patrocinio dell'Automobile Club d\u2019Italia.\" target=\"_blank\" rel=\"noopener\"><span style=\"color:#0000ff;\"><strong>www.mitteleuropeanrace.it<\/strong><\/span><\/a><\/u> sono presenti tutte le informazioni utili per iscriversi.<\/p>\n<p> \tPartenza e arrivo della quinta edizione della MItteleuropean Race sar\u00e0 <strong>Piazza Unit\u00e0 d<\/strong><strong><span dir=\"RTL\">\u2019<\/span>Italia <\/strong>che diventer\u00e0 un punto di riferimento per gli appassionati del Mondo Classic grazie al contemporaneo debutto del \u201cCitt\u00e0 di Trieste\u201d dedicato ai <span dir=\"RTL\">\u201c<\/span>70 anni di storia dell<span dir=\"RTL\">\u2019<\/span>auto dal 1910 al 1980\u201d organizzato dal<strong> Club ACI Storico, <\/strong>l&#39;<strong>Automobile Club <\/strong>di <strong>Trieste <\/strong>e l&#39;<strong>Associazione Amatori Veicoli Storici<\/strong>, con il patrocinio dell&#39;<strong>Automobile Club d\u2019Italia.<\/strong><\/p>\n","protected":false},"excerpt":{"rendered":"<p>Dal 14 al 16 maggio<\/p>\n","protected":false},"author":28,"featured_media":38550,"comment_status":"closed","ping_status":"closed","sticky":false,"template":"","format":"standard","meta":{"dwc-title":[],"dwc-content":[],"footnotes":""},"categories":[38],"tags":[],"class_list":["post-38549","post","type-post","status-publish","format-standard","has-post-thumbnail","hentry","category-sport"],"rttpg_featured_image_url":{"full":["https:\/\/imagazine.it\/wp-content\/uploads\/2024\/01\/39241-1.webp",1000,667,false],"landscape":["https:\/\/imagazine.it\/wp-content\/uploads\/2024\/01\/39241-1.webp",1000,667,false],"portraits":["https:\/\/imagazine.it\/wp-content\/uploads\/2024\/01\/39241-1.webp",1000,667,false],"thumbnail":["https:\/\/imagazine.it\/wp-content\/uploads\/2024\/01\/39241-1-150x150.webp",150,150,true],"medium":["https:\/\/imagazine.it\/wp-content\/uploads\/2024\/01\/39241-1-300x200.webp",300,200,true],"large":["https:\/\/imagazine.it\/wp-content\/uploads\/2024\/01\/39241-1.webp",640,427,false],"thumblist":["https:\/\/imagazine.it\/wp-content\/uploads\/2024\/01\/39241-1.webp",300,200,false],"thumbrelated":["https:\/\/imagazine.it\/wp-content\/uploads\/2024\/01\/39241-1.webp",500,334,false],"meccarouselthumb":["https:\/\/imagazine.it\/wp-content\/uploads\/2024\/01\/39241-1.webp",474,316,false],"gridsquare":["https:\/\/imagazine.it\/wp-content\/uploads\/2024\/01\/39241-1.webp",391,260,false],"tileview":["https:\/\/imagazine.it\/wp-content\/uploads\/2024\/01\/39241-1.webp",300,200,false],"1536x1536":["https:\/\/imagazine.it\/wp-content\/uploads\/2024\/01\/39241-1.webp",1000,667,false],"2048x2048":["https:\/\/imagazine.it\/wp-content\/uploads\/2024\/01\/39241-1.webp",1000,667,false],"newsup-slider-full":["https:\/\/imagazine.it\/wp-content\/uploads\/2024\/01\/39241-1.webp",1000,667,false],"newsup-featured":["https:\/\/imagazine.it\/wp-content\/uploads\/2024\/01\/39241-1.webp",1000,667,false],"newsup-medium":["https:\/\/imagazine.it\/wp-content\/uploads\/2024\/01\/39241-1-720x380.webp",720,380,true],"tptn_thumbnail":["https:\/\/imagazine.it\/wp-content\/uploads\/2024\/01\/39241-1.webp",250,167,false],"sow-carousel-default":["https:\/\/imagazine.it\/wp-content\/uploads\/2024\/01\/39241-1-272x182.webp",272,182,true]},"rttpg_author":{"display_name":"redazione","author_link":"https:\/\/imagazine.it\/home_desk\/author\/redazione\/"},"rttpg_comment":0,"rttpg_category":"<a href=\"https:\/\/imagazine.it\/home_desk\/category\/sport\/\" rel=\"category tag\">SPORT<\/a>","rttpg_excerpt":"Dal 14 al 16 maggio","_links":{"self":[{"href":"https:\/\/imagazine.it\/home_desk\/wp-json\/wp\/v2\/posts\/38549","targetHints":{"allow":["GET"]}}],"collection":[{"href":"https:\/\/imagazine.it\/home_desk\/wp-json\/wp\/v2\/posts"}],"about":[{"href":"https:\/\/imagazine.it\/home_desk\/wp-json\/wp\/v2\/types\/post"}],"author":[{"embeddable":true,"href":"https:\/\/imagazine.it\/home_desk\/wp-json\/wp\/v2\/users\/28"}],"replies":[{"embeddable":true,"href":"https:\/\/imagazine.it\/home_desk\/wp-json\/wp\/v2\/comments?post=38549"}],"version-history":[{"count":0,"href":"https:\/\/imagazine.it\/home_desk\/wp-json\/wp\/v2\/posts\/38549\/revisions"}],"wp:featuredmedia":[{"embeddable":true,"href":"https:\/\/imagazine.it\/home_desk\/wp-json\/wp\/v2\/media\/38550"}],"wp:attachment":[{"href":"https:\/\/imagazine.it\/home_desk\/wp-json\/wp\/v2\/media?parent=38549"}],"wp:term":[{"taxonomy":"category","embeddable":true,"href":"https:\/\/imagazine.it\/home_desk\/wp-json\/wp\/v2\/categories?post=38549"},{"taxonomy":"post_tag","embeddable":true,"href":"https:\/\/imagazine.it\/home_desk\/wp-json\/wp\/v2\/tags?post=38549"}],"curies":[{"name":"wp","href":"https:\/\/api.w.org\/{rel}","templated":true}]}}