{"id":38543,"date":"2021-04-12T00:00:00","date_gmt":"2021-04-11T23:00:00","guid":{"rendered":"https:\/\/imagazine.it\/?p=38543"},"modified":"2021-04-12T00:00:00","modified_gmt":"2021-04-11T23:00:00","slug":"ronchi-la-cultura-si-rifa-il-look","status":"publish","type":"post","link":"https:\/\/imagazine.it\/home_desk\/ronchi-la-cultura-si-rifa-il-look\/","title":{"rendered":"Ronchi, la cultura si rif\u00e0 il look"},"content":{"rendered":"<p> \tNasce \u201cRonchi Cultura\u201d, un nuovo logo, un nuovo sito internet, un nuovo percorso e un nuovo contenitore per rilanciare il ruolo di <strong>Ronchi dei Legionari<\/strong> in questo particolare settore.<\/p>\n<p> \tLa creazione del logo \u00e8 stata affidata allo studio di Francesco Furlan che, in queste settimane, sta curando anche il nuovo sito internet totalmente dedicato alla cultura.<\/p>\n<p> \t\u201cQuesto logo \u2013 ha spiegato l&#39;assessore alla cultura del Comune di Ronchi dei Legionari, <strong>Mauro Benvenuto<\/strong> \u2013 rappresenta quello che \u00e8 il significato profondo legato alla nostra citt\u00e0, ovvero quello della promozione culturale, della storia e delle tradizioni. Esso, poi, identifica appieno Ronchi dei Legionari come una citt\u00e0 di cultura. Ormai siamo in grado di poter affermare che il settore culturale ricopre un ruolo fondamentale nella nostra comunit\u00e0 e nel nostro vivere quotidiano. Abbiamo dimostrato, con entusiasmo e competenza, la grande passione che ci ha contraddistinto in questi ultimi anni e che ci ha portato a raggiungere grandi risultati. Anche quello di aver ricevuto, per il quinto anno consecutivo, il titolo di citt\u00e0 che legge. In questo difficile momento storico, ricco di incertezze, la ripartenza, anche ronchese, dovr\u00e0 passare dalla cultura che rappresenter\u00e0 un motore importantissimo anche dal punto di vista economico e non solo sociale\u201d.<\/p>\n<p> \tL\u2019idea di creare questo logo, per l&#39;amministrazione comunale, nasce dalla voglia di comunicare quelli che sono momenti di vita sociale, momenti di aggregazione e attuare una promozione ancora pi\u00f9 puntuale del territorio cittadino e delle sue peculiarit\u00e0 culturali. Quindi le sue rassegne, gli appuntamenti, le mostre, i concerti e i festival.<\/p>\n<p> \t\u201c\u00c8 da una parte il riconoscimento del lavoro effettuato e riconosciuto in questi anni \u2013 ha aggiunto Benvenuto \u2013 mentre dall\u2019altra vuole essere il grande propulsore per le prossime sfide culturali che dovremmo affrontare e che vogliamo intraprendere con grande forza di volont\u00e0\u201d.<\/p>\n","protected":false},"excerpt":{"rendered":"<p>Progetto a cura di Francesco Furlan<\/p>\n","protected":false},"author":22,"featured_media":38544,"comment_status":"closed","ping_status":"closed","sticky":false,"template":"","format":"standard","meta":{"dwc-title":[],"dwc-content":[],"footnotes":""},"categories":[37],"tags":[],"class_list":["post-38543","post","type-post","status-publish","format-standard","has-post-thumbnail","hentry","category-cultura-e-spettacolo"],"rttpg_featured_image_url":{"full":["https:\/\/imagazine.it\/wp-content\/uploads\/2024\/01\/39236-1.webp",1500,891,false],"landscape":["https:\/\/imagazine.it\/wp-content\/uploads\/2024\/01\/39236-1.webp",1500,891,false],"portraits":["https:\/\/imagazine.it\/wp-content\/uploads\/2024\/01\/39236-1.webp",1500,891,false],"thumbnail":["https:\/\/imagazine.it\/wp-content\/uploads\/2024\/01\/39236-1-150x150.webp",150,150,true],"medium":["https:\/\/imagazine.it\/wp-content\/uploads\/2024\/01\/39236-1-300x178.webp",300,178,true],"large":["https:\/\/imagazine.it\/wp-content\/uploads\/2024\/01\/39236-1-1024x608.webp",640,380,true],"thumblist":["https:\/\/imagazine.it\/wp-content\/uploads\/2024\/01\/39236-1.webp",300,178,false],"thumbrelated":["https:\/\/imagazine.it\/wp-content\/uploads\/2024\/01\/39236-1.webp",500,297,false],"meccarouselthumb":["https:\/\/imagazine.it\/wp-content\/uploads\/2024\/01\/39236-1.webp",474,282,false],"gridsquare":["https:\/\/imagazine.it\/wp-content\/uploads\/2024\/01\/39236-1.webp",391,232,false],"tileview":["https:\/\/imagazine.it\/wp-content\/uploads\/2024\/01\/39236-1.webp",300,178,false],"1536x1536":["https:\/\/imagazine.it\/wp-content\/uploads\/2024\/01\/39236-1.webp",1500,891,false],"2048x2048":["https:\/\/imagazine.it\/wp-content\/uploads\/2024\/01\/39236-1.webp",1500,891,false],"newsup-slider-full":["https:\/\/imagazine.it\/wp-content\/uploads\/2024\/01\/39236-1-1280x720.webp",1280,720,true],"newsup-featured":["https:\/\/imagazine.it\/wp-content\/uploads\/2024\/01\/39236-1-1024x608.webp",1024,608,true],"newsup-medium":["https:\/\/imagazine.it\/wp-content\/uploads\/2024\/01\/39236-1-720x380.webp",720,380,true],"tptn_thumbnail":["https:\/\/imagazine.it\/wp-content\/uploads\/2024\/01\/39236-1.webp",250,149,false],"sow-carousel-default":["https:\/\/imagazine.it\/wp-content\/uploads\/2024\/01\/39236-1-272x182.webp",272,182,true]},"rttpg_author":{"display_name":"Livio Nonis","author_link":"https:\/\/imagazine.it\/home_desk\/author\/nonis\/"},"rttpg_comment":0,"rttpg_category":"<a href=\"https:\/\/imagazine.it\/home_desk\/category\/cultura-e-spettacolo\/\" rel=\"category tag\">CULTURA&amp;SPETTACOLO<\/a>","rttpg_excerpt":"Progetto a cura di Francesco Furlan","_links":{"self":[{"href":"https:\/\/imagazine.it\/home_desk\/wp-json\/wp\/v2\/posts\/38543","targetHints":{"allow":["GET"]}}],"collection":[{"href":"https:\/\/imagazine.it\/home_desk\/wp-json\/wp\/v2\/posts"}],"about":[{"href":"https:\/\/imagazine.it\/home_desk\/wp-json\/wp\/v2\/types\/post"}],"author":[{"embeddable":true,"href":"https:\/\/imagazine.it\/home_desk\/wp-json\/wp\/v2\/users\/22"}],"replies":[{"embeddable":true,"href":"https:\/\/imagazine.it\/home_desk\/wp-json\/wp\/v2\/comments?post=38543"}],"version-history":[{"count":0,"href":"https:\/\/imagazine.it\/home_desk\/wp-json\/wp\/v2\/posts\/38543\/revisions"}],"wp:featuredmedia":[{"embeddable":true,"href":"https:\/\/imagazine.it\/home_desk\/wp-json\/wp\/v2\/media\/38544"}],"wp:attachment":[{"href":"https:\/\/imagazine.it\/home_desk\/wp-json\/wp\/v2\/media?parent=38543"}],"wp:term":[{"taxonomy":"category","embeddable":true,"href":"https:\/\/imagazine.it\/home_desk\/wp-json\/wp\/v2\/categories?post=38543"},{"taxonomy":"post_tag","embeddable":true,"href":"https:\/\/imagazine.it\/home_desk\/wp-json\/wp\/v2\/tags?post=38543"}],"curies":[{"name":"wp","href":"https:\/\/api.w.org\/{rel}","templated":true}]}}