{"id":38539,"date":"2021-04-12T00:00:00","date_gmt":"2021-04-11T23:00:00","guid":{"rendered":"https:\/\/imagazine.it\/?p=38539"},"modified":"2021-04-12T00:00:00","modified_gmt":"2021-04-11T23:00:00","slug":"staranzano-nuova-veste-per-la-palestra-comunale","status":"publish","type":"post","link":"https:\/\/imagazine.it\/home_desk\/staranzano-nuova-veste-per-la-palestra-comunale\/","title":{"rendered":"Staranzano, nuova veste per la palestra comunale"},"content":{"rendered":"<p> \tL\u2019Amministrazione comunale di <strong>Staranzano<\/strong>, nell\u2019ambito della concertazione tra Regione e Comuni per il triennio 2021\/2023 riguardante il finanziamento di investimenti di carattere sovracomunale e di interesse strategico regionale, ha presentato <strong>domanda di contributo<\/strong> alla Direzione Regionale Sport e Cultura per l&#39;intervento di realizzazione del secondo lotto di completamento dei lavori di straordinaria manutenzione per la messa in sicurezza, efficientamento energetico e reti impiantistiche dell&#39;impianto sportivo Palestra \u201cFoschian\u201d in via Montes.<\/p>\n<p> \tCostruito negli anni \u201970, il palazzetto continua a ospitare le attivit\u00e0 sportive di numerose associazioni del territorio, in particolare attive nel basket e nella pallavolo, con atleti che provengono da tutto il mandamento, sin dalle fasce pi\u00f9 giovanili del minibasket, e che raggiungono anche risultati significativi nelle varie categorie di campionato.<\/p>\n<p> \tA seguito delle pi\u00f9 recenti normative in merito alla verifica della sicurezza sismica degli edifici esistenti e la necessit\u00e0 di un loro miglioramento e dove possibile adeguamento, \u00e8 stata effettuata nel 2019 un\u2019indagine sul rischio sismico e sullo sfondellamento dei solai che ha fornito indicazioni per i necessari interventi di manutenzione straordinaria.<\/p>\n<p> \tCon la concertazione tra la Regione e gli Enti Locali 2019-2021 \u00e8 stata rilasciata una concessione di contributo alla U.T.I. Carso Isonzo Adriatico\/ Comune di Staranzano per l\u2019intervento di manutenzione straordinaria volta alla messa in sicurezza della palestra in via Montes.<\/p>\n<p> \tIl progetto in corso di realizzazione costituisce un primo lotto di lavori per un importo totale di <strong>200.000 euro<\/strong> per le opere di miglioramento strutturale dell\u2019edificio, di cui <strong>50.000<\/strong> gi\u00e0 investiti nel corso del 2020 per la sostituzione del generatore di calore e l\u2019installazione di un nuovo impianto illuminotecnico a luci LED per il campo di gioco.<\/p>\n<p> \tIl secondo lotto di lavori, oggetto della nuova richiesta di contributo, \u00e8 stato previsto per il completamento delle opere di efficientamento energetico che prevede la sostituzione dei serramenti, la realizzazione di un cappotto isolante, il rifacimento di controsoffitti e delle reti impiantistiche dei servizi igienici, spogliatoi e docce integrato con un impianto di pannelli solari per la produzione di acqua calda. Il costo complessivo dell\u2019intervento del secondo lotto, pari a 585.000 euro inclusa la progettazione, \u00e8 stato suddiviso nel triennio 2021\/2023.<\/p>\n<p> \t\u201cCon tale intervento \u2013 sottolinea <strong>Manuela Tomadin<\/strong>, assessore ai lavori pubblici \u2013 si porter\u00e0 a compimento l\u2019intero programma di riqualificazione di una struttura sportiva fondamentale non solo per le associazioni e per la comunit\u00e0 staranzanese. Qui infatti si svolgono anche le attivit\u00e0 di educazione motoria della Scuola secondaria di primo grado \u201cD. Alighieri\u201d, ma anche quelle delle realt\u00e0 associazionistiche mandamentali che trovano spazi e strutture per svolgere le proprie attivit\u00e0 in compendio e supporto a spazi sportivi non pienamente disponibili in termini di richiesta di orario presso i propri comuni sedi delle varie societ\u00e0\u201d.<\/p>\n<p> \tStaranzano quale comune realizzatore, in accordo con il Comune di San Canzian d&#39;Isonzo nella veste di comune partecipante, ha infatti inoltrato domanda facendo riferimento alla quota A dei fondi destinati a investimenti di carattere sovracomunale, a favore dei Comuni aventi \u2013 in forma singola o in forma associata tra territori limitrofi \u2013 una popolazione non inferiore a 10.000 abitanti e almeno 20 kmq di superficie territoriale.<\/p>\n<p> \tL\u2019intervento proposto rientra nelle priorit\u00e0 strategiche di finanziamento regionale, individuate in via esclusiva quale integrazione e completamento di interventi previsti da precedenti intese in materia di valorizzazione degli impianti sportivi.<\/p>\n","protected":false},"excerpt":{"rendered":"<p>Richiesto nuovo contributo in Regione<\/p>\n","protected":false},"author":22,"featured_media":38540,"comment_status":"closed","ping_status":"closed","sticky":false,"template":"","format":"standard","meta":{"dwc-title":[],"dwc-content":[],"footnotes":""},"categories":[5],"tags":[],"class_list":["post-38539","post","type-post","status-publish","format-standard","has-post-thumbnail","hentry","category-attualita"],"rttpg_featured_image_url":{"full":["https:\/\/imagazine.it\/wp-content\/uploads\/2024\/01\/39230-1.webp",1000,563,false],"landscape":["https:\/\/imagazine.it\/wp-content\/uploads\/2024\/01\/39230-1.webp",1000,563,false],"portraits":["https:\/\/imagazine.it\/wp-content\/uploads\/2024\/01\/39230-1.webp",1000,563,false],"thumbnail":["https:\/\/imagazine.it\/wp-content\/uploads\/2024\/01\/39230-1-150x150.webp",150,150,true],"medium":["https:\/\/imagazine.it\/wp-content\/uploads\/2024\/01\/39230-1-300x169.webp",300,169,true],"large":["https:\/\/imagazine.it\/wp-content\/uploads\/2024\/01\/39230-1.webp",640,360,false],"thumblist":["https:\/\/imagazine.it\/wp-content\/uploads\/2024\/01\/39230-1.webp",300,169,false],"thumbrelated":["https:\/\/imagazine.it\/wp-content\/uploads\/2024\/01\/39230-1.webp",500,282,false],"meccarouselthumb":["https:\/\/imagazine.it\/wp-content\/uploads\/2024\/01\/39230-1.webp",474,267,false],"gridsquare":["https:\/\/imagazine.it\/wp-content\/uploads\/2024\/01\/39230-1.webp",391,220,false],"tileview":["https:\/\/imagazine.it\/wp-content\/uploads\/2024\/01\/39230-1.webp",300,169,false],"1536x1536":["https:\/\/imagazine.it\/wp-content\/uploads\/2024\/01\/39230-1.webp",1000,563,false],"2048x2048":["https:\/\/imagazine.it\/wp-content\/uploads\/2024\/01\/39230-1.webp",1000,563,false],"newsup-slider-full":["https:\/\/imagazine.it\/wp-content\/uploads\/2024\/01\/39230-1.webp",1000,563,false],"newsup-featured":["https:\/\/imagazine.it\/wp-content\/uploads\/2024\/01\/39230-1.webp",1000,563,false],"newsup-medium":["https:\/\/imagazine.it\/wp-content\/uploads\/2024\/01\/39230-1-720x380.webp",720,380,true],"tptn_thumbnail":["https:\/\/imagazine.it\/wp-content\/uploads\/2024\/01\/39230-1.webp",250,141,false],"sow-carousel-default":["https:\/\/imagazine.it\/wp-content\/uploads\/2024\/01\/39230-1-272x182.webp",272,182,true]},"rttpg_author":{"display_name":"Livio Nonis","author_link":"https:\/\/imagazine.it\/home_desk\/author\/nonis\/"},"rttpg_comment":0,"rttpg_category":"<a href=\"https:\/\/imagazine.it\/home_desk\/category\/attualita\/\" rel=\"category tag\">ATTUALIT\u00c0<\/a>","rttpg_excerpt":"Richiesto nuovo contributo in Regione","_links":{"self":[{"href":"https:\/\/imagazine.it\/home_desk\/wp-json\/wp\/v2\/posts\/38539","targetHints":{"allow":["GET"]}}],"collection":[{"href":"https:\/\/imagazine.it\/home_desk\/wp-json\/wp\/v2\/posts"}],"about":[{"href":"https:\/\/imagazine.it\/home_desk\/wp-json\/wp\/v2\/types\/post"}],"author":[{"embeddable":true,"href":"https:\/\/imagazine.it\/home_desk\/wp-json\/wp\/v2\/users\/22"}],"replies":[{"embeddable":true,"href":"https:\/\/imagazine.it\/home_desk\/wp-json\/wp\/v2\/comments?post=38539"}],"version-history":[{"count":0,"href":"https:\/\/imagazine.it\/home_desk\/wp-json\/wp\/v2\/posts\/38539\/revisions"}],"wp:featuredmedia":[{"embeddable":true,"href":"https:\/\/imagazine.it\/home_desk\/wp-json\/wp\/v2\/media\/38540"}],"wp:attachment":[{"href":"https:\/\/imagazine.it\/home_desk\/wp-json\/wp\/v2\/media?parent=38539"}],"wp:term":[{"taxonomy":"category","embeddable":true,"href":"https:\/\/imagazine.it\/home_desk\/wp-json\/wp\/v2\/categories?post=38539"},{"taxonomy":"post_tag","embeddable":true,"href":"https:\/\/imagazine.it\/home_desk\/wp-json\/wp\/v2\/tags?post=38539"}],"curies":[{"name":"wp","href":"https:\/\/api.w.org\/{rel}","templated":true}]}}