{"id":38535,"date":"2021-04-12T00:00:00","date_gmt":"2021-04-11T23:00:00","guid":{"rendered":"https:\/\/imagazine.it\/?p=38535"},"modified":"2021-04-12T00:00:00","modified_gmt":"2021-04-11T23:00:00","slug":"baseball-leuropa-sager-punta-alla-serie-b","status":"publish","type":"post","link":"https:\/\/imagazine.it\/home_desk\/baseball-leuropa-sager-punta-alla-serie-b\/","title":{"rendered":"Baseball, l&#8217;Europa Sager punta alla serie B"},"content":{"rendered":"<p> \tNella terza settimana di maggio dovrebbero iniziare i campionati nazionali di baseball (si usa sempre il condizionale visto il protrarsi della pandemia).<\/p>\n<p> \tL&#39;<strong>Europa<\/strong> <strong>Baseball<\/strong> di <strong>Castions delle Mura<\/strong>, sempre sponsorizzata Sager, anche quest&#39;anno disputer\u00e0 il campionato di <strong>serie C<\/strong>, inserita in un girone di \u201cferro\u201d con <strong>Redipuglia<\/strong> (che ha appena rifiutato di disputare il campionato di serie \u201cA\u201d), <strong>Staranzano<\/strong> <strong>Ducks <\/strong>(rinforzati con nuovi innesti), <strong>Porcia<\/strong>, <strong>Bears San Lorenzo<\/strong> e quattro compagini del Veneto.<\/p>\n<p> \tIl roster della squadra \u00e8 rimasto invariato rispetto allo scorso anno, con molti ragazzi giovani e l\u2019inserimento di tre nuovi atleti: un lanciatore, <strong>Lorenzo Dotti<\/strong>, proveniente da Cervignano, un ricevitore\/prima base, <strong>Elia Marinig<\/strong>, e un interbase\/lanciatore, <strong>Davide Bertoldi<\/strong>.<\/p>\n<p> \tRiconfermato il manager <strong>Luis Marcano<\/strong>, coadiuvato da <strong>Daniele Bergagna<\/strong> ed <strong>Edson Gallardo<\/strong>, l&#39;accompagnatore della squadra sar\u00e0 <strong>Mario Feriti<\/strong>.<\/p>\n<p> \tLe gare casalinghe si disputeranno sul <strong>diamante di via Tolmezzo<\/strong> e saranno disputare nelle giornate di domenica.<\/p>\n<p> \t\u201cAbbiamo una squadra giovane \u2013 ha spiegato il presidente del sodalizio, <strong>Bruno Bertoldi<\/strong> \u2013; ci hanno inseriti in un girone molto difficile, il nostro obiettivo, comunque sar\u00e0 quello di cercare la promozione in serie \u201cB\u201d: i ragazzi sono motivati e anche con tutte le limitazioni causate dalla pandemia stanno lavorando bene. Anche se non si possono ancora disputare amichevoli o tornei, cercano in tutti i modi di prepararsi e farsi trovare pronti per l&#39;inizio del campionato\u201d.<\/p>\n<p> \tNel settore giovanile sono una cinquantina i ragazzi tesserati della societ\u00e0 che si \u00e8 iscritta al campionato Under 18: la squadra avr\u00e0 come manager Edson Gallardo; la formazione Under 15 avr\u00e0 come manager <strong>Adriano Serra<\/strong>, mentre a guidare gli Under 12 sar\u00e0 il presidente Bruno Bertoldi.<\/p>\n<p> \tIl 30\u00b0 torneo \u201cFederico Zuttion\u201d si disputer\u00e0 nei due weekend tra il 22 agosto e il 1\u00b0 settembre: ci saranno una trentina di squadre provenienti da tutto il nord Italia.<\/p>\n","protected":false},"excerpt":{"rendered":"<p>A maggio il via al campionato<\/p>\n","protected":false},"author":22,"featured_media":38536,"comment_status":"closed","ping_status":"closed","sticky":false,"template":"","format":"standard","meta":{"dwc-title":[],"dwc-content":[],"footnotes":""},"categories":[38],"tags":[],"class_list":["post-38535","post","type-post","status-publish","format-standard","has-post-thumbnail","hentry","category-sport"],"rttpg_featured_image_url":{"full":["https:\/\/imagazine.it\/wp-content\/uploads\/2024\/01\/39215-1.webp",1080,715,false],"landscape":["https:\/\/imagazine.it\/wp-content\/uploads\/2024\/01\/39215-1.webp",1080,715,false],"portraits":["https:\/\/imagazine.it\/wp-content\/uploads\/2024\/01\/39215-1.webp",1080,715,false],"thumbnail":["https:\/\/imagazine.it\/wp-content\/uploads\/2024\/01\/39215-1-150x150.webp",150,150,true],"medium":["https:\/\/imagazine.it\/wp-content\/uploads\/2024\/01\/39215-1-300x199.webp",300,199,true],"large":["https:\/\/imagazine.it\/wp-content\/uploads\/2024\/01\/39215-1-1024x678.webp",640,424,true],"thumblist":["https:\/\/imagazine.it\/wp-content\/uploads\/2024\/01\/39215-1.webp",300,199,false],"thumbrelated":["https:\/\/imagazine.it\/wp-content\/uploads\/2024\/01\/39215-1.webp",500,331,false],"meccarouselthumb":["https:\/\/imagazine.it\/wp-content\/uploads\/2024\/01\/39215-1.webp",474,314,false],"gridsquare":["https:\/\/imagazine.it\/wp-content\/uploads\/2024\/01\/39215-1.webp",391,260,false],"tileview":["https:\/\/imagazine.it\/wp-content\/uploads\/2024\/01\/39215-1.webp",300,199,false],"1536x1536":["https:\/\/imagazine.it\/wp-content\/uploads\/2024\/01\/39215-1.webp",1080,715,false],"2048x2048":["https:\/\/imagazine.it\/wp-content\/uploads\/2024\/01\/39215-1.webp",1080,715,false],"newsup-slider-full":["https:\/\/imagazine.it\/wp-content\/uploads\/2024\/01\/39215-1.webp",1080,715,false],"newsup-featured":["https:\/\/imagazine.it\/wp-content\/uploads\/2024\/01\/39215-1-1024x678.webp",1024,678,true],"newsup-medium":["https:\/\/imagazine.it\/wp-content\/uploads\/2024\/01\/39215-1-720x380.webp",720,380,true],"tptn_thumbnail":["https:\/\/imagazine.it\/wp-content\/uploads\/2024\/01\/39215-1.webp",250,166,false],"sow-carousel-default":["https:\/\/imagazine.it\/wp-content\/uploads\/2024\/01\/39215-1-272x182.webp",272,182,true]},"rttpg_author":{"display_name":"Livio Nonis","author_link":"https:\/\/imagazine.it\/home_desk\/author\/nonis\/"},"rttpg_comment":0,"rttpg_category":"<a href=\"https:\/\/imagazine.it\/home_desk\/category\/sport\/\" rel=\"category tag\">SPORT<\/a>","rttpg_excerpt":"A maggio il via al campionato","_links":{"self":[{"href":"https:\/\/imagazine.it\/home_desk\/wp-json\/wp\/v2\/posts\/38535","targetHints":{"allow":["GET"]}}],"collection":[{"href":"https:\/\/imagazine.it\/home_desk\/wp-json\/wp\/v2\/posts"}],"about":[{"href":"https:\/\/imagazine.it\/home_desk\/wp-json\/wp\/v2\/types\/post"}],"author":[{"embeddable":true,"href":"https:\/\/imagazine.it\/home_desk\/wp-json\/wp\/v2\/users\/22"}],"replies":[{"embeddable":true,"href":"https:\/\/imagazine.it\/home_desk\/wp-json\/wp\/v2\/comments?post=38535"}],"version-history":[{"count":0,"href":"https:\/\/imagazine.it\/home_desk\/wp-json\/wp\/v2\/posts\/38535\/revisions"}],"wp:featuredmedia":[{"embeddable":true,"href":"https:\/\/imagazine.it\/home_desk\/wp-json\/wp\/v2\/media\/38536"}],"wp:attachment":[{"href":"https:\/\/imagazine.it\/home_desk\/wp-json\/wp\/v2\/media?parent=38535"}],"wp:term":[{"taxonomy":"category","embeddable":true,"href":"https:\/\/imagazine.it\/home_desk\/wp-json\/wp\/v2\/categories?post=38535"},{"taxonomy":"post_tag","embeddable":true,"href":"https:\/\/imagazine.it\/home_desk\/wp-json\/wp\/v2\/tags?post=38535"}],"curies":[{"name":"wp","href":"https:\/\/api.w.org\/{rel}","templated":true}]}}