{"id":38499,"date":"2021-04-08T00:00:00","date_gmt":"2021-04-07T23:00:00","guid":{"rendered":"https:\/\/imagazine.it\/?p=38499"},"modified":"2021-04-08T00:00:00","modified_gmt":"2021-04-07T23:00:00","slug":"vaccino-in-fvg-prenotazioni-per-over-60","status":"publish","type":"post","link":"https:\/\/imagazine.it\/home_desk\/vaccino-in-fvg-prenotazioni-per-over-60\/","title":{"rendered":"Vaccino, in FVG prenotazioni per over 60"},"content":{"rendered":"<p> \t&#8220;In base alle decisioni assunte dal Governo e dal commissario Figliuolo nel corso della notte e alla raccomandazione di un uso preferenziale del vaccino Astrazeneca nelle persone con pi\u00f9 di 60 anni, da domani in Friuli Venezia Giulia verranno aperte le agende vaccinali a tutti i soggetti con pi\u00f9 di 60 anni d&#39;et\u00e0, alle quali sar\u00e0 somministrato tale vaccino&#8221;.<\/p>\n<p> \tLo ha annunciato il vicegovernatore con delega alla Salute, <strong>Riccardo Riccardi<\/strong>, durante la riunione della Terza Commissione consiliare evidenziando che &#8220;il Ministero della Salute ha confermato che l&#39;uso del vaccino Astrazenaca \u00e8 approvato a partire dai 18 anni, ma in via precauzionale verr\u00e0 utilizzato principalmente per gli over 60. Si tratta di una decisione assunta in via precauzione che porta a una revisione rilevante della campagna vaccinale e a un contestuale ampliamento della platea dei soggetti al momento immunizzabili&#8221;.<\/p>\n<p> \tRiccardi ha precisato che &#8220;per quanto riguarda le categorie individuate come prioritarie nella prima fase della campagna vaccinale, ovvero personale sanitario e scolastico, Forze dell&#39;ordine, militari proseguiranno quindi le inoculazioni di vaccino Astrazeneca, sia per le prime sia per le seconde dosi. Analogamente riceveranno lo stesso vaccino anche i <em>caregiver<\/em> over 60 e i conviventi over 60 dei soggetti fragili che hanno deciso di sottoporsi a vaccinazione. Ovviamente la somministrazione del vaccino avverr\u00e0 solo nel caso di sottoscrizione del consenso informato prima dell&#39;inoculazione e coloro che rifiuteranno Astrazeneca dovranno attendere la disponibilit\u00e0 di altri vaccini per la loro fascia d&#39;et\u00e0 o categoria prioritaria. Verr\u00e0 invece riconosciuta una priorit\u00e0 d&#39;accesso agli altri vaccini ai <em>caregiver<\/em> e ai conventi di soggetti fragili sotto i 60 anni&#8221;.<\/p>\n<p> \tRiccardi ha infine confermato che &#8220;non ci sar\u00e0 alcun cambiamento per i soggetti fragili e gli over80, ai quali verr\u00e0 inoculato il vaccino Pfizer o Moderna&#8221;.<\/p>\n<p> \tLe modalit\u00e0 di prenotazione restano le medesime: il Cup delle Aziende Sanitarie, le farmacie e il call center al numero unico\u00a0<strong>0434 223522<\/strong>.<\/p>\n","protected":false},"excerpt":{"rendered":"<p>Da venerd\u00ec 9 aprile<\/p>\n","protected":false},"author":28,"featured_media":38500,"comment_status":"closed","ping_status":"closed","sticky":false,"template":"","format":"standard","meta":{"dwc-title":[],"dwc-content":[],"footnotes":""},"categories":[5],"tags":[],"class_list":["post-38499","post","type-post","status-publish","format-standard","has-post-thumbnail","hentry","category-attualita"],"rttpg_featured_image_url":{"full":["https:\/\/imagazine.it\/wp-content\/uploads\/2024\/01\/39165-1.webp",1000,669,false],"landscape":["https:\/\/imagazine.it\/wp-content\/uploads\/2024\/01\/39165-1.webp",1000,669,false],"portraits":["https:\/\/imagazine.it\/wp-content\/uploads\/2024\/01\/39165-1.webp",1000,669,false],"thumbnail":["https:\/\/imagazine.it\/wp-content\/uploads\/2024\/01\/39165-1-150x150.webp",150,150,true],"medium":["https:\/\/imagazine.it\/wp-content\/uploads\/2024\/01\/39165-1-300x201.webp",300,201,true],"large":["https:\/\/imagazine.it\/wp-content\/uploads\/2024\/01\/39165-1.webp",640,428,false],"thumblist":["https:\/\/imagazine.it\/wp-content\/uploads\/2024\/01\/39165-1.webp",300,201,false],"thumbrelated":["https:\/\/imagazine.it\/wp-content\/uploads\/2024\/01\/39165-1.webp",500,335,false],"meccarouselthumb":["https:\/\/imagazine.it\/wp-content\/uploads\/2024\/01\/39165-1.webp",474,317,false],"gridsquare":["https:\/\/imagazine.it\/wp-content\/uploads\/2024\/01\/39165-1.webp",389,260,false],"tileview":["https:\/\/imagazine.it\/wp-content\/uploads\/2024\/01\/39165-1.webp",300,201,false],"1536x1536":["https:\/\/imagazine.it\/wp-content\/uploads\/2024\/01\/39165-1.webp",1000,669,false],"2048x2048":["https:\/\/imagazine.it\/wp-content\/uploads\/2024\/01\/39165-1.webp",1000,669,false],"newsup-slider-full":["https:\/\/imagazine.it\/wp-content\/uploads\/2024\/01\/39165-1.webp",1000,669,false],"newsup-featured":["https:\/\/imagazine.it\/wp-content\/uploads\/2024\/01\/39165-1.webp",1000,669,false],"newsup-medium":["https:\/\/imagazine.it\/wp-content\/uploads\/2024\/01\/39165-1-720x380.webp",720,380,true],"tptn_thumbnail":["https:\/\/imagazine.it\/wp-content\/uploads\/2024\/01\/39165-1.webp",250,167,false],"sow-carousel-default":["https:\/\/imagazine.it\/wp-content\/uploads\/2024\/01\/39165-1-272x182.webp",272,182,true]},"rttpg_author":{"display_name":"redazione","author_link":"https:\/\/imagazine.it\/home_desk\/author\/redazione\/"},"rttpg_comment":0,"rttpg_category":"<a href=\"https:\/\/imagazine.it\/home_desk\/category\/attualita\/\" rel=\"category tag\">ATTUALIT\u00c0<\/a>","rttpg_excerpt":"Da venerd\u00ec 9 aprile","_links":{"self":[{"href":"https:\/\/imagazine.it\/home_desk\/wp-json\/wp\/v2\/posts\/38499","targetHints":{"allow":["GET"]}}],"collection":[{"href":"https:\/\/imagazine.it\/home_desk\/wp-json\/wp\/v2\/posts"}],"about":[{"href":"https:\/\/imagazine.it\/home_desk\/wp-json\/wp\/v2\/types\/post"}],"author":[{"embeddable":true,"href":"https:\/\/imagazine.it\/home_desk\/wp-json\/wp\/v2\/users\/28"}],"replies":[{"embeddable":true,"href":"https:\/\/imagazine.it\/home_desk\/wp-json\/wp\/v2\/comments?post=38499"}],"version-history":[{"count":0,"href":"https:\/\/imagazine.it\/home_desk\/wp-json\/wp\/v2\/posts\/38499\/revisions"}],"wp:featuredmedia":[{"embeddable":true,"href":"https:\/\/imagazine.it\/home_desk\/wp-json\/wp\/v2\/media\/38500"}],"wp:attachment":[{"href":"https:\/\/imagazine.it\/home_desk\/wp-json\/wp\/v2\/media?parent=38499"}],"wp:term":[{"taxonomy":"category","embeddable":true,"href":"https:\/\/imagazine.it\/home_desk\/wp-json\/wp\/v2\/categories?post=38499"},{"taxonomy":"post_tag","embeddable":true,"href":"https:\/\/imagazine.it\/home_desk\/wp-json\/wp\/v2\/tags?post=38499"}],"curies":[{"name":"wp","href":"https:\/\/api.w.org\/{rel}","templated":true}]}}