{"id":38497,"date":"2021-04-08T00:00:00","date_gmt":"2021-04-07T23:00:00","guid":{"rendered":"https:\/\/imagazine.it\/?p=38497"},"modified":"2021-04-08T00:00:00","modified_gmt":"2021-04-07T23:00:00","slug":"cantieristica-navale-e-nautica-nuovi-scenari-in-fvg","status":"publish","type":"post","link":"https:\/\/imagazine.it\/home_desk\/cantieristica-navale-e-nautica-nuovi-scenari-in-fvg\/","title":{"rendered":"Cantieristica navale e nautica, nuovi scenari in FVG"},"content":{"rendered":"<p> \tSviluppare e promuovere nuove competenze e innovazioni tecnologiche applicate al settore della cantieristica navale e nautica, con l&#39;obiettivo di aumentare il livello di competitivit\u00e0 delle imprese e delle start up e contribuire a proiettare i servizi per la navigazione e per il diportismo nautico verso nuove frontiere di specializzazione.<\/p>\n<p> \tSono alcuni dei punti principali dell&#39;accordo quadro sottoscritto dal <strong>Maritime Technology Cluster FVG<\/strong> (mareFVG) e da <strong>Fondazione ENEA Tech<\/strong>.<\/p>\n<p> \tNe d\u00e0 notizia l&#39;assessore regionale alla Ricerca, <strong>Alessia Rosolen<\/strong>: &#8220;mareFVG \u00e8 la realt\u00e0 cui la Regione Friuli Venezia Giulia ha affidato la missione di attivare sinergie tra soggetti pubblici e privati per sviluppare le potenzialit\u00e0 dei settori attinenti la cantieristica navale e nautica, incluse le relative filiere specializzate, i trasporti, la logistica, i servizi per la navigazione e il diportismo nautico. Enea Tech \u00e8 una fondazione di diritto privato, voluta dal Ministero dello Sviluppo Economico, finalizzata a promuovere investimenti e iniziative in materia di ricerca e sviluppo e trasferimento tecnologico a favore delle imprese operanti sul territorio nazionale, con particolare riferimento alle start up innovative&#8221;.<\/p>\n<p> \t&#8220;mareFVG ed ENEA Tech &#8211; continua l&#39;assessore &#8211; collaboreranno per programmare e realizzare attivit\u00e0 indirizzate all&#39;analisi, alla valutazione e alla valorizzazione di tecnologie sviluppate per il perseguimento di obiettivi comuni. In generale, la volont\u00e0 \u00e8 quella di proiettare il settore del mare verso una dimensione sempre pi\u00f9 digitale e innovativa, allargando il compasso delle possibili applicazioni pratiche da parte di imprese e start up del comparto&#8221;.<\/p>\n<p> \t&#8220;Le filiere produttive legate all&#39;economia del mare sono da molti considerate settori a bassa intensit\u00e0 tecnologica e poco innovativi. \u00c8 sicuramente ora di sfatare questa falsa convinzione &#8211; spiega la presidente di ENEA Tech, <strong>Anna Tampieri<\/strong> &#8211; ricordando come al mare sia collegato uno dei 17 obiettivi di sviluppo sostenibile delle Nazioni Unite volto a garantire un uso responsabile delle risorse legate all&#39;economia blu. Solo grazie all&#39;impiego di nuove tecnologie e sinergie tra i diversi attori della filiera questo obiettivo potr\u00e0 essere raggiunto. \u00c8 proprio in questa direzione che va l&#39;accordo siglato tra mareFVG ed ENEA Tech&#8221;.<\/p>\n<p> \t&#8220;La collaborazione sar\u00e0 presentata operativamente il 15 aprile all&#39;eco-sistema territoriale di mareFVG &#8211; precisa infine l&#39;amministratore delegato <strong>Lucio Sabbadini<\/strong> &#8211; con l&#39;intento di attivare anche la leva finanziaria per consolidare le posizioni di frontiera del sistema industriale e scientifico regionale&#8221;.<\/p>\n","protected":false},"excerpt":{"rendered":"<p>Accordo tra mareFVG e ENEA Tech<\/p>\n","protected":false},"author":28,"featured_media":38498,"comment_status":"closed","ping_status":"closed","sticky":false,"template":"","format":"standard","meta":{"dwc-title":[],"dwc-content":[],"footnotes":""},"categories":[5],"tags":[],"class_list":["post-38497","post","type-post","status-publish","format-standard","has-post-thumbnail","hentry","category-attualita"],"rttpg_featured_image_url":{"full":["https:\/\/imagazine.it\/wp-content\/uploads\/2024\/01\/39163-1.webp",1280,960,false],"landscape":["https:\/\/imagazine.it\/wp-content\/uploads\/2024\/01\/39163-1.webp",1280,960,false],"portraits":["https:\/\/imagazine.it\/wp-content\/uploads\/2024\/01\/39163-1.webp",1280,960,false],"thumbnail":["https:\/\/imagazine.it\/wp-content\/uploads\/2024\/01\/39163-1-150x150.webp",150,150,true],"medium":["https:\/\/imagazine.it\/wp-content\/uploads\/2024\/01\/39163-1-300x225.webp",300,225,true],"large":["https:\/\/imagazine.it\/wp-content\/uploads\/2024\/01\/39163-1-1024x768.webp",640,480,true],"thumblist":["https:\/\/imagazine.it\/wp-content\/uploads\/2024\/01\/39163-1.webp",300,225,false],"thumbrelated":["https:\/\/imagazine.it\/wp-content\/uploads\/2024\/01\/39163-1.webp",500,375,false],"meccarouselthumb":["https:\/\/imagazine.it\/wp-content\/uploads\/2024\/01\/39163-1.webp",432,324,false],"gridsquare":["https:\/\/imagazine.it\/wp-content\/uploads\/2024\/01\/39163-1.webp",347,260,false],"tileview":["https:\/\/imagazine.it\/wp-content\/uploads\/2024\/01\/39163-1.webp",300,225,false],"1536x1536":["https:\/\/imagazine.it\/wp-content\/uploads\/2024\/01\/39163-1.webp",1280,960,false],"2048x2048":["https:\/\/imagazine.it\/wp-content\/uploads\/2024\/01\/39163-1.webp",1280,960,false],"newsup-slider-full":["https:\/\/imagazine.it\/wp-content\/uploads\/2024\/01\/39163-1-1280x720.webp",1280,720,true],"newsup-featured":["https:\/\/imagazine.it\/wp-content\/uploads\/2024\/01\/39163-1-1024x768.webp",1024,768,true],"newsup-medium":["https:\/\/imagazine.it\/wp-content\/uploads\/2024\/01\/39163-1-720x380.webp",720,380,true],"tptn_thumbnail":["https:\/\/imagazine.it\/wp-content\/uploads\/2024\/01\/39163-1.webp",250,188,false],"sow-carousel-default":["https:\/\/imagazine.it\/wp-content\/uploads\/2024\/01\/39163-1-272x182.webp",272,182,true]},"rttpg_author":{"display_name":"redazione","author_link":"https:\/\/imagazine.it\/home_desk\/author\/redazione\/"},"rttpg_comment":0,"rttpg_category":"<a href=\"https:\/\/imagazine.it\/home_desk\/category\/attualita\/\" rel=\"category tag\">ATTUALIT\u00c0<\/a>","rttpg_excerpt":"Accordo tra mareFVG e ENEA Tech","_links":{"self":[{"href":"https:\/\/imagazine.it\/home_desk\/wp-json\/wp\/v2\/posts\/38497","targetHints":{"allow":["GET"]}}],"collection":[{"href":"https:\/\/imagazine.it\/home_desk\/wp-json\/wp\/v2\/posts"}],"about":[{"href":"https:\/\/imagazine.it\/home_desk\/wp-json\/wp\/v2\/types\/post"}],"author":[{"embeddable":true,"href":"https:\/\/imagazine.it\/home_desk\/wp-json\/wp\/v2\/users\/28"}],"replies":[{"embeddable":true,"href":"https:\/\/imagazine.it\/home_desk\/wp-json\/wp\/v2\/comments?post=38497"}],"version-history":[{"count":0,"href":"https:\/\/imagazine.it\/home_desk\/wp-json\/wp\/v2\/posts\/38497\/revisions"}],"wp:featuredmedia":[{"embeddable":true,"href":"https:\/\/imagazine.it\/home_desk\/wp-json\/wp\/v2\/media\/38498"}],"wp:attachment":[{"href":"https:\/\/imagazine.it\/home_desk\/wp-json\/wp\/v2\/media?parent=38497"}],"wp:term":[{"taxonomy":"category","embeddable":true,"href":"https:\/\/imagazine.it\/home_desk\/wp-json\/wp\/v2\/categories?post=38497"},{"taxonomy":"post_tag","embeddable":true,"href":"https:\/\/imagazine.it\/home_desk\/wp-json\/wp\/v2\/tags?post=38497"}],"curies":[{"name":"wp","href":"https:\/\/api.w.org\/{rel}","templated":true}]}}