{"id":38495,"date":"2021-04-08T00:00:00","date_gmt":"2021-04-07T23:00:00","guid":{"rendered":"https:\/\/imagazine.it\/?p=38495"},"modified":"2021-04-08T00:00:00","modified_gmt":"2021-04-07T23:00:00","slug":"cervignano-cresce-lemporio-della-solidarieta","status":"publish","type":"post","link":"https:\/\/imagazine.it\/home_desk\/cervignano-cresce-lemporio-della-solidarieta\/","title":{"rendered":"Cervignano, cresce l&#8217;Emporio della Solidariet\u00e0"},"content":{"rendered":"<p> \tL\u2019<strong>Emporio<\/strong> <strong>della Solidariet\u00e0<\/strong> di <strong>Cervignano del Friuli<\/strong> \u00e8 frutto dell\u2019intuizione della comunit\u00e0 parrocchiale cittadina che dopo l\u2019inizio dell\u2019emergenza sanitaria aveva visto crescere il numero delle famiglie che si rivolgevano alla Caritas parrocchiale in canonica per chiedere la borsa alimentare: a febbraio 2020, prima dell\u2019inizio della crisi dovuta all\u2019epidemia, erano 47 i nuclei familiari beneficiari degli aiuti alimentari della Caritas parrocchiale, che successivamente a giugno sono diventati 68.<\/p>\n<p> \tPer questa ragione la Parrocchia di San Michele ha pensato bene di chiedere alla Caritas diocesana di Gorizia di promuovere la costituzione di un Emporio della Solidariet\u00e0: un metodo di distribuzione gratuita di generi alimentari organizzato come un supermercato in cui i beneficiari possono scegliere dagli scaffali gli alimenti che preferiscono.<\/p>\n<p> \t<strong>Dal mese di ottobre 2020<\/strong> l\u2019Emporio di Cervignano \u00e8 attivo e per accedervi bisogna rivolgersi al Centro di Ascolto della Caritas parrocchiale che ha il compito di verificare lo stato di povert\u00e0 economica. Coloro che hanno diritto ad accedere all\u2019Emporio ricevono una tessera della durata da 1 a 3 mesi su cui sono caricati dei punti che possono spendere per \u201cacquistare\u201d gratuitamente i prodotti presenti all\u2019Emporio.<\/p>\n<p> \tLa Caritas diocesana di Gorizia, grazie alla collaborazione con la Parrocchia di Cervignano, ha trovato da subito il sostegno dell\u2019Amministrazione comunale di Cervignano e di Credifriuli.<\/p>\n<p> \tGi\u00e0 nei primi cinque mesi di attivit\u00e0 si \u00e8 registrato un incremento delle famiglie che vi si rivolgono: erano 51 a ottobre 2020 e sono 73 a febbraio 2021. In crescita anche il numero dei beneficiari totali, in altre parole i componenti dei nuclei familiari titolari della tessera dell\u2019Emporio: erano 155 a ottobre 2020 e sono 222 a febbraio 2021.<\/p>\n<p> \tI dati in oggetto sono stati forniti dal Referente Promozione Caritas e Volontariato e Referente Osservatorio delle Povert\u00e0 e Risorse, <strong>Adalberto Chimera<\/strong>.<\/p>\n","protected":false},"excerpt":{"rendered":"<p>Operativo dallo scorso autunno<\/p>\n","protected":false},"author":22,"featured_media":38496,"comment_status":"closed","ping_status":"closed","sticky":false,"template":"","format":"standard","meta":{"dwc-title":[],"dwc-content":[],"footnotes":""},"categories":[5],"tags":[],"class_list":["post-38495","post","type-post","status-publish","format-standard","has-post-thumbnail","hentry","category-attualita"],"rttpg_featured_image_url":{"full":["https:\/\/imagazine.it\/wp-content\/uploads\/2024\/01\/39162-1.webp",1000,848,false],"landscape":["https:\/\/imagazine.it\/wp-content\/uploads\/2024\/01\/39162-1.webp",1000,848,false],"portraits":["https:\/\/imagazine.it\/wp-content\/uploads\/2024\/01\/39162-1.webp",1000,848,false],"thumbnail":["https:\/\/imagazine.it\/wp-content\/uploads\/2024\/01\/39162-1-150x150.webp",150,150,true],"medium":["https:\/\/imagazine.it\/wp-content\/uploads\/2024\/01\/39162-1-300x254.webp",300,254,true],"large":["https:\/\/imagazine.it\/wp-content\/uploads\/2024\/01\/39162-1.webp",640,543,false],"thumblist":["https:\/\/imagazine.it\/wp-content\/uploads\/2024\/01\/39162-1.webp",300,254,false],"thumbrelated":["https:\/\/imagazine.it\/wp-content\/uploads\/2024\/01\/39162-1.webp",500,424,false],"meccarouselthumb":["https:\/\/imagazine.it\/wp-content\/uploads\/2024\/01\/39162-1.webp",382,324,false],"gridsquare":["https:\/\/imagazine.it\/wp-content\/uploads\/2024\/01\/39162-1.webp",307,260,false],"tileview":["https:\/\/imagazine.it\/wp-content\/uploads\/2024\/01\/39162-1.webp",300,254,false],"1536x1536":["https:\/\/imagazine.it\/wp-content\/uploads\/2024\/01\/39162-1.webp",1000,848,false],"2048x2048":["https:\/\/imagazine.it\/wp-content\/uploads\/2024\/01\/39162-1.webp",1000,848,false],"newsup-slider-full":["https:\/\/imagazine.it\/wp-content\/uploads\/2024\/01\/39162-1-1000x720.webp",1000,720,true],"newsup-featured":["https:\/\/imagazine.it\/wp-content\/uploads\/2024\/01\/39162-1.webp",1000,848,false],"newsup-medium":["https:\/\/imagazine.it\/wp-content\/uploads\/2024\/01\/39162-1-720x380.webp",720,380,true],"tptn_thumbnail":["https:\/\/imagazine.it\/wp-content\/uploads\/2024\/01\/39162-1.webp",248,210,false],"sow-carousel-default":["https:\/\/imagazine.it\/wp-content\/uploads\/2024\/01\/39162-1-272x182.webp",272,182,true]},"rttpg_author":{"display_name":"Livio Nonis","author_link":"https:\/\/imagazine.it\/home_desk\/author\/nonis\/"},"rttpg_comment":0,"rttpg_category":"<a href=\"https:\/\/imagazine.it\/home_desk\/category\/attualita\/\" rel=\"category tag\">ATTUALIT\u00c0<\/a>","rttpg_excerpt":"Operativo dallo scorso autunno","_links":{"self":[{"href":"https:\/\/imagazine.it\/home_desk\/wp-json\/wp\/v2\/posts\/38495","targetHints":{"allow":["GET"]}}],"collection":[{"href":"https:\/\/imagazine.it\/home_desk\/wp-json\/wp\/v2\/posts"}],"about":[{"href":"https:\/\/imagazine.it\/home_desk\/wp-json\/wp\/v2\/types\/post"}],"author":[{"embeddable":true,"href":"https:\/\/imagazine.it\/home_desk\/wp-json\/wp\/v2\/users\/22"}],"replies":[{"embeddable":true,"href":"https:\/\/imagazine.it\/home_desk\/wp-json\/wp\/v2\/comments?post=38495"}],"version-history":[{"count":0,"href":"https:\/\/imagazine.it\/home_desk\/wp-json\/wp\/v2\/posts\/38495\/revisions"}],"wp:featuredmedia":[{"embeddable":true,"href":"https:\/\/imagazine.it\/home_desk\/wp-json\/wp\/v2\/media\/38496"}],"wp:attachment":[{"href":"https:\/\/imagazine.it\/home_desk\/wp-json\/wp\/v2\/media?parent=38495"}],"wp:term":[{"taxonomy":"category","embeddable":true,"href":"https:\/\/imagazine.it\/home_desk\/wp-json\/wp\/v2\/categories?post=38495"},{"taxonomy":"post_tag","embeddable":true,"href":"https:\/\/imagazine.it\/home_desk\/wp-json\/wp\/v2\/tags?post=38495"}],"curies":[{"name":"wp","href":"https:\/\/api.w.org\/{rel}","templated":true}]}}