{"id":38487,"date":"2021-04-07T00:00:00","date_gmt":"2021-04-06T23:00:00","guid":{"rendered":"https:\/\/imagazine.it\/?p=38487"},"modified":"2021-04-07T00:00:00","modified_gmt":"2021-04-06T23:00:00","slug":"in-fvg-20-milioni-per-le-case-di-riposo","status":"publish","type":"post","link":"https:\/\/imagazine.it\/home_desk\/in-fvg-20-milioni-per-le-case-di-riposo\/","title":{"rendered":"In FVG 20 milioni per le Case di Riposo"},"content":{"rendered":"<p> \tSi \u00e8 tenuto oggi in videoconferenza l\u2019incontro tra il vicegovernatore con delega alla Salute, <strong>Riccardi Riccardi<\/strong>, e i rappresentanti delle case di riposo private e pubbliche del Friuli Venezia Giulia.<\/p>\n<p> \t&#8220;L&#39;obiettivo &#8211; ha sottolineato Riccardi &#8211; \u00e8 definire il percorso su alcuni temi strategici: il riconoscimento dei costi Covid (con anticipazione del 70%) e la messa a punto di un provvedimento destinato ai ristori per le mancate entrate nell&#39;ottica di non costringere le strutture all&#39;aumento delle rette. A tal fine le norme gi\u00e0 vigenti mettono a disposizione circa 20 milioni di euro: 11 per i costi Covid e 9 per i ristori. Infine, su un piano pi\u00f9 strutturale, intendiamo attuare la revisione del regolamento per partire con gli accreditamenti prima di gennaio&#8221;.<\/p>\n<p> \tPer quel che riguarda i ristori, Riccardi ha spiegato che l&#39;Amministrazione regionale vuole intervenire con un sostegno a beneficio delle residenze per gli anziani che hanno subito delle perdite. &#8220;Stiamo iniziando a lavorare &#8211; ha sottolineato il vicegovernatore &#8211; a un provvedimento dotato di una certa solidit\u00e0 sul piano della conformit\u00e0 legislativa, vista la complessit\u00e0 del sistema normativo italiano in materia&#8221;.<\/p>\n<p> \tSar\u00e0 invece immediato il via libera alle Aziende sanitarie per l&#39;anticipazione della liquidazione dei costi Covid, mentre relativamente ai ristori verranno a breve fissati degli incontri con le realt\u00e0 pubbliche, private convenzionate e non &#8220;per condividere un provvedimento complesso sul quale c&#39;\u00e8 l&#39;impegno della Regione con un investimento importante&#8221;, ha assicurato Riccardi.<\/p>\n<p> \tRelativamente alla necessit\u00e0 manifestata di velocizzare i percorsi formativi per gli operatori socio sanitari, Riccardi ha rimarcato l&#39;intenzione di utilizzare tutti gli strumenti a disposizione per venire incontro a questa esigenza.<\/p>\n<p> \tInfine, sulla campagna vaccinale, entrambi le parti hanno evidenziato l&#39;efficacia delle immunizzazioni all&#39;interno delle strutture in considerazione dei dati che vedono abbattute drasticamente le statistiche sui decessi e sui contagi degli ospiti e degli operatori.<\/p>\n","protected":false},"excerpt":{"rendered":"<p>L&#8217;annuncio del vicegovernatore Riccardi<\/p>\n","protected":false},"author":28,"featured_media":38488,"comment_status":"closed","ping_status":"closed","sticky":false,"template":"","format":"standard","meta":{"dwc-title":[],"dwc-content":[],"footnotes":""},"categories":[5],"tags":[],"class_list":["post-38487","post","type-post","status-publish","format-standard","has-post-thumbnail","hentry","category-attualita"],"rttpg_featured_image_url":{"full":["https:\/\/imagazine.it\/wp-content\/uploads\/2024\/01\/39153-1.webp",1000,750,false],"landscape":["https:\/\/imagazine.it\/wp-content\/uploads\/2024\/01\/39153-1.webp",1000,750,false],"portraits":["https:\/\/imagazine.it\/wp-content\/uploads\/2024\/01\/39153-1.webp",1000,750,false],"thumbnail":["https:\/\/imagazine.it\/wp-content\/uploads\/2024\/01\/39153-1-150x150.webp",150,150,true],"medium":["https:\/\/imagazine.it\/wp-content\/uploads\/2024\/01\/39153-1-300x225.webp",300,225,true],"large":["https:\/\/imagazine.it\/wp-content\/uploads\/2024\/01\/39153-1.webp",640,480,false],"thumblist":["https:\/\/imagazine.it\/wp-content\/uploads\/2024\/01\/39153-1.webp",300,225,false],"thumbrelated":["https:\/\/imagazine.it\/wp-content\/uploads\/2024\/01\/39153-1.webp",500,375,false],"meccarouselthumb":["https:\/\/imagazine.it\/wp-content\/uploads\/2024\/01\/39153-1.webp",432,324,false],"gridsquare":["https:\/\/imagazine.it\/wp-content\/uploads\/2024\/01\/39153-1.webp",347,260,false],"tileview":["https:\/\/imagazine.it\/wp-content\/uploads\/2024\/01\/39153-1.webp",300,225,false],"1536x1536":["https:\/\/imagazine.it\/wp-content\/uploads\/2024\/01\/39153-1.webp",1000,750,false],"2048x2048":["https:\/\/imagazine.it\/wp-content\/uploads\/2024\/01\/39153-1.webp",1000,750,false],"newsup-slider-full":["https:\/\/imagazine.it\/wp-content\/uploads\/2024\/01\/39153-1-1000x720.webp",1000,720,true],"newsup-featured":["https:\/\/imagazine.it\/wp-content\/uploads\/2024\/01\/39153-1.webp",1000,750,false],"newsup-medium":["https:\/\/imagazine.it\/wp-content\/uploads\/2024\/01\/39153-1-720x380.webp",720,380,true],"tptn_thumbnail":["https:\/\/imagazine.it\/wp-content\/uploads\/2024\/01\/39153-1.webp",250,188,false],"sow-carousel-default":["https:\/\/imagazine.it\/wp-content\/uploads\/2024\/01\/39153-1-272x182.webp",272,182,true]},"rttpg_author":{"display_name":"redazione","author_link":"https:\/\/imagazine.it\/home_desk\/author\/redazione\/"},"rttpg_comment":0,"rttpg_category":"<a href=\"https:\/\/imagazine.it\/home_desk\/category\/attualita\/\" rel=\"category tag\">ATTUALIT\u00c0<\/a>","rttpg_excerpt":"L'annuncio del vicegovernatore Riccardi","_links":{"self":[{"href":"https:\/\/imagazine.it\/home_desk\/wp-json\/wp\/v2\/posts\/38487","targetHints":{"allow":["GET"]}}],"collection":[{"href":"https:\/\/imagazine.it\/home_desk\/wp-json\/wp\/v2\/posts"}],"about":[{"href":"https:\/\/imagazine.it\/home_desk\/wp-json\/wp\/v2\/types\/post"}],"author":[{"embeddable":true,"href":"https:\/\/imagazine.it\/home_desk\/wp-json\/wp\/v2\/users\/28"}],"replies":[{"embeddable":true,"href":"https:\/\/imagazine.it\/home_desk\/wp-json\/wp\/v2\/comments?post=38487"}],"version-history":[{"count":0,"href":"https:\/\/imagazine.it\/home_desk\/wp-json\/wp\/v2\/posts\/38487\/revisions"}],"wp:featuredmedia":[{"embeddable":true,"href":"https:\/\/imagazine.it\/home_desk\/wp-json\/wp\/v2\/media\/38488"}],"wp:attachment":[{"href":"https:\/\/imagazine.it\/home_desk\/wp-json\/wp\/v2\/media?parent=38487"}],"wp:term":[{"taxonomy":"category","embeddable":true,"href":"https:\/\/imagazine.it\/home_desk\/wp-json\/wp\/v2\/categories?post=38487"},{"taxonomy":"post_tag","embeddable":true,"href":"https:\/\/imagazine.it\/home_desk\/wp-json\/wp\/v2\/tags?post=38487"}],"curies":[{"name":"wp","href":"https:\/\/api.w.org\/{rel}","templated":true}]}}