{"id":38457,"date":"2021-04-06T00:00:00","date_gmt":"2021-04-05T23:00:00","guid":{"rendered":"https:\/\/imagazine.it\/?p=38457"},"modified":"2021-04-06T00:00:00","modified_gmt":"2021-04-05T23:00:00","slug":"cividale-boom-di-adesioni-per-mittelyoung","status":"publish","type":"post","link":"https:\/\/imagazine.it\/home_desk\/cividale-boom-di-adesioni-per-mittelyoung\/","title":{"rendered":"Cividale, boom di adesioni per MittelYoung"},"content":{"rendered":"<p> \tSono 162 le candidature arrivate a <strong>Cividale del Friuli<\/strong> per la call internazionale di <strong>MittelYoung<\/strong> che dal 24 al 27 giugno dar\u00e0 voce e palcoscenico alla creativit\u00e0 di artisti, compagnie e collettivi rigorosamente sotto i trent\u2019anni. Teatro, musica e danza dei paesi della Mitteleuropa e dei Balcani sono pronti ad andare in scena grazie al lavoro e all\u2019impegno di Mittelfest.<\/p>\n<p> \tDelle 162 domande arrivate, 102 provengono dall\u2019Italia e le altre 60 da Slovenia, Austria, Croazia, Germania, Repubblica Ceca, Svizzera, Bielorussia, Romania, Austria, Ungheria, Grecia, Polonia, Serbia, Malta, Kosovo, Bosnia Erzegovina, Paesi Bassi, Macedonia del nord, Bulgaria, Lettonia, Albania.<\/p>\n<p> \t<em>\u201cSono davvero soddisfatto di questo risultato, per molteplici ragioni <\/em>\u2013 spiega il direttore artistico <strong>Giacomo Pedini<\/strong> \u2013 <em>primo perch\u00e9<\/em> <em>in soli 4 mesi siamo riusciti a realizzare il bando internazionale e anche a tessere la preziosa rete di relazioni con quelle istituzioni culturali regionali, italiane ed europee che ci hanno aiutato a diffonderne la notizia: le candidature, infatti, sono arrivate dalla quasi totalit\u00e0 dei 25 paesi coinvolti. Secondo per l\u2019entusiasmo del gruppo dei giovani curatores, che formeranno la commissione giudicante: hanno grande competenza e vivacit\u00e0 e portano una loro forte e attuale visione della cultura. Terzo perch\u00e9 molte candidature sono transnazionali, con compagnie formate da artisti di paesi diversi. Ci\u00f2 dimostra come il panorama della Mitteleuropa, che Mittelfest porta in scena da 30 anni, sia cambiato: il 21\u00b0 secolo \u00e8 ancora tutto da raccontare, anche perch\u00e9 riguarda una generazione antropologicamente diversa, quella nata nell\u2019ultimo trentennio, abituata a viaggiare, agli scambi e al confronto continuo su larga scala, grazie alle tecnologie digitali\u201d.<\/em><\/p>\n<p> \tIl lavoro passa quindi nelle mani della<strong> commissione <\/strong>formata da <strong>30 persone<\/strong> <strong>tra i 20 e i 30 anni<\/strong> e che provengono dalle realt\u00e0 regionali che operano nella formazione teatrale, musicale e coreutica: Associazione culturale Arearea, Civica Accademia d\u2019Arte Drammatica Nico Pepe, Conservatorio Statale di Musica Giuseppe Tartini di Trieste, Conservatorio Statale di Musica Jacopo Tomadini di Udine, Fondazione Luigi Bon e, inoltre, Associazione giovanile Robida, Convitto Nazionale Paolo Diacono, Teatro Club Udine &#8211; Palio Teatrale Studentesco, Scuola di Danza Erica Bront.<\/p>\n<p> \tCon il coordinamento della direzione artistica di Mittelfest, saranno selezionati 9 titoli (3 teatro, 3 musica, 3 danza) per formare la programmazione di MittelYoung di fine giugno.<\/p>\n<p> \tSuccessivamente, il medesimo gruppo di curatrici e curatori coordinati dalla direzione artistica, selezioner\u00e0, tra i 9 spettacoli programmati a fine giugno, fino a 3 titoli (1 teatro, 1 musica, 1 danza) da ripresentare all\u2019interno di <strong>Mittelfest Eredi<\/strong> (27 agosto \u2013 5 settembre).<\/p>\n","protected":false},"excerpt":{"rendered":"<p>In programma dal 24 al 27 giugno<\/p>\n","protected":false},"author":12,"featured_media":38458,"comment_status":"closed","ping_status":"closed","sticky":false,"template":"","format":"standard","meta":{"dwc-title":[],"dwc-content":[],"footnotes":""},"categories":[37],"tags":[],"class_list":["post-38457","post","type-post","status-publish","format-standard","has-post-thumbnail","hentry","category-cultura-e-spettacolo"],"rttpg_featured_image_url":{"full":["https:\/\/imagazine.it\/wp-content\/uploads\/2024\/01\/39100-1.webp",1000,667,false],"landscape":["https:\/\/imagazine.it\/wp-content\/uploads\/2024\/01\/39100-1.webp",1000,667,false],"portraits":["https:\/\/imagazine.it\/wp-content\/uploads\/2024\/01\/39100-1.webp",1000,667,false],"thumbnail":["https:\/\/imagazine.it\/wp-content\/uploads\/2024\/01\/39100-1-150x150.webp",150,150,true],"medium":["https:\/\/imagazine.it\/wp-content\/uploads\/2024\/01\/39100-1-300x200.webp",300,200,true],"large":["https:\/\/imagazine.it\/wp-content\/uploads\/2024\/01\/39100-1.webp",640,427,false],"thumblist":["https:\/\/imagazine.it\/wp-content\/uploads\/2024\/01\/39100-1.webp",300,200,false],"thumbrelated":["https:\/\/imagazine.it\/wp-content\/uploads\/2024\/01\/39100-1.webp",500,334,false],"meccarouselthumb":["https:\/\/imagazine.it\/wp-content\/uploads\/2024\/01\/39100-1.webp",474,316,false],"gridsquare":["https:\/\/imagazine.it\/wp-content\/uploads\/2024\/01\/39100-1.webp",391,260,false],"tileview":["https:\/\/imagazine.it\/wp-content\/uploads\/2024\/01\/39100-1.webp",300,200,false],"1536x1536":["https:\/\/imagazine.it\/wp-content\/uploads\/2024\/01\/39100-1.webp",1000,667,false],"2048x2048":["https:\/\/imagazine.it\/wp-content\/uploads\/2024\/01\/39100-1.webp",1000,667,false],"newsup-slider-full":["https:\/\/imagazine.it\/wp-content\/uploads\/2024\/01\/39100-1.webp",1000,667,false],"newsup-featured":["https:\/\/imagazine.it\/wp-content\/uploads\/2024\/01\/39100-1.webp",1000,667,false],"newsup-medium":["https:\/\/imagazine.it\/wp-content\/uploads\/2024\/01\/39100-1-720x380.webp",720,380,true],"tptn_thumbnail":["https:\/\/imagazine.it\/wp-content\/uploads\/2024\/01\/39100-1.webp",250,167,false],"sow-carousel-default":["https:\/\/imagazine.it\/wp-content\/uploads\/2024\/01\/39100-1-272x182.webp",272,182,true]},"rttpg_author":{"display_name":"Claudio Pizzin","author_link":"https:\/\/imagazine.it\/home_desk\/author\/pizzin\/"},"rttpg_comment":0,"rttpg_category":"<a href=\"https:\/\/imagazine.it\/home_desk\/category\/cultura-e-spettacolo\/\" rel=\"category tag\">CULTURA&amp;SPETTACOLO<\/a>","rttpg_excerpt":"In programma dal 24 al 27 giugno","_links":{"self":[{"href":"https:\/\/imagazine.it\/home_desk\/wp-json\/wp\/v2\/posts\/38457","targetHints":{"allow":["GET"]}}],"collection":[{"href":"https:\/\/imagazine.it\/home_desk\/wp-json\/wp\/v2\/posts"}],"about":[{"href":"https:\/\/imagazine.it\/home_desk\/wp-json\/wp\/v2\/types\/post"}],"author":[{"embeddable":true,"href":"https:\/\/imagazine.it\/home_desk\/wp-json\/wp\/v2\/users\/12"}],"replies":[{"embeddable":true,"href":"https:\/\/imagazine.it\/home_desk\/wp-json\/wp\/v2\/comments?post=38457"}],"version-history":[{"count":0,"href":"https:\/\/imagazine.it\/home_desk\/wp-json\/wp\/v2\/posts\/38457\/revisions"}],"wp:featuredmedia":[{"embeddable":true,"href":"https:\/\/imagazine.it\/home_desk\/wp-json\/wp\/v2\/media\/38458"}],"wp:attachment":[{"href":"https:\/\/imagazine.it\/home_desk\/wp-json\/wp\/v2\/media?parent=38457"}],"wp:term":[{"taxonomy":"category","embeddable":true,"href":"https:\/\/imagazine.it\/home_desk\/wp-json\/wp\/v2\/categories?post=38457"},{"taxonomy":"post_tag","embeddable":true,"href":"https:\/\/imagazine.it\/home_desk\/wp-json\/wp\/v2\/tags?post=38457"}],"curies":[{"name":"wp","href":"https:\/\/api.w.org\/{rel}","templated":true}]}}