{"id":38453,"date":"2021-04-06T00:00:00","date_gmt":"2021-04-05T23:00:00","guid":{"rendered":"https:\/\/imagazine.it\/?p=38453"},"modified":"2021-04-06T00:00:00","modified_gmt":"2021-04-05T23:00:00","slug":"la-grande-musica-torna-a-pordenone","status":"publish","type":"post","link":"https:\/\/imagazine.it\/home_desk\/la-grande-musica-torna-a-pordenone\/","title":{"rendered":"La grande musica torna a Pordenone"},"content":{"rendered":"<p> \tSi terr\u00e0 a Pordenone tra l&#39;ultima settimana di luglio e la prima di agosto il festival estivo <u><a href=\"http:\/\/www.polinote.it\" target=\"_blank\" rel=\"noopener\"><span style=\"color:#0000ff;\"><strong>Polinote Musica in Citt\u00e0<\/strong><\/span><\/a><\/u>, alla cui direzione artistica si conferma il sassofonista di rilievo internazionale <strong>Francesco Bearzatti<\/strong>.<\/p>\n<p> \t\u201cIl festival \u2013 conferma la presidente di Polinote, <strong>Giulia Romanin<\/strong> \u2013 valorizzer\u00e0 e porter\u00e0 nel territorio eventi di grande spessore musicale realizzandoli in modo innovativo e originale, in una variet\u00e0 di luoghi, stili e nuovi accostamenti. Sar\u00e0 una manifestazione dal forte impatto artistico e culturale che coinvolger\u00e0 eccellenze della musica contemporanea jazz, classica e folk, in un coinvolgente viaggio musicale che dalla citt\u00e0 di Pordenone si irradier\u00e0 tra i luoghi storici, i borghi antichi, le realt\u00e0 produttive locali e i luoghi turistici della provincia\u201d.<\/p>\n<p> \tNel frattempo prosegue online il progetto Polinote Music Room \u201cun modo originale \u2013 sottolinea Romanin \u2013 per approfondire la cultura musicale in questo periodo di forti restrizioni per il settore musicale: una vera e propria proposta innovativa e di qualit\u00e0 che ci contraddistingue nel panorama musicale provinciale e regionale. Stimolare l&#39;interesse per la musica nei pi\u00f9 giovani, invitarli a essere attivi nella produzione creativa o ascoltatori critici e formati continua a essere la mission della cooperativa che in questo modo mantiene vivo il contatto col proprio pubblico\u201d.<\/p>\n<p> \tRiprendono nel frattempo le lezioni in presenza della scuola di musica di Polinote, che ha sede in uno dei vicoli del centro storico di Pordenone, e tiene le proprie attivit\u00e0 non solo nel capoluogo ma anche a Fiume Veneto, Caneva e Meduna di Livenza in collaborazione con le amministrazione comunali, a Ligugnana di San Vito al Tagliamento in collaborazione con Arci-Cral, a Majano in collaborazione con Soms e Comune, aggiungendo a ci\u00f2 la realizzazione di attivit\u00e0 laboratoriali per bambini, ragazzi, disabili e anziani.<\/p>\n<p> \t\u201cIn questo anno di pandemia \u2013 conclude Romanin \u2013 non ci siamo mai fermati per garantire il lavoro a una quarantina di insegnanti (che hanno mantenuto il contatto con i propri discenti anche inviando file musicali, materiale didattico ed esercizi, laddove non fosse stato possibile attivare le lezioni on line) e la formazione musicale a circa 700 allievi e allieve. Abbiamo inoltre perfezionato le procedure di sicurezza e il nostro protocollo permette lezioni in presenza con tutte le garanzie per la salute\u201d.<\/p>\n","protected":false},"excerpt":{"rendered":"<p>Tra luglio e agosto<\/p>\n","protected":false},"author":28,"featured_media":38454,"comment_status":"closed","ping_status":"closed","sticky":false,"template":"","format":"standard","meta":{"dwc-title":[],"dwc-content":[],"footnotes":""},"categories":[37],"tags":[],"class_list":["post-38453","post","type-post","status-publish","format-standard","has-post-thumbnail","hentry","category-cultura-e-spettacolo"],"rttpg_featured_image_url":{"full":["https:\/\/imagazine.it\/wp-content\/uploads\/2024\/01\/39098-1.webp",1000,667,false],"landscape":["https:\/\/imagazine.it\/wp-content\/uploads\/2024\/01\/39098-1.webp",1000,667,false],"portraits":["https:\/\/imagazine.it\/wp-content\/uploads\/2024\/01\/39098-1.webp",1000,667,false],"thumbnail":["https:\/\/imagazine.it\/wp-content\/uploads\/2024\/01\/39098-1-150x150.webp",150,150,true],"medium":["https:\/\/imagazine.it\/wp-content\/uploads\/2024\/01\/39098-1-300x200.webp",300,200,true],"large":["https:\/\/imagazine.it\/wp-content\/uploads\/2024\/01\/39098-1.webp",640,427,false],"thumblist":["https:\/\/imagazine.it\/wp-content\/uploads\/2024\/01\/39098-1.webp",300,200,false],"thumbrelated":["https:\/\/imagazine.it\/wp-content\/uploads\/2024\/01\/39098-1.webp",500,334,false],"meccarouselthumb":["https:\/\/imagazine.it\/wp-content\/uploads\/2024\/01\/39098-1.webp",474,316,false],"gridsquare":["https:\/\/imagazine.it\/wp-content\/uploads\/2024\/01\/39098-1.webp",391,260,false],"tileview":["https:\/\/imagazine.it\/wp-content\/uploads\/2024\/01\/39098-1.webp",300,200,false],"1536x1536":["https:\/\/imagazine.it\/wp-content\/uploads\/2024\/01\/39098-1.webp",1000,667,false],"2048x2048":["https:\/\/imagazine.it\/wp-content\/uploads\/2024\/01\/39098-1.webp",1000,667,false],"newsup-slider-full":["https:\/\/imagazine.it\/wp-content\/uploads\/2024\/01\/39098-1.webp",1000,667,false],"newsup-featured":["https:\/\/imagazine.it\/wp-content\/uploads\/2024\/01\/39098-1.webp",1000,667,false],"newsup-medium":["https:\/\/imagazine.it\/wp-content\/uploads\/2024\/01\/39098-1-720x380.webp",720,380,true],"tptn_thumbnail":["https:\/\/imagazine.it\/wp-content\/uploads\/2024\/01\/39098-1.webp",250,167,false],"sow-carousel-default":["https:\/\/imagazine.it\/wp-content\/uploads\/2024\/01\/39098-1-272x182.webp",272,182,true]},"rttpg_author":{"display_name":"redazione","author_link":"https:\/\/imagazine.it\/home_desk\/author\/redazione\/"},"rttpg_comment":0,"rttpg_category":"<a href=\"https:\/\/imagazine.it\/home_desk\/category\/cultura-e-spettacolo\/\" rel=\"category tag\">CULTURA&amp;SPETTACOLO<\/a>","rttpg_excerpt":"Tra luglio e agosto","_links":{"self":[{"href":"https:\/\/imagazine.it\/home_desk\/wp-json\/wp\/v2\/posts\/38453","targetHints":{"allow":["GET"]}}],"collection":[{"href":"https:\/\/imagazine.it\/home_desk\/wp-json\/wp\/v2\/posts"}],"about":[{"href":"https:\/\/imagazine.it\/home_desk\/wp-json\/wp\/v2\/types\/post"}],"author":[{"embeddable":true,"href":"https:\/\/imagazine.it\/home_desk\/wp-json\/wp\/v2\/users\/28"}],"replies":[{"embeddable":true,"href":"https:\/\/imagazine.it\/home_desk\/wp-json\/wp\/v2\/comments?post=38453"}],"version-history":[{"count":0,"href":"https:\/\/imagazine.it\/home_desk\/wp-json\/wp\/v2\/posts\/38453\/revisions"}],"wp:featuredmedia":[{"embeddable":true,"href":"https:\/\/imagazine.it\/home_desk\/wp-json\/wp\/v2\/media\/38454"}],"wp:attachment":[{"href":"https:\/\/imagazine.it\/home_desk\/wp-json\/wp\/v2\/media?parent=38453"}],"wp:term":[{"taxonomy":"category","embeddable":true,"href":"https:\/\/imagazine.it\/home_desk\/wp-json\/wp\/v2\/categories?post=38453"},{"taxonomy":"post_tag","embeddable":true,"href":"https:\/\/imagazine.it\/home_desk\/wp-json\/wp\/v2\/tags?post=38453"}],"curies":[{"name":"wp","href":"https:\/\/api.w.org\/{rel}","templated":true}]}}