{"id":38417,"date":"2021-03-31T00:00:00","date_gmt":"2021-03-30T23:00:00","guid":{"rendered":"https:\/\/imagazine.it\/?p=38417"},"modified":"2021-03-31T00:00:00","modified_gmt":"2021-03-30T23:00:00","slug":"a-gorizia-la-nuova-patria-del-padel","status":"publish","type":"post","link":"https:\/\/imagazine.it\/home_desk\/a-gorizia-la-nuova-patria-del-padel\/","title":{"rendered":"A Gorizia la nuova patria del padel"},"content":{"rendered":"<p> \tSi chiama <strong>Gorizia Arena \u2013 Padel&#038;Joy<\/strong> il centro sportivo che sorger\u00e0 a <strong>Lucinico<\/strong> al posto dell&#39;Ex Circolo Tennis Corallo.<\/p>\n<p> \tAl centro del progetto quattro amici. Goriziani doc sono ai vertici di due sodalizi: la Minerva Spa e la Smilevents Aps Sd. Da un lato <strong>Domingo Bianco<\/strong>, attuale patron della Pro Gorizia ed ex calciatore nonch\u00e9 capitano dell\u2019Asd Lucinico guida da un lustro l&#39;azienda nata con le pulizie industriali, ma che da un paio d&#39;anni abbraccia diversi campi tra cui l&#39;hotellerie e da ora anche il settore sportivo. Dall&#39;altro <strong>Ascanio Cosma<\/strong>, da decenni nello sport, prima con la Gsd Pallavolo Lucinico e ora con questa associazione specializzata nell&#39;organizzazione di eventi sportivi. Il poker biancazzurro si chiude con <strong>Massimo Antoci<\/strong>, consigliere di amministrazione della Minerva, e <strong>Diego Falzari<\/strong> vicepresidente della Smilevents ed ex presidente dell&#39;Ardita di basket.<\/p>\n<p> \tA loro spetter\u00e0 il ruolo di portare il Padel a Gorizia. Una disciplina sportiva nata in Amarica Latina negli anni &#39;70, che si \u00e8 poi sviluppata in Europa tra Spagna e Portogallo e che da qualche anno \u00e8 sbarcata in Italia.<\/p>\n<p> \tIn questo sporto si gioca due contro due: non esiste la versione singola. Il campo misura 20&#215;10 metri. Pi\u00f9 piccolo rispetto a quello di tennis e limitato da vetri nel fondocampo e da grate nella parte centrale, che delimitano il campo.<\/p>\n<p> \t\u201cQuest&#39;estate, causa Covid \u2013 racconta Cosma \u2013 abbiamo cancellato tutti i nostri eventi sportivi. E allora dopo il successo dei Centri Estivi, a fine luglio, mi sono trasferito a Grado e assieme al mio amico e socio Diego ho iniziato a giocare a Padel. Ogni giorno. E me ne sono innamorato. Poi dall&#39;autunno abbiamo iniziato a vedere dove avrebbe potuto nascere il nostro Centro. Abbiamo incuriosito e interessato i nostri amici Domingo e Massimo e alla fine siamo arrivati a Lucinico\u201d.<\/p>\n<p> \tCome sar\u00e0 la Gorizia Arena? \u201cAll&#39;interno dell&#39;area di circa 2.500 metri quadrati dell&#39;ex Circolo Tennis Corallo di via Udine 43 saranno posizionati due campi di Padel (di cui uno coperto) e un&#39;area multisportiva per praticare il tennis e il calcetto. Ci sar\u00e0 anche un\u2019area ristoro. Ai tesserati saranno riservati diversi parcheggi proprio accanto ai campi\u201d, aggiunge Cosma.<\/p>\n<p> \tDopo l\u2019acquisto dell\u2019area, l\u2019obiettivo dei promotori \u00e8 ora quello di rendere operativa la struttura entro fine maggio, in concomitanza con l\u2019arrivo di tappa del Giro d\u2019Italia a Gorizia.<\/p>\n","protected":false},"excerpt":{"rendered":"<p>Al posto dell&#8217;Ex Circolo Tennis Corallo<\/p>\n","protected":false},"author":28,"featured_media":38418,"comment_status":"closed","ping_status":"closed","sticky":false,"template":"","format":"standard","meta":{"dwc-title":[],"dwc-content":[],"footnotes":""},"categories":[38],"tags":[],"class_list":["post-38417","post","type-post","status-publish","format-standard","has-post-thumbnail","hentry","category-sport"],"rttpg_featured_image_url":{"full":["https:\/\/imagazine.it\/wp-content\/uploads\/2024\/01\/39045-1.webp",1440,780,false],"landscape":["https:\/\/imagazine.it\/wp-content\/uploads\/2024\/01\/39045-1.webp",1440,780,false],"portraits":["https:\/\/imagazine.it\/wp-content\/uploads\/2024\/01\/39045-1.webp",1440,780,false],"thumbnail":["https:\/\/imagazine.it\/wp-content\/uploads\/2024\/01\/39045-1-150x150.webp",150,150,true],"medium":["https:\/\/imagazine.it\/wp-content\/uploads\/2024\/01\/39045-1-300x163.webp",300,163,true],"large":["https:\/\/imagazine.it\/wp-content\/uploads\/2024\/01\/39045-1-1024x555.webp",640,347,true],"thumblist":["https:\/\/imagazine.it\/wp-content\/uploads\/2024\/01\/39045-1.webp",300,163,false],"thumbrelated":["https:\/\/imagazine.it\/wp-content\/uploads\/2024\/01\/39045-1.webp",500,271,false],"meccarouselthumb":["https:\/\/imagazine.it\/wp-content\/uploads\/2024\/01\/39045-1.webp",474,257,false],"gridsquare":["https:\/\/imagazine.it\/wp-content\/uploads\/2024\/01\/39045-1.webp",391,212,false],"tileview":["https:\/\/imagazine.it\/wp-content\/uploads\/2024\/01\/39045-1.webp",300,163,false],"1536x1536":["https:\/\/imagazine.it\/wp-content\/uploads\/2024\/01\/39045-1.webp",1440,780,false],"2048x2048":["https:\/\/imagazine.it\/wp-content\/uploads\/2024\/01\/39045-1.webp",1440,780,false],"newsup-slider-full":["https:\/\/imagazine.it\/wp-content\/uploads\/2024\/01\/39045-1-1280x720.webp",1280,720,true],"newsup-featured":["https:\/\/imagazine.it\/wp-content\/uploads\/2024\/01\/39045-1-1024x555.webp",1024,555,true],"newsup-medium":["https:\/\/imagazine.it\/wp-content\/uploads\/2024\/01\/39045-1-720x380.webp",720,380,true],"tptn_thumbnail":["https:\/\/imagazine.it\/wp-content\/uploads\/2024\/01\/39045-1.webp",250,135,false],"sow-carousel-default":["https:\/\/imagazine.it\/wp-content\/uploads\/2024\/01\/39045-1-272x182.webp",272,182,true]},"rttpg_author":{"display_name":"redazione","author_link":"https:\/\/imagazine.it\/home_desk\/author\/redazione\/"},"rttpg_comment":0,"rttpg_category":"<a href=\"https:\/\/imagazine.it\/home_desk\/category\/sport\/\" rel=\"category tag\">SPORT<\/a>","rttpg_excerpt":"Al posto dell'Ex Circolo Tennis Corallo","_links":{"self":[{"href":"https:\/\/imagazine.it\/home_desk\/wp-json\/wp\/v2\/posts\/38417","targetHints":{"allow":["GET"]}}],"collection":[{"href":"https:\/\/imagazine.it\/home_desk\/wp-json\/wp\/v2\/posts"}],"about":[{"href":"https:\/\/imagazine.it\/home_desk\/wp-json\/wp\/v2\/types\/post"}],"author":[{"embeddable":true,"href":"https:\/\/imagazine.it\/home_desk\/wp-json\/wp\/v2\/users\/28"}],"replies":[{"embeddable":true,"href":"https:\/\/imagazine.it\/home_desk\/wp-json\/wp\/v2\/comments?post=38417"}],"version-history":[{"count":0,"href":"https:\/\/imagazine.it\/home_desk\/wp-json\/wp\/v2\/posts\/38417\/revisions"}],"wp:featuredmedia":[{"embeddable":true,"href":"https:\/\/imagazine.it\/home_desk\/wp-json\/wp\/v2\/media\/38418"}],"wp:attachment":[{"href":"https:\/\/imagazine.it\/home_desk\/wp-json\/wp\/v2\/media?parent=38417"}],"wp:term":[{"taxonomy":"category","embeddable":true,"href":"https:\/\/imagazine.it\/home_desk\/wp-json\/wp\/v2\/categories?post=38417"},{"taxonomy":"post_tag","embeddable":true,"href":"https:\/\/imagazine.it\/home_desk\/wp-json\/wp\/v2\/tags?post=38417"}],"curies":[{"name":"wp","href":"https:\/\/api.w.org\/{rel}","templated":true}]}}