{"id":38411,"date":"2021-03-30T00:00:00","date_gmt":"2021-03-29T23:00:00","guid":{"rendered":"https:\/\/imagazine.it\/?p=38411"},"modified":"2021-03-30T00:00:00","modified_gmt":"2021-03-29T23:00:00","slug":"basket-in-carrozzina-gradisca-concede-il-bis","status":"publish","type":"post","link":"https:\/\/imagazine.it\/home_desk\/basket-in-carrozzina-gradisca-concede-il-bis\/","title":{"rendered":"Basket in carrozzina, Gradisca concede il bis"},"content":{"rendered":"<p> \tSecondo successo consecutivo per la <strong>Castelvecchio Gradisca<\/strong> nella serie cadetta di basket in carrozzina.<\/p>\n<p> \tI ragazzi di <strong>Sejmenovic<\/strong>, dopo quello di Vicenza, ottengono anche lo scalpo di <strong>Padova<\/strong>, dimostrando di essersi messi almeno parzialmente alle spalle il ko del debutto con Treviso.<\/p>\n<p> \tAnche se va detto che in terra euganea (<strong>67-54 il risultato alla sirena per gli isontini<\/strong>) non \u00e8 stata propriamente una passeggiata. La portacolori del FVG nel <em>wheelchair<\/em>, pur non brillando ancora per continuit\u00e0, \u00e8 comunque rimasta pur sempre in vantaggio per tutta la gara: sebbene il Cus Padova non abbia mai mollato la presa, tanto che nel terzo quarto tutto si \u00e8 rimesso in discussione.<\/p>\n<p> \tUn ultimo parziale di qualit\u00e0 ed esperienza ha scongiurato brutte sorprese per i biancoblu del presidente <strong>Egone Tomasinsig<\/strong>.<\/p>\n<p> \tSugli scudi il fromboliere sloveno <strong>Milan Slapnicar<\/strong> che mette a segno un sontuoso bottino personale di 30 punti.<\/p>\n<p> \tIl CUS Padova si \u00e8 dimostrata una squadra con ottimi elementi, ragazzi giovani pieni di capacit\u00e0 e buona volont\u00e0. Per la Castelvecchio un passettino verso la forma migliore, anche se vanno migliorati meccanismi e gestione della gara.<\/p>\n<p> \tDopo la sosta pasquale, il 10 aprile la Castelvecchio incontrer\u00e0 il fanalino di coda Albatros Trento.<\/p>\n<p> \t<em>Il tabellino: Braida, Serio 10, Ambrosetti 12, Mucchiut, Fiorino, Slapnicar 30, Vitalyos, Kuduzovic 13, Sejmenovic 2. All. Sejmenovic.<\/em><\/p>\n","protected":false},"excerpt":{"rendered":"<p>Successo in trasferta a Padova<\/p>\n","protected":false},"author":22,"featured_media":38412,"comment_status":"closed","ping_status":"closed","sticky":false,"template":"","format":"standard","meta":{"dwc-title":[],"dwc-content":[],"footnotes":""},"categories":[38],"tags":[],"class_list":["post-38411","post","type-post","status-publish","format-standard","has-post-thumbnail","hentry","category-sport"],"rttpg_featured_image_url":{"full":["https:\/\/imagazine.it\/wp-content\/uploads\/2024\/01\/39037-1.webp",960,624,false],"landscape":["https:\/\/imagazine.it\/wp-content\/uploads\/2024\/01\/39037-1.webp",960,624,false],"portraits":["https:\/\/imagazine.it\/wp-content\/uploads\/2024\/01\/39037-1.webp",960,624,false],"thumbnail":["https:\/\/imagazine.it\/wp-content\/uploads\/2024\/01\/39037-1-150x150.webp",150,150,true],"medium":["https:\/\/imagazine.it\/wp-content\/uploads\/2024\/01\/39037-1-300x195.webp",300,195,true],"large":["https:\/\/imagazine.it\/wp-content\/uploads\/2024\/01\/39037-1.webp",640,416,false],"thumblist":["https:\/\/imagazine.it\/wp-content\/uploads\/2024\/01\/39037-1.webp",300,195,false],"thumbrelated":["https:\/\/imagazine.it\/wp-content\/uploads\/2024\/01\/39037-1.webp",500,325,false],"meccarouselthumb":["https:\/\/imagazine.it\/wp-content\/uploads\/2024\/01\/39037-1.webp",474,308,false],"gridsquare":["https:\/\/imagazine.it\/wp-content\/uploads\/2024\/01\/39037-1.webp",391,254,false],"tileview":["https:\/\/imagazine.it\/wp-content\/uploads\/2024\/01\/39037-1.webp",300,195,false],"1536x1536":["https:\/\/imagazine.it\/wp-content\/uploads\/2024\/01\/39037-1.webp",960,624,false],"2048x2048":["https:\/\/imagazine.it\/wp-content\/uploads\/2024\/01\/39037-1.webp",960,624,false],"newsup-slider-full":["https:\/\/imagazine.it\/wp-content\/uploads\/2024\/01\/39037-1.webp",960,624,false],"newsup-featured":["https:\/\/imagazine.it\/wp-content\/uploads\/2024\/01\/39037-1.webp",960,624,false],"newsup-medium":["https:\/\/imagazine.it\/wp-content\/uploads\/2024\/01\/39037-1-720x380.webp",720,380,true],"tptn_thumbnail":["https:\/\/imagazine.it\/wp-content\/uploads\/2024\/01\/39037-1.webp",250,163,false],"sow-carousel-default":["https:\/\/imagazine.it\/wp-content\/uploads\/2024\/01\/39037-1-272x182.webp",272,182,true]},"rttpg_author":{"display_name":"Livio Nonis","author_link":"https:\/\/imagazine.it\/home_desk\/author\/nonis\/"},"rttpg_comment":0,"rttpg_category":"<a href=\"https:\/\/imagazine.it\/home_desk\/category\/sport\/\" rel=\"category tag\">SPORT<\/a>","rttpg_excerpt":"Successo in trasferta a Padova","_links":{"self":[{"href":"https:\/\/imagazine.it\/home_desk\/wp-json\/wp\/v2\/posts\/38411","targetHints":{"allow":["GET"]}}],"collection":[{"href":"https:\/\/imagazine.it\/home_desk\/wp-json\/wp\/v2\/posts"}],"about":[{"href":"https:\/\/imagazine.it\/home_desk\/wp-json\/wp\/v2\/types\/post"}],"author":[{"embeddable":true,"href":"https:\/\/imagazine.it\/home_desk\/wp-json\/wp\/v2\/users\/22"}],"replies":[{"embeddable":true,"href":"https:\/\/imagazine.it\/home_desk\/wp-json\/wp\/v2\/comments?post=38411"}],"version-history":[{"count":0,"href":"https:\/\/imagazine.it\/home_desk\/wp-json\/wp\/v2\/posts\/38411\/revisions"}],"wp:featuredmedia":[{"embeddable":true,"href":"https:\/\/imagazine.it\/home_desk\/wp-json\/wp\/v2\/media\/38412"}],"wp:attachment":[{"href":"https:\/\/imagazine.it\/home_desk\/wp-json\/wp\/v2\/media?parent=38411"}],"wp:term":[{"taxonomy":"category","embeddable":true,"href":"https:\/\/imagazine.it\/home_desk\/wp-json\/wp\/v2\/categories?post=38411"},{"taxonomy":"post_tag","embeddable":true,"href":"https:\/\/imagazine.it\/home_desk\/wp-json\/wp\/v2\/tags?post=38411"}],"curies":[{"name":"wp","href":"https:\/\/api.w.org\/{rel}","templated":true}]}}