{"id":38361,"date":"2021-03-25T00:00:00","date_gmt":"2021-03-24T23:00:00","guid":{"rendered":"https:\/\/imagazine.it\/?p=38361"},"modified":"2021-03-25T00:00:00","modified_gmt":"2021-03-24T23:00:00","slug":"in-fvg-la-app-per-prenotare-le-mense-universitarie","status":"publish","type":"post","link":"https:\/\/imagazine.it\/home_desk\/in-fvg-la-app-per-prenotare-le-mense-universitarie\/","title":{"rendered":"In FVG la app per prenotare le mense universitarie"},"content":{"rendered":"<p> \tSi chiama <strong><em>bookAmeal<\/em><\/strong> ed \u00e8 la nuova applicazione mobile creata dall&#39;<strong>Agenzia<\/strong> <strong>regionale per il diritto allo studio<\/strong> che consente la prenotazione dei pasti per gli studenti che si avvalgono del servizio mensa nelle <strong>Universit\u00e0 di Udine e Trieste<\/strong>.<\/p>\n<p> \tFinalizzata a evitare assembramenti e garantire una fruizione ordinata e puntuale del servizio, la app \u00e8 scaricabile su dispositivi Android e Apple, \u00e8 gi\u00e0 operativa per la mensa centrale di Trieste e presto il suo utilizzo sar\u00e0 esteso anche alla mensa del polo universitario dei Rizzi a Udine.<\/p>\n<p> \tL&#39;utente pu\u00f2 prenotare orario e tipologia di pasto, intero o ridotto. La prossima versione della app consentir\u00e0 anche prenotazioni per diverse giornate, per programmare un afflusso diluito lungo l&#39;orario di refezione dei ragazzi.<\/p>\n<p> \tL&#39;assessore regionale all&#39;Istruzione e Universit\u00e0, <strong>Alessia Rosolen<\/strong>, spiega che &#8220;la app <em>bookAmeal<\/em> si affianca a un altro strumento, recentemente messo a disposizione degli studenti e degli altri frequentatori delle mense universitarie, per semplificare le operazioni di acquisto del pasto: la ricarica del borsellino elettronico attraverso i servizi online del sito <u><a href=\"http:\/\/www.ardis.fvg.it\" target=\"_blank\" rel=\"noopener\"><span style=\"color:#0000ff;\"><strong>www.ardis.fvg.it<\/strong><\/span><\/a><\/u>&#8220;.<\/p>\n<p> \t&#8220;Grazie a questa app &#8211; conclude Rosolen &#8211; si persegue l&#39;obiettivo non solo di aumentare la sicurezza per la salute degli studenti, evitando loro assembramenti, ma di ampliare il novero delle sedi raggiunte dal servizio di ristorazione, estendendolo anche a quei plessi dove gli studenti da tempo lamentano una carenza di opportunit\u00e0&#8221;.<\/p>\n<p> \tIn tempi ordinari, le mense universitarie sono frequentate da circa 3.500 tra studenti e personale, di cui 1.500 alla mensa centrale dell&#39;ateneo triestino.<\/p>\n","protected":false},"excerpt":{"rendered":"<p>Operativa &#8220;bookAmeal&#8221;<\/p>\n","protected":false},"author":28,"featured_media":38362,"comment_status":"closed","ping_status":"closed","sticky":false,"template":"","format":"standard","meta":{"dwc-title":[],"dwc-content":[],"footnotes":""},"categories":[5],"tags":[],"class_list":["post-38361","post","type-post","status-publish","format-standard","has-post-thumbnail","hentry","category-attualita"],"rttpg_featured_image_url":{"full":["https:\/\/imagazine.it\/wp-content\/uploads\/2024\/01\/38966-1.webp",1000,668,false],"landscape":["https:\/\/imagazine.it\/wp-content\/uploads\/2024\/01\/38966-1.webp",1000,668,false],"portraits":["https:\/\/imagazine.it\/wp-content\/uploads\/2024\/01\/38966-1.webp",1000,668,false],"thumbnail":["https:\/\/imagazine.it\/wp-content\/uploads\/2024\/01\/38966-1-150x150.webp",150,150,true],"medium":["https:\/\/imagazine.it\/wp-content\/uploads\/2024\/01\/38966-1-300x200.webp",300,200,true],"large":["https:\/\/imagazine.it\/wp-content\/uploads\/2024\/01\/38966-1.webp",640,428,false],"thumblist":["https:\/\/imagazine.it\/wp-content\/uploads\/2024\/01\/38966-1.webp",300,200,false],"thumbrelated":["https:\/\/imagazine.it\/wp-content\/uploads\/2024\/01\/38966-1.webp",500,334,false],"meccarouselthumb":["https:\/\/imagazine.it\/wp-content\/uploads\/2024\/01\/38966-1.webp",474,317,false],"gridsquare":["https:\/\/imagazine.it\/wp-content\/uploads\/2024\/01\/38966-1.webp",389,260,false],"tileview":["https:\/\/imagazine.it\/wp-content\/uploads\/2024\/01\/38966-1.webp",300,200,false],"1536x1536":["https:\/\/imagazine.it\/wp-content\/uploads\/2024\/01\/38966-1.webp",1000,668,false],"2048x2048":["https:\/\/imagazine.it\/wp-content\/uploads\/2024\/01\/38966-1.webp",1000,668,false],"newsup-slider-full":["https:\/\/imagazine.it\/wp-content\/uploads\/2024\/01\/38966-1.webp",1000,668,false],"newsup-featured":["https:\/\/imagazine.it\/wp-content\/uploads\/2024\/01\/38966-1.webp",1000,668,false],"newsup-medium":["https:\/\/imagazine.it\/wp-content\/uploads\/2024\/01\/38966-1-720x380.webp",720,380,true],"tptn_thumbnail":["https:\/\/imagazine.it\/wp-content\/uploads\/2024\/01\/38966-1.webp",250,167,false],"sow-carousel-default":["https:\/\/imagazine.it\/wp-content\/uploads\/2024\/01\/38966-1-272x182.webp",272,182,true]},"rttpg_author":{"display_name":"redazione","author_link":"https:\/\/imagazine.it\/home_desk\/author\/redazione\/"},"rttpg_comment":0,"rttpg_category":"<a href=\"https:\/\/imagazine.it\/home_desk\/category\/attualita\/\" rel=\"category tag\">ATTUALIT\u00c0<\/a>","rttpg_excerpt":"Operativa \"bookAmeal\"","_links":{"self":[{"href":"https:\/\/imagazine.it\/home_desk\/wp-json\/wp\/v2\/posts\/38361","targetHints":{"allow":["GET"]}}],"collection":[{"href":"https:\/\/imagazine.it\/home_desk\/wp-json\/wp\/v2\/posts"}],"about":[{"href":"https:\/\/imagazine.it\/home_desk\/wp-json\/wp\/v2\/types\/post"}],"author":[{"embeddable":true,"href":"https:\/\/imagazine.it\/home_desk\/wp-json\/wp\/v2\/users\/28"}],"replies":[{"embeddable":true,"href":"https:\/\/imagazine.it\/home_desk\/wp-json\/wp\/v2\/comments?post=38361"}],"version-history":[{"count":0,"href":"https:\/\/imagazine.it\/home_desk\/wp-json\/wp\/v2\/posts\/38361\/revisions"}],"wp:featuredmedia":[{"embeddable":true,"href":"https:\/\/imagazine.it\/home_desk\/wp-json\/wp\/v2\/media\/38362"}],"wp:attachment":[{"href":"https:\/\/imagazine.it\/home_desk\/wp-json\/wp\/v2\/media?parent=38361"}],"wp:term":[{"taxonomy":"category","embeddable":true,"href":"https:\/\/imagazine.it\/home_desk\/wp-json\/wp\/v2\/categories?post=38361"},{"taxonomy":"post_tag","embeddable":true,"href":"https:\/\/imagazine.it\/home_desk\/wp-json\/wp\/v2\/tags?post=38361"}],"curies":[{"name":"wp","href":"https:\/\/api.w.org\/{rel}","templated":true}]}}