{"id":38319,"date":"2021-03-23T00:00:00","date_gmt":"2021-03-22T23:00:00","guid":{"rendered":"https:\/\/imagazine.it\/?p=38319"},"modified":"2021-03-23T00:00:00","modified_gmt":"2021-03-22T23:00:00","slug":"vaccino-covid-partono-le-prenotazioni-per-persone-fragili-e-over-75","status":"publish","type":"post","link":"https:\/\/imagazine.it\/home_desk\/vaccino-covid-partono-le-prenotazioni-per-persone-fragili-e-over-75\/","title":{"rendered":"Vaccino Covid, partono le prenotazioni per persone fragili e over 75"},"content":{"rendered":"<p> \tPartono mercoled\u00ec 24 marzo le <strong>prenotazioni in Friuli Venezia Giulia<\/strong> per la vaccinazione contro il covid-19 delle persone fragili e degli anziani dai 75 ai 79 (Call center al numero <strong>0434 223522<\/strong>, <strong>CUP<\/strong> e <strong>farmacie<\/strong>).<\/p>\n<p> \tLo ha confermato oggi a Trieste nel corso della seduta di Consiglio regionale il vicegovernatore con delega alla Salute, <strong>Riccardo Riccardi<\/strong>.<\/p>\n<p> \tNel dettaglio, \u00e8 stata definita l&#39;individuazione della categoria della fragilit\u00e0 a cui saranno destinati i sieri Pfizer e Moderna: persone a elevata fragilit\u00e0 (malattie respiratorie, malattie cardiocircolatorie, malattie neurologiche, diabete\/altre endocrinopatie severe, fibrosi cistica, malattia epatica, malattie cerebrovascolari, patologie oncologica, emoglobinopatie, sindrome di Down, grave obesit\u00e0. Inoltre per insufficienza renale\/patologia renale e HIV la vaccinazione sar\u00e0 programmata direttamente dai Centri dialisi e dai centri di riferimento a partire dal mercoled\u00ec 24 marzo 2021); persone a elevata fragilit\u00e0 e conviventi di persone a elevata fragilit\u00e0 (malattie neurologiche, malattie autoimmuni- immunodeficienze primitive, patologie oncologiche); persone in lista d&#39;attesa per trapianti o trapiantati e loro conviventi (trapianto di organo solido e di cellule staminali emopoietiche); disabili gravi e loro familiari conviventi e <em>caregiver<\/em> che forniscono assistenza continuativa in forma gratuita o a contratto (disabilit\u00e0 fisica, sensoriale, intellettiva, psichica).<\/p>\n<p> \tL&#39;altra categoria a cui \u00e8 destinata questa seconda parte della campagna vaccinale \u00e8 quella delle persone di et\u00e0 compresa dai 75 ai 79 anni (vaccino AstraZeneca se persone senza gravi patologie). A tal riguardo Riccardi ha precisato che, se le dosi di siero disponibili lo permetteranno, la campagna di vaccinazione sar\u00e0 estesa progressivamente alle classi di et\u00e0 successive (74-70, 69-65, 64-60) e ne sar\u00e0 data specifica comunicazione.<\/p>\n<p> \tLa categoria dei &#8220;servizi essenziali&#8221; nell&#39;aggiornamento delle linee di indirizzo ministeriali non \u00e8 pi\u00f9 prevista.<\/p>\n<p> \tIn merito \u00e8 stata aggiornata la tabella con l&#39;indicazione delle seguenti categorie (vaccino AstraZeneca): personale scolastico e universitario (docente e non docente); Forze Armate, di Polizia e del soccorso pubblico (Forze Armate, Polizia di Stato, Guardia di Finanza, Capitaneria di Porto, Vigili del Fuoco, Polizia locale e Protezione civile); servizi penitenziari (Polizia penitenziaria, personale carcerario, detenuti); Comunit\u00e0 residenziali (socio sanitarie, civili e religiose). A tal riguardo le attivit\u00e0 di vaccinazione proseguono sulle categorie finora attivate e si ampliano a quelle aggiunte mediante prenotazione.<\/p>\n<p> \t&#8220;Le fragilit\u00e0 \u2013 conferma Riccardi \u2013 possono essere immunizzate solo con Pfizer e Moderna. Per questo motivo, solo con la recente conferma dell&#39;arrivo delle dosi di Pfizer (179 mila dal 23\/3 al 27\/4) responsabilmente abbiamo dato il via alle prenotazioni per questa categoria&#8221;.<br \/> \tPer le operazioni di vaccinazione sono stati attivati 50 punti su tutto il territorio regionale (ospedali, tensostrutture, palestre, distretti, fiere ed ex spazi portuali).<\/p>\n<p> \tDa oggi, inoltre, tutti i <strong>pazienti trapiantati<\/strong> residenti in regione saranno contattati dal personale degli ambulatori trapianti e dal centro regionale trapianti per prenotare la vaccinazione che sar\u00e0 effettuata nel padiglione d&#39;ingresso del presidio ospedaliero universitario <strong>Santa Maria della Misericordia a Udine<\/strong> a cominciare da sabato 27 marzo dalle 14 alle 18. I pazienti in lista d&#39;attesa per trapianto di rene, dializzati (emodializzati e in dialisi peritoneale) e i pazienti trapiantati di rene potranno essere vaccinati nelle sedi di afferenza dal prossimo 26 marzo.<\/p>\n<p> \t&#8220;Grazie alla collaborazione della direzione dell&#39;Azienda Sanitaria Universitaria Friuli Centrale (Asufc), del dipartimento di prevenzione, dei centri di trapianto di cuore, di fegato, di rene e di cellule staminali del centro regionale trapianti sono state organizzate pi\u00f9 sessioni vaccinali &#8211; ha specificato Riccardi &#8211; e per una maggiore sicurezza, il numero di persone convocate per ogni seduta \u00e8 stato ridotto cos\u00ec da intervallare al meglio le procedure ed evitare l&#39;affollamento. Il vaccino utilizzato sar\u00e0 quello a mRNA&#8221;.<\/p>\n<p> \tIl personale degli ambulatori trapianti provveder\u00e0 alla convocazione, alla verifica dei criteri di idoneit\u00e0 ed a effettuare le domande relative al rischio Covid-19. Lo stesso proceder\u00e0 ad effettuare le inoculazioni negli ambulatori al piano terra del padiglione d&#39;ingresso dell&#39;ospedale Maria della Misericordia.<\/p>\n<p> \tLa persona che intende vaccinarsi si presenter\u00e0 al piano terra del padiglione d&#39;ingresso all&#39;orario previsto dalla prenotazione, con la tessera sanitaria e se possibile con il modulo di consenso informato gi\u00e0 compilato. Subito dopo la vaccinazione le verr\u00e0 fornito l&#39;appuntamento per la seconda dose.<\/p>\n<p> \tIl Centro di trapianto di cuore provveder\u00e0 a convocare i pazienti residenti in Friuli Venezia Giulia e i pazienti trapiantati fuori regione.<\/p>\n<p> \tSul <u><strong><a href=\"https:\/\/asufc.sanita.fvg.it\/it\/news\/vaccinazione_covid.html\" target=\"_blank\" rel=\"noopener\"><span style=\"color:#0000ff;\">sito web dell&#39;Asufc<\/span><\/a><\/strong><\/u> sono reperibili ulteriori informazioni e la modulistica riferita al consenso informato.\u00a0<\/p>\n","protected":false},"excerpt":{"rendered":"<p>L&#8217;annuncio del vicegovernatore Riccardi<\/p>\n","protected":false},"author":28,"featured_media":38320,"comment_status":"closed","ping_status":"closed","sticky":false,"template":"","format":"standard","meta":{"dwc-title":[],"dwc-content":[],"footnotes":""},"categories":[5],"tags":[],"class_list":["post-38319","post","type-post","status-publish","format-standard","has-post-thumbnail","hentry","category-attualita"],"rttpg_featured_image_url":{"full":["https:\/\/imagazine.it\/wp-content\/uploads\/2024\/01\/38907-1.webp",1000,667,false],"landscape":["https:\/\/imagazine.it\/wp-content\/uploads\/2024\/01\/38907-1.webp",1000,667,false],"portraits":["https:\/\/imagazine.it\/wp-content\/uploads\/2024\/01\/38907-1.webp",1000,667,false],"thumbnail":["https:\/\/imagazine.it\/wp-content\/uploads\/2024\/01\/38907-1-150x150.webp",150,150,true],"medium":["https:\/\/imagazine.it\/wp-content\/uploads\/2024\/01\/38907-1-300x200.webp",300,200,true],"large":["https:\/\/imagazine.it\/wp-content\/uploads\/2024\/01\/38907-1.webp",640,427,false],"thumblist":["https:\/\/imagazine.it\/wp-content\/uploads\/2024\/01\/38907-1.webp",300,200,false],"thumbrelated":["https:\/\/imagazine.it\/wp-content\/uploads\/2024\/01\/38907-1.webp",500,334,false],"meccarouselthumb":["https:\/\/imagazine.it\/wp-content\/uploads\/2024\/01\/38907-1.webp",474,316,false],"gridsquare":["https:\/\/imagazine.it\/wp-content\/uploads\/2024\/01\/38907-1.webp",391,260,false],"tileview":["https:\/\/imagazine.it\/wp-content\/uploads\/2024\/01\/38907-1.webp",300,200,false],"1536x1536":["https:\/\/imagazine.it\/wp-content\/uploads\/2024\/01\/38907-1.webp",1000,667,false],"2048x2048":["https:\/\/imagazine.it\/wp-content\/uploads\/2024\/01\/38907-1.webp",1000,667,false],"newsup-slider-full":["https:\/\/imagazine.it\/wp-content\/uploads\/2024\/01\/38907-1.webp",1000,667,false],"newsup-featured":["https:\/\/imagazine.it\/wp-content\/uploads\/2024\/01\/38907-1.webp",1000,667,false],"newsup-medium":["https:\/\/imagazine.it\/wp-content\/uploads\/2024\/01\/38907-1-720x380.webp",720,380,true],"tptn_thumbnail":["https:\/\/imagazine.it\/wp-content\/uploads\/2024\/01\/38907-1.webp",250,167,false],"sow-carousel-default":["https:\/\/imagazine.it\/wp-content\/uploads\/2024\/01\/38907-1-272x182.webp",272,182,true]},"rttpg_author":{"display_name":"redazione","author_link":"https:\/\/imagazine.it\/home_desk\/author\/redazione\/"},"rttpg_comment":0,"rttpg_category":"<a href=\"https:\/\/imagazine.it\/home_desk\/category\/attualita\/\" rel=\"category tag\">ATTUALIT\u00c0<\/a>","rttpg_excerpt":"L'annuncio del vicegovernatore Riccardi","_links":{"self":[{"href":"https:\/\/imagazine.it\/home_desk\/wp-json\/wp\/v2\/posts\/38319","targetHints":{"allow":["GET"]}}],"collection":[{"href":"https:\/\/imagazine.it\/home_desk\/wp-json\/wp\/v2\/posts"}],"about":[{"href":"https:\/\/imagazine.it\/home_desk\/wp-json\/wp\/v2\/types\/post"}],"author":[{"embeddable":true,"href":"https:\/\/imagazine.it\/home_desk\/wp-json\/wp\/v2\/users\/28"}],"replies":[{"embeddable":true,"href":"https:\/\/imagazine.it\/home_desk\/wp-json\/wp\/v2\/comments?post=38319"}],"version-history":[{"count":0,"href":"https:\/\/imagazine.it\/home_desk\/wp-json\/wp\/v2\/posts\/38319\/revisions"}],"wp:featuredmedia":[{"embeddable":true,"href":"https:\/\/imagazine.it\/home_desk\/wp-json\/wp\/v2\/media\/38320"}],"wp:attachment":[{"href":"https:\/\/imagazine.it\/home_desk\/wp-json\/wp\/v2\/media?parent=38319"}],"wp:term":[{"taxonomy":"category","embeddable":true,"href":"https:\/\/imagazine.it\/home_desk\/wp-json\/wp\/v2\/categories?post=38319"},{"taxonomy":"post_tag","embeddable":true,"href":"https:\/\/imagazine.it\/home_desk\/wp-json\/wp\/v2\/tags?post=38319"}],"curies":[{"name":"wp","href":"https:\/\/api.w.org\/{rel}","templated":true}]}}