{"id":38309,"date":"2021-03-23T00:00:00","date_gmt":"2021-03-22T23:00:00","guid":{"rendered":"https:\/\/imagazine.it\/?p=38309"},"modified":"2021-03-23T00:00:00","modified_gmt":"2021-03-22T23:00:00","slug":"monfalcone-mcdonalds-dona-pasti-caldi-alla-caritas","status":"publish","type":"post","link":"https:\/\/imagazine.it\/home_desk\/monfalcone-mcdonalds-dona-pasti-caldi-alla-caritas\/","title":{"rendered":"Monfalcone, McDonald&#8217;s dona pasti caldi alla Caritas"},"content":{"rendered":"<p> \tPartita con successo a <strong>Monfalcone<\/strong> l\u2019iniziativa <strong><em>Sempre aperti a donare<\/em><\/strong>, nella quale <strong>McDonald\u2019s e Fondazione per l\u2019Infanzia Ronald McDonald <\/strong>doneranno <strong>25 pasti caldi ogni settimana, per 12 settimane, a Caritas<\/strong>.<\/p>\n<p> \tIl ristorante di <strong>via Pocar<\/strong> \u00e8 coinvolto da vicino nel progetto; il team di lavoro del locale infatti si occupa della preparazione dei pasti, successivamente ritirati e distribuiti alla <strong>Caritas della Parrocchia di Monfalcone. <\/strong><\/p>\n<p> \tSabato scorso, all\u2019inaugurazione dell\u2019iniziativa, sono intervenuti anche il sindaco <strong>Anna Maria Cisint<\/strong>, l\u2019assessore comunale <strong>Giuliana Garimberti<\/strong> e il parroco<b> don Flavio Zanetti.<\/b><\/p>\n<p> \t\u201cLa mattina \u2013 spiega <strong>Claudio Fossati<\/strong>, titolare di Silver Fox, azienda che gestisce il ristorante di via Pocar \u2013 ha avuto per noi un duplice significato: oltre alla partenza di <em>Sempre aperti a donare<\/em> anche la possibilit\u00e0 di farci conoscere meglio, far conoscere le nostre persone e la nostra organizzazione. I lavoratori si sono presentati e, oltre alle foto di rito, gli ospiti hanno partecipato alla preparazione in diretta dei pasti. \u00c8 stata una mattinata intensa per le finalit\u00e0 e per il coinvolgimento delle nostre persone, che sono e si sentono fiere di aiutare direttamente la nostra comunit\u00e0\u201d.<\/p>\n<p> \t\u00a0<\/p>\n<p> \t\u00a0<\/p>\n<p> \tL\u2019iniziativa <strong><em>Sempre aperti a donare<\/em><\/strong>, partita nel mese di dicembre, vuole portare conforto a chi \u00e8 in difficolt\u00e0; per questo, il progetto prevede la donazione di <strong>100.000 pasti caldi <\/strong>entro la <strong>fine di marzo <\/strong>alle strutture di accoglienza che ospitano famiglie e persone fragili in <strong>diverse citt\u00e0 italiane<\/strong>.<\/p>\n","protected":false},"excerpt":{"rendered":"<p>Iniziativa \u201cSempre aperti a donare\u201d<\/p>\n","protected":false},"author":28,"featured_media":38310,"comment_status":"closed","ping_status":"closed","sticky":false,"template":"","format":"standard","meta":{"dwc-title":[],"dwc-content":[],"footnotes":""},"categories":[5],"tags":[],"class_list":["post-38309","post","type-post","status-publish","format-standard","has-post-thumbnail","hentry","category-attualita"],"rttpg_featured_image_url":{"full":["https:\/\/imagazine.it\/wp-content\/uploads\/2024\/01\/38889-1.webp",1912,1110,false],"landscape":["https:\/\/imagazine.it\/wp-content\/uploads\/2024\/01\/38889-1.webp",1912,1110,false],"portraits":["https:\/\/imagazine.it\/wp-content\/uploads\/2024\/01\/38889-1.webp",1912,1110,false],"thumbnail":["https:\/\/imagazine.it\/wp-content\/uploads\/2024\/01\/38889-1-150x150.webp",150,150,true],"medium":["https:\/\/imagazine.it\/wp-content\/uploads\/2024\/01\/38889-1-300x174.webp",300,174,true],"large":["https:\/\/imagazine.it\/wp-content\/uploads\/2024\/01\/38889-1-1024x594.webp",640,371,true],"thumblist":["https:\/\/imagazine.it\/wp-content\/uploads\/2024\/01\/38889-1.webp",300,174,false],"thumbrelated":["https:\/\/imagazine.it\/wp-content\/uploads\/2024\/01\/38889-1.webp",500,290,false],"meccarouselthumb":["https:\/\/imagazine.it\/wp-content\/uploads\/2024\/01\/38889-1.webp",474,275,false],"gridsquare":["https:\/\/imagazine.it\/wp-content\/uploads\/2024\/01\/38889-1.webp",391,227,false],"tileview":["https:\/\/imagazine.it\/wp-content\/uploads\/2024\/01\/38889-1.webp",300,174,false],"1536x1536":["https:\/\/imagazine.it\/wp-content\/uploads\/2024\/01\/38889-1-1536x892.webp",1536,892,true],"2048x2048":["https:\/\/imagazine.it\/wp-content\/uploads\/2024\/01\/38889-1.webp",1912,1110,false],"newsup-slider-full":["https:\/\/imagazine.it\/wp-content\/uploads\/2024\/01\/38889-1-1280x720.webp",1280,720,true],"newsup-featured":["https:\/\/imagazine.it\/wp-content\/uploads\/2024\/01\/38889-1-1024x594.webp",1024,594,true],"newsup-medium":["https:\/\/imagazine.it\/wp-content\/uploads\/2024\/01\/38889-1-720x380.webp",720,380,true],"tptn_thumbnail":["https:\/\/imagazine.it\/wp-content\/uploads\/2024\/01\/38889-1.webp",250,145,false],"sow-carousel-default":["https:\/\/imagazine.it\/wp-content\/uploads\/2024\/01\/38889-1-272x182.webp",272,182,true]},"rttpg_author":{"display_name":"redazione","author_link":"https:\/\/imagazine.it\/home_desk\/author\/redazione\/"},"rttpg_comment":0,"rttpg_category":"<a href=\"https:\/\/imagazine.it\/home_desk\/category\/attualita\/\" rel=\"category tag\">ATTUALIT\u00c0<\/a>","rttpg_excerpt":"Iniziativa \u201cSempre aperti a donare\u201d","_links":{"self":[{"href":"https:\/\/imagazine.it\/home_desk\/wp-json\/wp\/v2\/posts\/38309","targetHints":{"allow":["GET"]}}],"collection":[{"href":"https:\/\/imagazine.it\/home_desk\/wp-json\/wp\/v2\/posts"}],"about":[{"href":"https:\/\/imagazine.it\/home_desk\/wp-json\/wp\/v2\/types\/post"}],"author":[{"embeddable":true,"href":"https:\/\/imagazine.it\/home_desk\/wp-json\/wp\/v2\/users\/28"}],"replies":[{"embeddable":true,"href":"https:\/\/imagazine.it\/home_desk\/wp-json\/wp\/v2\/comments?post=38309"}],"version-history":[{"count":0,"href":"https:\/\/imagazine.it\/home_desk\/wp-json\/wp\/v2\/posts\/38309\/revisions"}],"wp:featuredmedia":[{"embeddable":true,"href":"https:\/\/imagazine.it\/home_desk\/wp-json\/wp\/v2\/media\/38310"}],"wp:attachment":[{"href":"https:\/\/imagazine.it\/home_desk\/wp-json\/wp\/v2\/media?parent=38309"}],"wp:term":[{"taxonomy":"category","embeddable":true,"href":"https:\/\/imagazine.it\/home_desk\/wp-json\/wp\/v2\/categories?post=38309"},{"taxonomy":"post_tag","embeddable":true,"href":"https:\/\/imagazine.it\/home_desk\/wp-json\/wp\/v2\/tags?post=38309"}],"curies":[{"name":"wp","href":"https:\/\/api.w.org\/{rel}","templated":true}]}}