{"id":38271,"date":"2021-03-19T00:00:00","date_gmt":"2021-03-18T23:00:00","guid":{"rendered":"https:\/\/imagazine.it\/?p=38271"},"modified":"2021-03-19T00:00:00","modified_gmt":"2021-03-18T23:00:00","slug":"la-plastica-per-larte-e-friulano-lunico-progetto-italiano-premiato-in-europa","status":"publish","type":"post","link":"https:\/\/imagazine.it\/home_desk\/la-plastica-per-larte-e-friulano-lunico-progetto-italiano-premiato-in-europa\/","title":{"rendered":"La plastica per l&#8217;arte, \u00e8 friulano l&#8217;unico progetto italiano premiato in Europa"},"content":{"rendered":"<p> \t<strong>&#8220;<em>PlasticArt &#8211; La plastica per l&#39;arte<\/em>&#8221; <\/strong>(<u><strong><a href=\"https:\/\/www.youtube.com\/watch?v=bpIcRkTConw\" target=\"_blank\" rel=\"noopener\"><span style=\"color:#0000ff;\">guarda il video<\/span><\/a><\/strong><\/u>)<strong>\u00a0<\/strong>si \u00e8 aggiudicato<strong> l\u2019ENCC UPgrants <\/strong>per la \u201csostenibilit\u00e0 ambientale\u201d, iniziativa di respiro europeo che ha visto la partecipazione di oltre 40 progetti.<\/p>\n<p> \tL\u2019ufficialit\u00e0 \u00e8 giunta proprio nella<strong> Giornata mondiale del riciclo, il 18 marzo 2021<\/strong>.<\/p>\n<p> \t\u00ab<em>Il riconoscimento dell\u2019ENCC ci riempie di orgoglio e attesta sia la qualit\u00e0 progettuale di Plasticart che la necessit\u00e0, a livello internazionale, di una spinta verso una gestione pi\u00f9 sostenibile<\/em> <em>delle risorse <\/em>\u2013 ha spiegato <strong>Francesco Nguyen<\/strong>, presidente di Cas*Aupa di Udine, Circolo Arci ideatore del progetto \u2013. <em>Non a caso oggi \u00e8 in programma un nuovo sciopero globale sul clima. Un tema a cui il nostro progetto di riciclo creativo della plastica \u00e8 indubbiamente legato. Ma soprattutto che vede tanti giovani spendersi, anche qui in Regione, nonostante spesso vengano ignorati dalle forze politiche, se non da vuote captatio benevolentiae<\/em>\u00bb.<\/p>\n<p> \tA premiare PlasticArt (<strong>unico progetto italiano vincitore<\/strong>) \u00e8 stata la combinazione dei <strong>voti di una giuria di esperti e di quella &#8220;popolare&#8221;<\/strong> che ha potuto scegliere online il suo progetto preferito.<\/p>\n<p> \tPlasticArt \u00e8 stato indicato come <strong>miglior progetto di \u201csostenibilit\u00e0 ambientale\u201d<\/strong> (gli atri filoni previsti erano: mobilit\u00e0 sostenibile; digitalizzazione etica\/riduzione dell&#39;impronta di carbonio digitale; ciclo di vita\/riciclaggio\/economia circolare; sostenibilit\u00e0 sociale), uno degli argomenti cardine (assieme a quella economica e sociale) dell&#39;Agenda 2030 per lo sviluppo sostenibile dell&#39;Ue. Ricever\u00e0 una <strong>sovvenzione di 3 mila euro <\/strong>oltre a essere presentato sul sito web e sulla newsletter dell&#39;ENCC, cos\u00ec come nella sua relazione annuale e in qualsiasi altra pubblicazione correlata.<\/p>\n<p> \t\u00ab<em>Siamo felicissimi di questo traguardo, che condividiamo con le tante persone che ci scrivono ogni giorno e che ci stanno dando attivamente una mano sia nel laboratorio che nella diffusione del progetto <\/em>\u2013 ha sottolineato <strong>Eleonora Majeroni<\/strong>, direttrice artistica di PlasticArt, il cui project management \u00e8 stato curato da <strong>Rossella Bugliesi<\/strong> \u2013<em>.<\/em> <em>Colgo anche occasione per ringraziare la Mattiussi Ecologia di Udine ci ha donato dei bidoni per lo stoccaggio. Questi nuovi fondi saranno utilizzati per migliorare ancora di pi\u00f9 il nostro spazio e il lavoro di congiunzione tra\u00a0mondo artistico, produttivo e della sostenibilit\u00e0 ambientale<\/em>\u00bb.<\/p>\n<p> \tGli ENCC UPgrants sono uno schema di micro-sovvenzioni aperto a tutti i centri socio-culturali europei, promosso dall&#39;European Network of Cultural Centres (ENCC &#8211; https:\/\/encc.eu), rete di centri culturali europei creato grazie al sostegno della Commissione Europea e che oggi raggiunge circa 5 mila luoghi di cultura in 25 paesi, con strutture, pratiche e pubblico molto diversi.<\/p>\n<p> \t&#8220;<em>PlasticArt &#8211; La plastica per l&#39;arte<\/em>&#8221; \u2013 realizzato da Cas*Aupa (Udine) con il contributo della Regione Friuli Venezia Giulia (bandi creativit\u00e0 2019), la collaborazione di Confartigianato Udine e delle associazioni FABLAB Udine, Mentilibere, Puntozero e Bloom \u2013 \u00e8 un <strong>progetto di riciclo artigianal-creativo che si concluder\u00e0 a giugno 2021<\/strong> e che <strong>punta a coinvolgere artisti\/designer\/artigiani under35 <\/strong>che vogliano mettere la propria creativit\u00e0 a servizio di un mondo migliore, liberandolo (almeno un po&#39;) dalla plastica.<\/p>\n<p> \tTre le parole d&#39;ordine: Raccogli, Trasforma, Crea. Attraverso macchinari di lavorazione artigianale, infatti, in questi mesi di &#8220;sperimentazione tecnica&#8221; la plastica \u00e8 stata trasformata e rielaborata come materiale grezzo per prodotti artistici e di design, poi riutilizzata per sviluppare prototipi di eco-design di prodotti in <strong>*<\/strong>PLA, grazie alla stampa 3D. A febbraio \u00e8 stata lanciata una call internazionale alla quale hanno risposto gi\u00e0 da tutto il mondo (Africa, Hong Kong, Usa ed Europa) che si chiuder\u00e0 il primo aprile. I selezionati potranno partecipare a una settimana di residenza che si terr\u00e0 in Friuli Venezia Giulia, dal 22 al 31 maggio 2021. Gli artisti\/designer\/artigiani (10 in presenza, ma sono previste anche modalit\u00e0 online in caso di limitazioni negli spostamenti) avranno l\u2019opportunit\u00e0 di prendere parte a un workshop artistico, imparare le tecniche di lavorazione, realizzare ed esporre la propria opera, entrando in contatto con aziende del territorio che si occupano di questo tema. Il progetto si concluder\u00e0 nel giugno 2021 con il PlasticArt Week, una manifestazione multi-disciplinare che comprender\u00e0 l&#39;esposizione delle opere realizzate in residenza, incontri\/lezioni divulgativi sul tema della plastica e del riciclo, workshop e laboratori ed eventi collaterali.<\/p>\n","protected":false},"excerpt":{"rendered":"<p>Successo all\u2019ENCC UPgrants<\/p>\n","protected":false},"author":28,"featured_media":38272,"comment_status":"closed","ping_status":"closed","sticky":false,"template":"","format":"standard","meta":{"dwc-title":[],"dwc-content":[],"footnotes":""},"categories":[37],"tags":[],"class_list":["post-38271","post","type-post","status-publish","format-standard","has-post-thumbnail","hentry","category-cultura-e-spettacolo"],"rttpg_featured_image_url":{"full":["https:\/\/imagazine.it\/wp-content\/uploads\/2024\/01\/38843-1.webp",1000,563,false],"landscape":["https:\/\/imagazine.it\/wp-content\/uploads\/2024\/01\/38843-1.webp",1000,563,false],"portraits":["https:\/\/imagazine.it\/wp-content\/uploads\/2024\/01\/38843-1.webp",1000,563,false],"thumbnail":["https:\/\/imagazine.it\/wp-content\/uploads\/2024\/01\/38843-1-150x150.webp",150,150,true],"medium":["https:\/\/imagazine.it\/wp-content\/uploads\/2024\/01\/38843-1-300x169.webp",300,169,true],"large":["https:\/\/imagazine.it\/wp-content\/uploads\/2024\/01\/38843-1.webp",640,360,false],"thumblist":["https:\/\/imagazine.it\/wp-content\/uploads\/2024\/01\/38843-1.webp",300,169,false],"thumbrelated":["https:\/\/imagazine.it\/wp-content\/uploads\/2024\/01\/38843-1.webp",500,282,false],"meccarouselthumb":["https:\/\/imagazine.it\/wp-content\/uploads\/2024\/01\/38843-1.webp",474,267,false],"gridsquare":["https:\/\/imagazine.it\/wp-content\/uploads\/2024\/01\/38843-1.webp",391,220,false],"tileview":["https:\/\/imagazine.it\/wp-content\/uploads\/2024\/01\/38843-1.webp",300,169,false],"1536x1536":["https:\/\/imagazine.it\/wp-content\/uploads\/2024\/01\/38843-1.webp",1000,563,false],"2048x2048":["https:\/\/imagazine.it\/wp-content\/uploads\/2024\/01\/38843-1.webp",1000,563,false],"newsup-slider-full":["https:\/\/imagazine.it\/wp-content\/uploads\/2024\/01\/38843-1.webp",1000,563,false],"newsup-featured":["https:\/\/imagazine.it\/wp-content\/uploads\/2024\/01\/38843-1.webp",1000,563,false],"newsup-medium":["https:\/\/imagazine.it\/wp-content\/uploads\/2024\/01\/38843-1-720x380.webp",720,380,true],"tptn_thumbnail":["https:\/\/imagazine.it\/wp-content\/uploads\/2024\/01\/38843-1.webp",250,141,false],"sow-carousel-default":["https:\/\/imagazine.it\/wp-content\/uploads\/2024\/01\/38843-1-272x182.webp",272,182,true]},"rttpg_author":{"display_name":"redazione","author_link":"https:\/\/imagazine.it\/home_desk\/author\/redazione\/"},"rttpg_comment":0,"rttpg_category":"<a href=\"https:\/\/imagazine.it\/home_desk\/category\/cultura-e-spettacolo\/\" rel=\"category tag\">CULTURA&amp;SPETTACOLO<\/a>","rttpg_excerpt":"Successo all\u2019ENCC UPgrants","_links":{"self":[{"href":"https:\/\/imagazine.it\/home_desk\/wp-json\/wp\/v2\/posts\/38271","targetHints":{"allow":["GET"]}}],"collection":[{"href":"https:\/\/imagazine.it\/home_desk\/wp-json\/wp\/v2\/posts"}],"about":[{"href":"https:\/\/imagazine.it\/home_desk\/wp-json\/wp\/v2\/types\/post"}],"author":[{"embeddable":true,"href":"https:\/\/imagazine.it\/home_desk\/wp-json\/wp\/v2\/users\/28"}],"replies":[{"embeddable":true,"href":"https:\/\/imagazine.it\/home_desk\/wp-json\/wp\/v2\/comments?post=38271"}],"version-history":[{"count":0,"href":"https:\/\/imagazine.it\/home_desk\/wp-json\/wp\/v2\/posts\/38271\/revisions"}],"wp:featuredmedia":[{"embeddable":true,"href":"https:\/\/imagazine.it\/home_desk\/wp-json\/wp\/v2\/media\/38272"}],"wp:attachment":[{"href":"https:\/\/imagazine.it\/home_desk\/wp-json\/wp\/v2\/media?parent=38271"}],"wp:term":[{"taxonomy":"category","embeddable":true,"href":"https:\/\/imagazine.it\/home_desk\/wp-json\/wp\/v2\/categories?post=38271"},{"taxonomy":"post_tag","embeddable":true,"href":"https:\/\/imagazine.it\/home_desk\/wp-json\/wp\/v2\/tags?post=38271"}],"curies":[{"name":"wp","href":"https:\/\/api.w.org\/{rel}","templated":true}]}}