{"id":38269,"date":"2021-03-19T00:00:00","date_gmt":"2021-03-18T23:00:00","guid":{"rendered":"https:\/\/imagazine.it\/?p=38269"},"modified":"2021-03-19T00:00:00","modified_gmt":"2021-03-18T23:00:00","slug":"monfalcone-nuovo-volto-al-canale-valentinis","status":"publish","type":"post","link":"https:\/\/imagazine.it\/home_desk\/monfalcone-nuovo-volto-al-canale-valentinis\/","title":{"rendered":"Monfalcone, nuovo volto al Canale Valentinis"},"content":{"rendered":"<p> \tPresentati a Monfalcone gli interventi che interesseranno il Canale Valentinis (<strong><u><a href=\"https:\/\/youtu.be\/xTCWvfgd1kY\" target=\"_blank\" rel=\"noopener\"><span style=\"color:#0000ff;\">guarda il video<\/span><\/a><\/u><\/strong>).<\/p>\n<p> \tIl progetto, che terminer\u00e0 ad aprile 2022, prevede interventi multipli di riqualificazione e strutturali: in primis l\u2019abbattimento dell\u2019attuale barriera, per cui sar\u00e0 possibile apprezzare la vicinanza del mare direttamente dalla strada, e da nuove gradinate a degradare. Una terrazza panoramica ad altezza strada coprir\u00e0 l\u2019ala polifunzionale che andr\u00e0 a valorizzare ulteriormente il mercato ittico e consentendo alle persone che attenderanno l\u2019attracco del Delfino Verde di aspettare all\u2019ombra.<\/p>\n<p> \tIl lavoro non toglier\u00e0 gli ormeggi per le barche, che resteranno quelli attuali; il parcheggio verr\u00e0 semplicemente traslato e non perso. Verr\u00e0 anche realizzata un\u2019area polifunzionale.<\/p>\n<p> \t\u201cCanale Valentinis \u2013 ha dichiarato la sindaca di Monfalcone, <strong>Anna Maria Cisint<\/strong> \u2013 per noi \u00e8 fondamentale per lo sviluppo turistico della citt\u00e0 e per l\u2019identit\u00e0 della comunit\u00e0 intera. Noi siamo una citt\u00e0 di mare e non possiamo dimenticare che il mare che entra in citt\u00e0 \u00e8 in centro. Quindi il canale Valentinis \u00e8 una forte attrattiva di richiamo per Monfalcone.<\/p>\n<p> \tIl finanziamento dei lavori di riqualificazione \u00e8 stato affidato al Consorzio per lo Sviluppo Economico del Monfalconese, grazie a fondi regionali per il valore di 4 milioni e 700 mila euro\u201d.<\/p>\n<p> \t\u00a0<\/p>\n","protected":false},"excerpt":{"rendered":"<p>Al via i lavori<\/p>\n","protected":false},"author":28,"featured_media":38270,"comment_status":"closed","ping_status":"closed","sticky":false,"template":"","format":"standard","meta":{"dwc-title":[],"dwc-content":[],"footnotes":""},"categories":[5],"tags":[],"class_list":["post-38269","post","type-post","status-publish","format-standard","has-post-thumbnail","hentry","category-attualita"],"rttpg_featured_image_url":{"full":["https:\/\/imagazine.it\/wp-content\/uploads\/2024\/01\/38841-1.webp",1000,750,false],"landscape":["https:\/\/imagazine.it\/wp-content\/uploads\/2024\/01\/38841-1.webp",1000,750,false],"portraits":["https:\/\/imagazine.it\/wp-content\/uploads\/2024\/01\/38841-1.webp",1000,750,false],"thumbnail":["https:\/\/imagazine.it\/wp-content\/uploads\/2024\/01\/38841-1-150x150.webp",150,150,true],"medium":["https:\/\/imagazine.it\/wp-content\/uploads\/2024\/01\/38841-1-300x225.webp",300,225,true],"large":["https:\/\/imagazine.it\/wp-content\/uploads\/2024\/01\/38841-1.webp",640,480,false],"thumblist":["https:\/\/imagazine.it\/wp-content\/uploads\/2024\/01\/38841-1.webp",300,225,false],"thumbrelated":["https:\/\/imagazine.it\/wp-content\/uploads\/2024\/01\/38841-1.webp",500,375,false],"meccarouselthumb":["https:\/\/imagazine.it\/wp-content\/uploads\/2024\/01\/38841-1.webp",432,324,false],"gridsquare":["https:\/\/imagazine.it\/wp-content\/uploads\/2024\/01\/38841-1.webp",347,260,false],"tileview":["https:\/\/imagazine.it\/wp-content\/uploads\/2024\/01\/38841-1.webp",300,225,false],"1536x1536":["https:\/\/imagazine.it\/wp-content\/uploads\/2024\/01\/38841-1.webp",1000,750,false],"2048x2048":["https:\/\/imagazine.it\/wp-content\/uploads\/2024\/01\/38841-1.webp",1000,750,false],"newsup-slider-full":["https:\/\/imagazine.it\/wp-content\/uploads\/2024\/01\/38841-1-1000x720.webp",1000,720,true],"newsup-featured":["https:\/\/imagazine.it\/wp-content\/uploads\/2024\/01\/38841-1.webp",1000,750,false],"newsup-medium":["https:\/\/imagazine.it\/wp-content\/uploads\/2024\/01\/38841-1-720x380.webp",720,380,true],"tptn_thumbnail":["https:\/\/imagazine.it\/wp-content\/uploads\/2024\/01\/38841-1.webp",250,188,false],"sow-carousel-default":["https:\/\/imagazine.it\/wp-content\/uploads\/2024\/01\/38841-1-272x182.webp",272,182,true]},"rttpg_author":{"display_name":"redazione","author_link":"https:\/\/imagazine.it\/home_desk\/author\/redazione\/"},"rttpg_comment":0,"rttpg_category":"<a href=\"https:\/\/imagazine.it\/home_desk\/category\/attualita\/\" rel=\"category tag\">ATTUALIT\u00c0<\/a>","rttpg_excerpt":"Al via i lavori","_links":{"self":[{"href":"https:\/\/imagazine.it\/home_desk\/wp-json\/wp\/v2\/posts\/38269","targetHints":{"allow":["GET"]}}],"collection":[{"href":"https:\/\/imagazine.it\/home_desk\/wp-json\/wp\/v2\/posts"}],"about":[{"href":"https:\/\/imagazine.it\/home_desk\/wp-json\/wp\/v2\/types\/post"}],"author":[{"embeddable":true,"href":"https:\/\/imagazine.it\/home_desk\/wp-json\/wp\/v2\/users\/28"}],"replies":[{"embeddable":true,"href":"https:\/\/imagazine.it\/home_desk\/wp-json\/wp\/v2\/comments?post=38269"}],"version-history":[{"count":0,"href":"https:\/\/imagazine.it\/home_desk\/wp-json\/wp\/v2\/posts\/38269\/revisions"}],"wp:featuredmedia":[{"embeddable":true,"href":"https:\/\/imagazine.it\/home_desk\/wp-json\/wp\/v2\/media\/38270"}],"wp:attachment":[{"href":"https:\/\/imagazine.it\/home_desk\/wp-json\/wp\/v2\/media?parent=38269"}],"wp:term":[{"taxonomy":"category","embeddable":true,"href":"https:\/\/imagazine.it\/home_desk\/wp-json\/wp\/v2\/categories?post=38269"},{"taxonomy":"post_tag","embeddable":true,"href":"https:\/\/imagazine.it\/home_desk\/wp-json\/wp\/v2\/tags?post=38269"}],"curies":[{"name":"wp","href":"https:\/\/api.w.org\/{rel}","templated":true}]}}