{"id":38259,"date":"2021-03-19T00:00:00","date_gmt":"2021-03-18T23:00:00","guid":{"rendered":"https:\/\/imagazine.it\/?p=38259"},"modified":"2021-03-19T00:00:00","modified_gmt":"2021-03-18T23:00:00","slug":"staranzano-il-comune-apre-ai-giovani","status":"publish","type":"post","link":"https:\/\/imagazine.it\/home_desk\/staranzano-il-comune-apre-ai-giovani\/","title":{"rendered":"Staranzano, il Comune apre ai giovani"},"content":{"rendered":"<p> \tNegli uffici dell\u2019amministrazione comunale di Staranzano gi\u00e0 da anni i giovani, attraverso i bandi per il servizio civile, hanno svolto diverse attivit\u00e0, soprattutto nel settore dei servizi culturali e sociali e attivato convenzioni per tirocini volti allo svolgimento di tesi di laurea presso la Riserva Naturale Regionale Foce dell\u2019Isonzo.<\/p>\n<p> \tNel corso del 2020 e dei primi mesi del 2021 l&#39;amministrazione comunale ha anche siglato convenzioni con <strong>l&#39;Universit\u00e0 di Trieste &#8211; Facolt\u00e0 di Architettura polo di Gorizia<\/strong> e <strong>l\u2019Universit\u00e0 di Udine<\/strong> per avviare tirocini curriculari pre e post laurea sia nel settore della progettazione urbana e architettonica sia in quello culturale dei beni archivistici.<\/p>\n<p> \tNel corso del 2020 sono stati cos\u00ec svolti presso l&#39;ufficio tecnico due tirocini di studenti laureandi e laureati in architettura, impegnati in attivit\u00e0 dedicate alla <strong>progettazione degli spazi urbani pubblici<\/strong> e nello studio di <strong>efficientamento energetico di edifici<\/strong> scolastici. Nell&#39;anno accademico in corso si stanno sviluppando due tesi di laurea incentrate sulle tematiche paesaggistiche e urbanistiche del territorio staranzanese, correlate al percorso di studio per la stesura del nuovo piano regolatore e dei piani di settore dedicati alla mobilit\u00e0 sostenibile.<\/p>\n<p> \tNei prossimi mesi partiranno altri tirocini formativi, dedicati sia alla <strong>progettazione architettonica<\/strong> sia alla <strong>promozione turistica e al marketing territoriale<\/strong>. \u00a0Grazie all\u2019adesione del comune al progetto\u00a0 POR FSE 2014-2020 co-finanziato dal Fondo Sociale Europeo e dalla regione FVG per le Politiche Attive per il Lavoro nell\u2019ambito dei beni culturali, artistici e del turismo partir\u00e0 a primavera lo stage di 400 ore per la formazione di un consulente in <strong>marketing territoriale che si impegner\u00e0 in attivit\u00e0 volte all\u2019ideazione, gestione e promozione dei progetti di promozione turistica e culturale del territorio, <\/strong>organizzazione di eventi e gestione degli strumenti di comunicazione digitale.<\/p>\n<p> \t\u201cL\u2019Onu \u2013 ricorda <strong>Manuela Tomadin<\/strong>, assessore comunale al turismo \u2013 ha dichiarato il 2021 l&#39;anno dell&#39;economia creativa per lo sviluppo sostenibile.\u00a0Le\u00a0<strong>industrie creative rappresentano attualmente il 3% del Pil<\/strong>\u00a0globale ma in ambito mondiale \u00e8 uno <strong>dei settori dell&#39;economia in pi\u00f9 rapida crescita<\/strong>\u00a0e, potr\u00e0 raggiungere il <strong>10% del Pil globale nei prossimi anni<\/strong>. Promozione culturale e turistica, creativit\u00e0 ed economia digitale costituiscono il potenziale dell\u2019economia creativa, soprattutto pensando ai giovani ed alla correlazione tra educazione tecnologica e gap device, ovvero il divario generazionale nelle competenze legate all\u2019uso e linguaggio degli strumenti digitali. Reinventare nuovi modi di fruire l\u2019arte, il patrimonio culturale e ambientale attraverso varie forme di spettacolo, contaminate anche dai nuovi media comunicativi, sono attivit\u00e0 che possono offrire l\u2019occasione per lavorare su tematiche sociali, generare nuove funzioni negli spazi pubblici, stimolare la partecipazione\u00a0sociale, promuovere aspetti educativi volti a incentivare comportamenti sostenibili con l\u2019ambiente. Crediamo che lo scopo dei tirocini curriculari sia proprio quello di avvicinare i giovani al loro territorio, offrire argomenti di studio e approfondimento professionale, e promuovere cos\u00ec una mentalit\u00e0 imprenditoriale e un approccio sostenibile e olistico ai temi della progettazione architettonica, urbanistica e promozione del territorio\u201d.<\/p>\n<p> \tAnche l&#39;assessore alla Cultura, <strong>Roberta Russi<\/strong>, ha promosso attraverso la Biblioteca una collaborazione con l&#39;Universit\u00e0 di Udine per ospitare studenti e studentesse delle facolt\u00e0 di lettere e del corso di laurea in conservazione dei beni culturali al fine di effettuare specifici tirocini nella gestione del patrimonio librario e nella promozione delle attivit\u00e0 culturali.<\/p>\n<p> \tL\u2019invito a presentare le candidature per gli stage \u00e8 rivolto a studenti e studentesse che intendono svolgere il tirocinio curriculare e a laureandi che intendono approfondire con la tesi di laurea i molteplici temi che vengono affrontati nei diversi ambiti di azione dell\u2019amministrazione. Possono accedere sia studenti e studentesse iscritti alla laurea triennale sia alla laurea magistrale e\/o a ciclo continuo. Vengono richieste conoscenze base come l&#39;utilizzo dei principali programmi Office (Word, Excel), e per il settore tecnico la pratica nell\u2019uso di programmi di grafica 2D e 3D, una buona capacit\u00e0 di navigazione in rete, la conoscenza di base della lingua inglese ed una buona predisposizione alle relazioni con utenza di tutte le et\u00e0.<\/p>\n<p> \tPer l&#39;invio delle candidature inviare una mail al referente della biblioteca <a href=\"mailto:marco.chiandoni@com-staranzano.regione.fvg.it\">marco.chiandoni@com-staranzano.regione.fvg.it<\/a>\u00a0e per il settore tecnico urbanistica<a href=\"mailto:marco.chiandoni@com-staranzano.regione.fvg.it\">@com-staranzano.regione.fvg.it<\/a><\/p>\n","protected":false},"excerpt":{"rendered":"<p>Incrementati i tirocini curriculari con gli universitari<\/p>\n","protected":false},"author":22,"featured_media":38260,"comment_status":"closed","ping_status":"closed","sticky":false,"template":"","format":"standard","meta":{"dwc-title":[],"dwc-content":[],"footnotes":""},"categories":[5],"tags":[],"class_list":["post-38259","post","type-post","status-publish","format-standard","has-post-thumbnail","hentry","category-attualita"],"rttpg_featured_image_url":{"full":["https:\/\/imagazine.it\/wp-content\/uploads\/2024\/01\/38834-1.webp",800,534,false],"landscape":["https:\/\/imagazine.it\/wp-content\/uploads\/2024\/01\/38834-1.webp",800,534,false],"portraits":["https:\/\/imagazine.it\/wp-content\/uploads\/2024\/01\/38834-1.webp",800,534,false],"thumbnail":["https:\/\/imagazine.it\/wp-content\/uploads\/2024\/01\/38834-1-150x150.webp",150,150,true],"medium":["https:\/\/imagazine.it\/wp-content\/uploads\/2024\/01\/38834-1-300x200.webp",300,200,true],"large":["https:\/\/imagazine.it\/wp-content\/uploads\/2024\/01\/38834-1.webp",640,427,false],"thumblist":["https:\/\/imagazine.it\/wp-content\/uploads\/2024\/01\/38834-1.webp",300,200,false],"thumbrelated":["https:\/\/imagazine.it\/wp-content\/uploads\/2024\/01\/38834-1.webp",500,334,false],"meccarouselthumb":["https:\/\/imagazine.it\/wp-content\/uploads\/2024\/01\/38834-1.webp",474,316,false],"gridsquare":["https:\/\/imagazine.it\/wp-content\/uploads\/2024\/01\/38834-1.webp",391,260,false],"tileview":["https:\/\/imagazine.it\/wp-content\/uploads\/2024\/01\/38834-1.webp",300,200,false],"1536x1536":["https:\/\/imagazine.it\/wp-content\/uploads\/2024\/01\/38834-1.webp",800,534,false],"2048x2048":["https:\/\/imagazine.it\/wp-content\/uploads\/2024\/01\/38834-1.webp",800,534,false],"newsup-slider-full":["https:\/\/imagazine.it\/wp-content\/uploads\/2024\/01\/38834-1.webp",800,534,false],"newsup-featured":["https:\/\/imagazine.it\/wp-content\/uploads\/2024\/01\/38834-1.webp",800,534,false],"newsup-medium":["https:\/\/imagazine.it\/wp-content\/uploads\/2024\/01\/38834-1-720x380.webp",720,380,true],"tptn_thumbnail":["https:\/\/imagazine.it\/wp-content\/uploads\/2024\/01\/38834-1.webp",250,167,false],"sow-carousel-default":["https:\/\/imagazine.it\/wp-content\/uploads\/2024\/01\/38834-1-272x182.webp",272,182,true]},"rttpg_author":{"display_name":"Livio Nonis","author_link":"https:\/\/imagazine.it\/home_desk\/author\/nonis\/"},"rttpg_comment":0,"rttpg_category":"<a href=\"https:\/\/imagazine.it\/home_desk\/category\/attualita\/\" rel=\"category tag\">ATTUALIT\u00c0<\/a>","rttpg_excerpt":"Incrementati i tirocini curriculari con gli universitari","_links":{"self":[{"href":"https:\/\/imagazine.it\/home_desk\/wp-json\/wp\/v2\/posts\/38259","targetHints":{"allow":["GET"]}}],"collection":[{"href":"https:\/\/imagazine.it\/home_desk\/wp-json\/wp\/v2\/posts"}],"about":[{"href":"https:\/\/imagazine.it\/home_desk\/wp-json\/wp\/v2\/types\/post"}],"author":[{"embeddable":true,"href":"https:\/\/imagazine.it\/home_desk\/wp-json\/wp\/v2\/users\/22"}],"replies":[{"embeddable":true,"href":"https:\/\/imagazine.it\/home_desk\/wp-json\/wp\/v2\/comments?post=38259"}],"version-history":[{"count":0,"href":"https:\/\/imagazine.it\/home_desk\/wp-json\/wp\/v2\/posts\/38259\/revisions"}],"wp:featuredmedia":[{"embeddable":true,"href":"https:\/\/imagazine.it\/home_desk\/wp-json\/wp\/v2\/media\/38260"}],"wp:attachment":[{"href":"https:\/\/imagazine.it\/home_desk\/wp-json\/wp\/v2\/media?parent=38259"}],"wp:term":[{"taxonomy":"category","embeddable":true,"href":"https:\/\/imagazine.it\/home_desk\/wp-json\/wp\/v2\/categories?post=38259"},{"taxonomy":"post_tag","embeddable":true,"href":"https:\/\/imagazine.it\/home_desk\/wp-json\/wp\/v2\/tags?post=38259"}],"curies":[{"name":"wp","href":"https:\/\/api.w.org\/{rel}","templated":true}]}}