{"id":38255,"date":"2021-03-18T00:00:00","date_gmt":"2021-03-17T23:00:00","guid":{"rendered":"https:\/\/imagazine.it\/?p=38255"},"modified":"2021-03-18T00:00:00","modified_gmt":"2021-03-17T23:00:00","slug":"trieste-al-via-i-vaccini-alla-centrale-idrodinamica","status":"publish","type":"post","link":"https:\/\/imagazine.it\/home_desk\/trieste-al-via-i-vaccini-alla-centrale-idrodinamica\/","title":{"rendered":"Trieste, al via i vaccini alla Centrale idrodinamica"},"content":{"rendered":"<p> \tInaugurato a <strong>Trieste<\/strong> del nuovo centro vaccinale Covid-19 all&#39;interno della <strong>Centrale idrodinamica<\/strong> che si trova in <strong>Porto vecchio<\/strong>.<\/p>\n<p> \t&#8220;Tutte le componenti della nostra comunit\u00e0 &#8211; ha dichiarato il governatore del Friuli Venezia Giulia, <strong>Massimiliano Fedriga<\/strong>, presente all\u2019evento &#8211; si stanno mettendo a disposizione concretamene e con decisione per favorire al massimo una campagna veloce ed efficace. Se non ci sono le dosi per\u00f2 questo obiettivo non si pu\u00f2 raggiungere. Per questo facciamo un appello alle istituzioni preposte affinch\u00e9 i vaccini vengano forniti velocemente&#8221;.<\/p>\n<p> \t&#8220;Stiamo portando avanti una campagna massiva nel Friuli Venezia Giulia &#8211; ha ricordato il vicegovernatore <strong>Riccardo Riccardi<\/strong> -. Oggi abbiamo aperto a Trieste e a Tolmezzo, ieri a Gorizia, prima ancora a Cividale. A breve apriremo a Pordenone e a Codroipo e poi a Latisana, a dimostrazione che il nostro piano prende corpo giorno dopo giorno. Per obiettivi raggiunti siamo la terza Regione in Italia per quanto riguarda la somministrazione della seconda dose e la quarta se prendiamo in considerazione solo la prima. Il nostro sistema sanitario \u00e8 organizzato per condurre questo importante lavoro. \u00c8 chiaro che adesso dobbiamo avere garanzie sui flussi e sulle dosi che devono essere consegnate&#8221;.<\/p>\n<p> \t\u00a0<\/p>\n<p> \t\u00a0<\/p>\n<p> \t\u00a0<\/p>\n","protected":false},"excerpt":{"rendered":"<p>Inaugurazione in Porto vecchio<\/p>\n","protected":false},"author":28,"featured_media":38256,"comment_status":"closed","ping_status":"closed","sticky":false,"template":"","format":"standard","meta":{"dwc-title":[],"dwc-content":[],"footnotes":""},"categories":[5],"tags":[],"class_list":["post-38255","post","type-post","status-publish","format-standard","has-post-thumbnail","hentry","category-attualita"],"rttpg_featured_image_url":{"full":["https:\/\/imagazine.it\/wp-content\/uploads\/2024\/01\/38829-1.webp",1000,669,false],"landscape":["https:\/\/imagazine.it\/wp-content\/uploads\/2024\/01\/38829-1.webp",1000,669,false],"portraits":["https:\/\/imagazine.it\/wp-content\/uploads\/2024\/01\/38829-1.webp",1000,669,false],"thumbnail":["https:\/\/imagazine.it\/wp-content\/uploads\/2024\/01\/38829-1-150x150.webp",150,150,true],"medium":["https:\/\/imagazine.it\/wp-content\/uploads\/2024\/01\/38829-1-300x201.webp",300,201,true],"large":["https:\/\/imagazine.it\/wp-content\/uploads\/2024\/01\/38829-1.webp",640,428,false],"thumblist":["https:\/\/imagazine.it\/wp-content\/uploads\/2024\/01\/38829-1.webp",300,201,false],"thumbrelated":["https:\/\/imagazine.it\/wp-content\/uploads\/2024\/01\/38829-1.webp",500,335,false],"meccarouselthumb":["https:\/\/imagazine.it\/wp-content\/uploads\/2024\/01\/38829-1.webp",474,317,false],"gridsquare":["https:\/\/imagazine.it\/wp-content\/uploads\/2024\/01\/38829-1.webp",389,260,false],"tileview":["https:\/\/imagazine.it\/wp-content\/uploads\/2024\/01\/38829-1.webp",300,201,false],"1536x1536":["https:\/\/imagazine.it\/wp-content\/uploads\/2024\/01\/38829-1.webp",1000,669,false],"2048x2048":["https:\/\/imagazine.it\/wp-content\/uploads\/2024\/01\/38829-1.webp",1000,669,false],"newsup-slider-full":["https:\/\/imagazine.it\/wp-content\/uploads\/2024\/01\/38829-1.webp",1000,669,false],"newsup-featured":["https:\/\/imagazine.it\/wp-content\/uploads\/2024\/01\/38829-1.webp",1000,669,false],"newsup-medium":["https:\/\/imagazine.it\/wp-content\/uploads\/2024\/01\/38829-1-720x380.webp",720,380,true],"tptn_thumbnail":["https:\/\/imagazine.it\/wp-content\/uploads\/2024\/01\/38829-1.webp",250,167,false],"sow-carousel-default":["https:\/\/imagazine.it\/wp-content\/uploads\/2024\/01\/38829-1-272x182.webp",272,182,true]},"rttpg_author":{"display_name":"redazione","author_link":"https:\/\/imagazine.it\/home_desk\/author\/redazione\/"},"rttpg_comment":0,"rttpg_category":"<a href=\"https:\/\/imagazine.it\/home_desk\/category\/attualita\/\" rel=\"category tag\">ATTUALIT\u00c0<\/a>","rttpg_excerpt":"Inaugurazione in Porto vecchio","_links":{"self":[{"href":"https:\/\/imagazine.it\/home_desk\/wp-json\/wp\/v2\/posts\/38255","targetHints":{"allow":["GET"]}}],"collection":[{"href":"https:\/\/imagazine.it\/home_desk\/wp-json\/wp\/v2\/posts"}],"about":[{"href":"https:\/\/imagazine.it\/home_desk\/wp-json\/wp\/v2\/types\/post"}],"author":[{"embeddable":true,"href":"https:\/\/imagazine.it\/home_desk\/wp-json\/wp\/v2\/users\/28"}],"replies":[{"embeddable":true,"href":"https:\/\/imagazine.it\/home_desk\/wp-json\/wp\/v2\/comments?post=38255"}],"version-history":[{"count":0,"href":"https:\/\/imagazine.it\/home_desk\/wp-json\/wp\/v2\/posts\/38255\/revisions"}],"wp:featuredmedia":[{"embeddable":true,"href":"https:\/\/imagazine.it\/home_desk\/wp-json\/wp\/v2\/media\/38256"}],"wp:attachment":[{"href":"https:\/\/imagazine.it\/home_desk\/wp-json\/wp\/v2\/media?parent=38255"}],"wp:term":[{"taxonomy":"category","embeddable":true,"href":"https:\/\/imagazine.it\/home_desk\/wp-json\/wp\/v2\/categories?post=38255"},{"taxonomy":"post_tag","embeddable":true,"href":"https:\/\/imagazine.it\/home_desk\/wp-json\/wp\/v2\/tags?post=38255"}],"curies":[{"name":"wp","href":"https:\/\/api.w.org\/{rel}","templated":true}]}}