{"id":38251,"date":"2021-03-18T00:00:00","date_gmt":"2021-03-17T23:00:00","guid":{"rendered":"https:\/\/imagazine.it\/?p=38251"},"modified":"2021-03-18T00:00:00","modified_gmt":"2021-03-17T23:00:00","slug":"monfalcone-riaperto-il-superstore-conad-di-viale-boito","status":"publish","type":"post","link":"https:\/\/imagazine.it\/home_desk\/monfalcone-riaperto-il-superstore-conad-di-viale-boito\/","title":{"rendered":"Monfalcone, riaperto il superstore Conad di viale Boito"},"content":{"rendered":"<p> \tInaugurato il supermercato Conad di viale Boito a <strong>Monfalcone<\/strong>.<\/p>\n<p> \t\u00abQuella di oggi \u00e8 una giornata che segna un reale passo in avanti per l&#39;aspetto occupazionale di Monfalcone. \u00c8 stato riaperto il superstore Conad, che \u00e8 gestito da persone del territorio e che quindi comporta un reale coinvolgimento delle realt\u00e0 economiche locali. L\u2019insediamento di questa realt\u00e0 segna nuove concrete prospettive per i nostri cittadini. La continuit\u00e0 degli investimenti che interessa la nostra citt\u00e0 rappresenta una possibilit\u00e0 concreta di lavoro per i cittadini, che mi rende felice per i risultati raggiunti e ottimista per quanto riguarda le future prospettive di sviluppo\u00bb, ha dichiarato il sindaco, <strong>Anna Maria Cisint<\/strong>, prima di tagliare il nastro del punto vendita, interamente rinnovato.<\/p>\n<p> \tCisint era accompagnata dall\u2019assessore con delega al Rilancio del Commercio, <strong>Luca Fasan.<\/strong> Per la cooperativa Commercianti Indipendenti Associati era presente il direttore commerciale e marketing <strong>Valentino Colantuono<\/strong>. Il parroco <strong>don Marco Zaina<\/strong> ha impartito la benedizione.<\/p>\n<p> \tLa breve cerimonia \u00e8 avvenuta prima dell\u2019apertura, nel rispetto delle disposizioni anti-covid.<\/p>\n<p> \t\u00abLa cooperativa crede in questo cambio di passo: crediamo nei soci e crediamo in Monfalcone. Lo testimonia la decisione di investire in modo importante su questa piazza. Siamo certi che da parte di tutti ci sar\u00e0 grande impegno affinch\u00e9 i clienti siano soddisfatti e trovino nel Superstore di Monfalcone la qualit\u00e0, la convenienza e la capacit\u00e0 di rapporto con le persone che caratterizza Conad\u00bb, ha affermato Colantuono, che ha portato i saluti dell\u2019amministratore delegato, <strong>Luca Panzavolta<\/strong>, e del presidente, <strong>Maurizio Pelliconi<\/strong>.<\/p>\n<p> \tIl nuovo Superstore Conad ha una superficie di circa 2.500 metri. Gli orari di apertura sono dal luned\u00ec al sabato dalle 7.30 alle 20; la domenica dalle 8.30 alle 20.<\/p>\n","protected":false},"excerpt":{"rendered":"<p>Guarda le foto<\/p>\n","protected":false},"author":28,"featured_media":38252,"comment_status":"closed","ping_status":"closed","sticky":false,"template":"","format":"standard","meta":{"dwc-title":[],"dwc-content":[],"footnotes":""},"categories":[5],"tags":[],"class_list":["post-38251","post","type-post","status-publish","format-standard","has-post-thumbnail","hentry","category-attualita"],"rttpg_featured_image_url":{"full":["https:\/\/imagazine.it\/wp-content\/uploads\/2024\/01\/38821-1.webp",1024,682,false],"landscape":["https:\/\/imagazine.it\/wp-content\/uploads\/2024\/01\/38821-1.webp",1024,682,false],"portraits":["https:\/\/imagazine.it\/wp-content\/uploads\/2024\/01\/38821-1.webp",1024,682,false],"thumbnail":["https:\/\/imagazine.it\/wp-content\/uploads\/2024\/01\/38821-1-150x150.webp",150,150,true],"medium":["https:\/\/imagazine.it\/wp-content\/uploads\/2024\/01\/38821-1-300x200.webp",300,200,true],"large":["https:\/\/imagazine.it\/wp-content\/uploads\/2024\/01\/38821-1.webp",640,426,false],"thumblist":["https:\/\/imagazine.it\/wp-content\/uploads\/2024\/01\/38821-1.webp",300,200,false],"thumbrelated":["https:\/\/imagazine.it\/wp-content\/uploads\/2024\/01\/38821-1.webp",500,333,false],"meccarouselthumb":["https:\/\/imagazine.it\/wp-content\/uploads\/2024\/01\/38821-1.webp",474,316,false],"gridsquare":["https:\/\/imagazine.it\/wp-content\/uploads\/2024\/01\/38821-1.webp",391,260,false],"tileview":["https:\/\/imagazine.it\/wp-content\/uploads\/2024\/01\/38821-1.webp",300,200,false],"1536x1536":["https:\/\/imagazine.it\/wp-content\/uploads\/2024\/01\/38821-1.webp",1024,682,false],"2048x2048":["https:\/\/imagazine.it\/wp-content\/uploads\/2024\/01\/38821-1.webp",1024,682,false],"newsup-slider-full":["https:\/\/imagazine.it\/wp-content\/uploads\/2024\/01\/38821-1.webp",1024,682,false],"newsup-featured":["https:\/\/imagazine.it\/wp-content\/uploads\/2024\/01\/38821-1.webp",1024,682,false],"newsup-medium":["https:\/\/imagazine.it\/wp-content\/uploads\/2024\/01\/38821-1-720x380.webp",720,380,true],"tptn_thumbnail":["https:\/\/imagazine.it\/wp-content\/uploads\/2024\/01\/38821-1.webp",250,167,false],"sow-carousel-default":["https:\/\/imagazine.it\/wp-content\/uploads\/2024\/01\/38821-1-272x182.webp",272,182,true]},"rttpg_author":{"display_name":"redazione","author_link":"https:\/\/imagazine.it\/home_desk\/author\/redazione\/"},"rttpg_comment":0,"rttpg_category":"<a href=\"https:\/\/imagazine.it\/home_desk\/category\/attualita\/\" rel=\"category tag\">ATTUALIT\u00c0<\/a>","rttpg_excerpt":"Guarda le foto","_links":{"self":[{"href":"https:\/\/imagazine.it\/home_desk\/wp-json\/wp\/v2\/posts\/38251","targetHints":{"allow":["GET"]}}],"collection":[{"href":"https:\/\/imagazine.it\/home_desk\/wp-json\/wp\/v2\/posts"}],"about":[{"href":"https:\/\/imagazine.it\/home_desk\/wp-json\/wp\/v2\/types\/post"}],"author":[{"embeddable":true,"href":"https:\/\/imagazine.it\/home_desk\/wp-json\/wp\/v2\/users\/28"}],"replies":[{"embeddable":true,"href":"https:\/\/imagazine.it\/home_desk\/wp-json\/wp\/v2\/comments?post=38251"}],"version-history":[{"count":0,"href":"https:\/\/imagazine.it\/home_desk\/wp-json\/wp\/v2\/posts\/38251\/revisions"}],"wp:featuredmedia":[{"embeddable":true,"href":"https:\/\/imagazine.it\/home_desk\/wp-json\/wp\/v2\/media\/38252"}],"wp:attachment":[{"href":"https:\/\/imagazine.it\/home_desk\/wp-json\/wp\/v2\/media?parent=38251"}],"wp:term":[{"taxonomy":"category","embeddable":true,"href":"https:\/\/imagazine.it\/home_desk\/wp-json\/wp\/v2\/categories?post=38251"},{"taxonomy":"post_tag","embeddable":true,"href":"https:\/\/imagazine.it\/home_desk\/wp-json\/wp\/v2\/tags?post=38251"}],"curies":[{"name":"wp","href":"https:\/\/api.w.org\/{rel}","templated":true}]}}