{"id":38223,"date":"2021-03-17T00:00:00","date_gmt":"2021-03-16T23:00:00","guid":{"rendered":"https:\/\/imagazine.it\/?p=38223"},"modified":"2021-03-17T00:00:00","modified_gmt":"2021-03-16T23:00:00","slug":"riuso-delle-capsule-del-caffe-dal-fvg-progetto-pilota-in-italia","status":"publish","type":"post","link":"https:\/\/imagazine.it\/home_desk\/riuso-delle-capsule-del-caffe-dal-fvg-progetto-pilota-in-italia\/","title":{"rendered":"Riuso delle capsule del caff\u00e8, dal FVG progetto pilota in Italia"},"content":{"rendered":"<p> \tCon la firma del protocollo d&#39;intesa tra Regione Friuli Venezia Giulia, Agenzia regionale per l&#39;ambiente (Arpa Fvg), i produttori e distributori di caff\u00e8, Illycaff\u00e8 Spa e Nestl\u00e8 Italiana Spa, e le tre aziende che gestiscono il ciclo dei rifiuti in regione, Net Spa, A&#038;T2000 Spa ed AcegasApsAmga Spa, prende avvio il <strong>primo progetto pilota italiano<\/strong> di <strong>recupero delle capsule esauste di caff\u00e8 in plastica<\/strong>.<\/p>\n<p> \tL&#39;accordo \u00e8 stato firmato stamattina (<strong><u><a href=\"https:\/\/youtu.be\/94UuX4P-OoQ\" target=\"_blank\" rel=\"noopener\"><span style=\"color:#0000ff;\">guarda il video<\/span><\/a><\/u><\/strong>) nella sala &#8220;Mosaico&#8221; della sede della Regione in via Carducci a Trieste, alla presenza dell&#39;assessore regionale alla Difesa dell&#39;ambiente e energia, <strong>Fabio Scoccimarro<\/strong>, del direttore generale di Arpa Fvg, <strong>Stellio Vatta<\/strong>, dell&#39;amministratore delegato di Illycaff\u00e8, <strong>Massimiliano Pogliani<\/strong>, del presidente di Net, <strong>Mario Raggi<\/strong>, del consigliere di amministrazione di A&#038;T2000, <strong>Giampaolo Graberi<\/strong>, del responsabile Servizi ambientali di AcegasApsAmga, <strong>Giovanni Piccoli<\/strong>, e, collegata in videoconferenza, della procuratrice di Nestl\u00e8 Italiana, <strong>Federica Braghi<\/strong>.<\/p>\n<p> \t&#8220;Siamo i primi in Italia a portare avanti un progetto di economia circolare in questo campo, coinvolgendo due grandi aziende e i gestori dei rifiuti per il riutilizzo delle capsule di caff\u00e8 esauste; ci sono tutti i presupposti affinch\u00e9 da progetto pilota diventi esempio in tutta Italia. Per questo mi impegno fin d&#39;ora a portare i risultati di questa sperimentazione all&#39;attenzione della Conferenza Stato &#8211; Regioni come buona pratica da consolidare a livello nazionale&#8221;, ha auspicato Scoccimarro.<\/p>\n<p> \tIl progetto, che sar\u00e0 operativo da luglio, prevede la <strong>raccolta differenziata delle capsule esauste di caff\u00e8 in plastica<\/strong>, il loro trattamento presso un apposito impianto sperimentale di separazione delle capsule dal loro contenuto e il successivo avvio a recupero dei materiali separati.<\/p>\n<p> \tA fronte di un crescente utilizzo di capsule da caff\u00e8, a oggi non esiste un sistema strutturato e integrato per la loro raccolta differenziata e riciclaggio. Le capsule vengono gettate come rifiuti indifferenziati e, dopo un primo trattamento, finiscono in discarica o in inceneritore.<\/p>\n<p> \tCome si legge nel protocollo siglato oggi, l&#39;attuale gestione di questi rifiuti, dunque, produce impatti negativi sull&#39;ambiente. Eppure, la composizione dell&#39;imballo, costituito da plastica e altri materiali quali alluminio, carta, film plastici potrebbe essere riciclato, trovando uno sbocco di alto valore nel mercato, mentre il contenuto di parte umida, una miscela di acqua e polvere di caff\u00e8, potrebbe essere compostata.<\/p>\n<p> \tIllycaff\u00e8 e Nestl\u00e8 Italiana si sono pertanto impegnate a sostenere i costi del progetto, compresi quelli della progettazione, realizzazione e gestione dell&#39;impianto sperimentale di separazione delle capsule e quelli connessi alla gestione dei rifiuti, mentre i tre gestori metteranno a disposizione il loro know-how, i propri impianti dislocati sul territorio (principalmente a Campoformido, Pasian di Prato, Trieste e Udine), effettueranno la raccolta differenziata e sostanzialmente organizzeranno la filiera del recupero.<\/p>\n","protected":false},"excerpt":{"rendered":"<p>Operativo da luglio<\/p>\n","protected":false},"author":28,"featured_media":38224,"comment_status":"closed","ping_status":"closed","sticky":false,"template":"","format":"standard","meta":{"dwc-title":[],"dwc-content":[],"footnotes":""},"categories":[5],"tags":[],"class_list":["post-38223","post","type-post","status-publish","format-standard","has-post-thumbnail","hentry","category-attualita"],"rttpg_featured_image_url":{"full":["https:\/\/imagazine.it\/wp-content\/uploads\/2024\/01\/38787-1.webp",1000,501,false],"landscape":["https:\/\/imagazine.it\/wp-content\/uploads\/2024\/01\/38787-1.webp",1000,501,false],"portraits":["https:\/\/imagazine.it\/wp-content\/uploads\/2024\/01\/38787-1.webp",1000,501,false],"thumbnail":["https:\/\/imagazine.it\/wp-content\/uploads\/2024\/01\/38787-1-150x150.webp",150,150,true],"medium":["https:\/\/imagazine.it\/wp-content\/uploads\/2024\/01\/38787-1-300x150.webp",300,150,true],"large":["https:\/\/imagazine.it\/wp-content\/uploads\/2024\/01\/38787-1.webp",640,321,false],"thumblist":["https:\/\/imagazine.it\/wp-content\/uploads\/2024\/01\/38787-1.webp",300,150,false],"thumbrelated":["https:\/\/imagazine.it\/wp-content\/uploads\/2024\/01\/38787-1.webp",500,251,false],"meccarouselthumb":["https:\/\/imagazine.it\/wp-content\/uploads\/2024\/01\/38787-1.webp",474,237,false],"gridsquare":["https:\/\/imagazine.it\/wp-content\/uploads\/2024\/01\/38787-1.webp",391,196,false],"tileview":["https:\/\/imagazine.it\/wp-content\/uploads\/2024\/01\/38787-1.webp",300,150,false],"1536x1536":["https:\/\/imagazine.it\/wp-content\/uploads\/2024\/01\/38787-1.webp",1000,501,false],"2048x2048":["https:\/\/imagazine.it\/wp-content\/uploads\/2024\/01\/38787-1.webp",1000,501,false],"newsup-slider-full":["https:\/\/imagazine.it\/wp-content\/uploads\/2024\/01\/38787-1.webp",1000,501,false],"newsup-featured":["https:\/\/imagazine.it\/wp-content\/uploads\/2024\/01\/38787-1.webp",1000,501,false],"newsup-medium":["https:\/\/imagazine.it\/wp-content\/uploads\/2024\/01\/38787-1-720x380.webp",720,380,true],"tptn_thumbnail":["https:\/\/imagazine.it\/wp-content\/uploads\/2024\/01\/38787-1.webp",250,125,false],"sow-carousel-default":["https:\/\/imagazine.it\/wp-content\/uploads\/2024\/01\/38787-1-272x182.webp",272,182,true]},"rttpg_author":{"display_name":"redazione","author_link":"https:\/\/imagazine.it\/home_desk\/author\/redazione\/"},"rttpg_comment":0,"rttpg_category":"<a href=\"https:\/\/imagazine.it\/home_desk\/category\/attualita\/\" rel=\"category tag\">ATTUALIT\u00c0<\/a>","rttpg_excerpt":"Operativo da luglio","_links":{"self":[{"href":"https:\/\/imagazine.it\/home_desk\/wp-json\/wp\/v2\/posts\/38223","targetHints":{"allow":["GET"]}}],"collection":[{"href":"https:\/\/imagazine.it\/home_desk\/wp-json\/wp\/v2\/posts"}],"about":[{"href":"https:\/\/imagazine.it\/home_desk\/wp-json\/wp\/v2\/types\/post"}],"author":[{"embeddable":true,"href":"https:\/\/imagazine.it\/home_desk\/wp-json\/wp\/v2\/users\/28"}],"replies":[{"embeddable":true,"href":"https:\/\/imagazine.it\/home_desk\/wp-json\/wp\/v2\/comments?post=38223"}],"version-history":[{"count":0,"href":"https:\/\/imagazine.it\/home_desk\/wp-json\/wp\/v2\/posts\/38223\/revisions"}],"wp:featuredmedia":[{"embeddable":true,"href":"https:\/\/imagazine.it\/home_desk\/wp-json\/wp\/v2\/media\/38224"}],"wp:attachment":[{"href":"https:\/\/imagazine.it\/home_desk\/wp-json\/wp\/v2\/media?parent=38223"}],"wp:term":[{"taxonomy":"category","embeddable":true,"href":"https:\/\/imagazine.it\/home_desk\/wp-json\/wp\/v2\/categories?post=38223"},{"taxonomy":"post_tag","embeddable":true,"href":"https:\/\/imagazine.it\/home_desk\/wp-json\/wp\/v2\/tags?post=38223"}],"curies":[{"name":"wp","href":"https:\/\/api.w.org\/{rel}","templated":true}]}}