{"id":38219,"date":"2021-03-16T00:00:00","date_gmt":"2021-03-15T23:00:00","guid":{"rendered":"https:\/\/imagazine.it\/?p=38219"},"modified":"2021-03-16T00:00:00","modified_gmt":"2021-03-15T23:00:00","slug":"monfalcone-esce-il-nuovo-numero-della-lanterna","status":"publish","type":"post","link":"https:\/\/imagazine.it\/home_desk\/monfalcone-esce-il-nuovo-numero-della-lanterna\/","title":{"rendered":"Monfalcone, esce il nuovo numero della &#8220;Lanterna&#8221;"},"content":{"rendered":"<p> \t<em>La Lanterna<\/em> compie due anni. Uscir\u00e0 in aprile, infatti, l&#39;ottavo numero del trimestrale realizzato dal <strong>Centro di Salute Mentale di Monfalcone<\/strong> e dalla cooperativa \u201cLa collina\u201d di Trieste.<\/p>\n<p> \tIl \u201ctascabile\u201d, visto il formato scelto dalla redazione, vuole essere un modo di raccontare le proprie passioni, le proprie curiosit\u00e0, le proprie emozioni, la propria citt\u00e0 da un punto di vista diverso, da \u201cesperti di vita\u201d. La redazione \u00e8 aperta: si riunisce in via Volta due giorni a settimana, il mercoled\u00ec pomeriggio e il venerd\u00ec sera, e realizza il giornale soprattutto dialogando, stando insieme, primo passo per essere una vera redazione.<\/p>\n<p> \tSi avvale poi di illustri collaborazioni, prima fra tutte quella dell\u2019artista monfalconese <strong>Diego Valentinuzzi<\/strong>, che cura la rubrica sull&#39;arte, facendo conoscere al pubblico pittori, scultori, artisti locali.<\/p>\n<p> \tA oggi, hanno scritto per <em>La<\/em> <em>Lanterna<\/em> pi\u00f9 di venti \u201cgiornalisti\u201d, ognuno portando\u00a0quel po\u2019 di s\u00e9 che ne alimenta la fiamma. Il direttore \u00e8 <strong>Pino Roveredo<\/strong>: chi infatti pi\u00f9 e meglio di lui, come Diogene con la lanterna in mano,\u00a0nei suoi romanzi ha cercato l&#39;uomo?<\/p>\n<p> \tIn questo ultimo numero, tra gli altri scritti inerenti il territorio che comprende la rivista, nelle pagine della rubrica \u201c<em>In viaggio con l\u2019arte<\/em>\u201d si possono leggere le vicissitudini artistiche e culturali che hanno coinvolto nell\u2019arco del tempo come punto di riferimento per l\u2019arte locale e non solo il caff\u00e8 Forcessini, oggi Maritani.<\/p>\n<p> \tMolti sono stati i nomi che si sono avvicendati nell\u2019arco del tempo su quelle pareti: da Mochiutti ad Altieri a Girotto e diversi altri sempre sotto la guida esperta del dottor Punter, che curava con meticolosit\u00e0 la parte artistica. Tutt\u2019oggi si continua a proporre artisti del territorio che trovano spazio e promozione gratuita.<\/p>\n","protected":false},"excerpt":{"rendered":"<p>Disponibile da aprile<\/p>\n","protected":false},"author":28,"featured_media":38220,"comment_status":"closed","ping_status":"closed","sticky":false,"template":"","format":"standard","meta":{"dwc-title":[],"dwc-content":[],"footnotes":""},"categories":[37],"tags":[],"class_list":["post-38219","post","type-post","status-publish","format-standard","has-post-thumbnail","hentry","category-cultura-e-spettacolo"],"rttpg_featured_image_url":{"full":["https:\/\/imagazine.it\/wp-content\/uploads\/2024\/01\/38783-1.webp",1000,806,false],"landscape":["https:\/\/imagazine.it\/wp-content\/uploads\/2024\/01\/38783-1.webp",1000,806,false],"portraits":["https:\/\/imagazine.it\/wp-content\/uploads\/2024\/01\/38783-1.webp",1000,806,false],"thumbnail":["https:\/\/imagazine.it\/wp-content\/uploads\/2024\/01\/38783-1-150x150.webp",150,150,true],"medium":["https:\/\/imagazine.it\/wp-content\/uploads\/2024\/01\/38783-1-300x242.webp",300,242,true],"large":["https:\/\/imagazine.it\/wp-content\/uploads\/2024\/01\/38783-1.webp",640,516,false],"thumblist":["https:\/\/imagazine.it\/wp-content\/uploads\/2024\/01\/38783-1.webp",300,242,false],"thumbrelated":["https:\/\/imagazine.it\/wp-content\/uploads\/2024\/01\/38783-1.webp",500,403,false],"meccarouselthumb":["https:\/\/imagazine.it\/wp-content\/uploads\/2024\/01\/38783-1.webp",402,324,false],"gridsquare":["https:\/\/imagazine.it\/wp-content\/uploads\/2024\/01\/38783-1.webp",323,260,false],"tileview":["https:\/\/imagazine.it\/wp-content\/uploads\/2024\/01\/38783-1.webp",300,242,false],"1536x1536":["https:\/\/imagazine.it\/wp-content\/uploads\/2024\/01\/38783-1.webp",1000,806,false],"2048x2048":["https:\/\/imagazine.it\/wp-content\/uploads\/2024\/01\/38783-1.webp",1000,806,false],"newsup-slider-full":["https:\/\/imagazine.it\/wp-content\/uploads\/2024\/01\/38783-1-1000x720.webp",1000,720,true],"newsup-featured":["https:\/\/imagazine.it\/wp-content\/uploads\/2024\/01\/38783-1.webp",1000,806,false],"newsup-medium":["https:\/\/imagazine.it\/wp-content\/uploads\/2024\/01\/38783-1-720x380.webp",720,380,true],"tptn_thumbnail":["https:\/\/imagazine.it\/wp-content\/uploads\/2024\/01\/38783-1.webp",250,202,false],"sow-carousel-default":["https:\/\/imagazine.it\/wp-content\/uploads\/2024\/01\/38783-1-272x182.webp",272,182,true]},"rttpg_author":{"display_name":"redazione","author_link":"https:\/\/imagazine.it\/home_desk\/author\/redazione\/"},"rttpg_comment":0,"rttpg_category":"<a href=\"https:\/\/imagazine.it\/home_desk\/category\/cultura-e-spettacolo\/\" rel=\"category tag\">CULTURA&amp;SPETTACOLO<\/a>","rttpg_excerpt":"Disponibile da aprile","_links":{"self":[{"href":"https:\/\/imagazine.it\/home_desk\/wp-json\/wp\/v2\/posts\/38219","targetHints":{"allow":["GET"]}}],"collection":[{"href":"https:\/\/imagazine.it\/home_desk\/wp-json\/wp\/v2\/posts"}],"about":[{"href":"https:\/\/imagazine.it\/home_desk\/wp-json\/wp\/v2\/types\/post"}],"author":[{"embeddable":true,"href":"https:\/\/imagazine.it\/home_desk\/wp-json\/wp\/v2\/users\/28"}],"replies":[{"embeddable":true,"href":"https:\/\/imagazine.it\/home_desk\/wp-json\/wp\/v2\/comments?post=38219"}],"version-history":[{"count":0,"href":"https:\/\/imagazine.it\/home_desk\/wp-json\/wp\/v2\/posts\/38219\/revisions"}],"wp:featuredmedia":[{"embeddable":true,"href":"https:\/\/imagazine.it\/home_desk\/wp-json\/wp\/v2\/media\/38220"}],"wp:attachment":[{"href":"https:\/\/imagazine.it\/home_desk\/wp-json\/wp\/v2\/media?parent=38219"}],"wp:term":[{"taxonomy":"category","embeddable":true,"href":"https:\/\/imagazine.it\/home_desk\/wp-json\/wp\/v2\/categories?post=38219"},{"taxonomy":"post_tag","embeddable":true,"href":"https:\/\/imagazine.it\/home_desk\/wp-json\/wp\/v2\/tags?post=38219"}],"curies":[{"name":"wp","href":"https:\/\/api.w.org\/{rel}","templated":true}]}}