{"id":38215,"date":"2021-03-17T00:00:00","date_gmt":"2021-03-16T23:00:00","guid":{"rendered":"https:\/\/imagazine.it\/?p=38215"},"modified":"2021-03-17T00:00:00","modified_gmt":"2021-03-16T23:00:00","slug":"la-musica-di-new-york-e-lugano-si-incontra-a-trieste","status":"publish","type":"post","link":"https:\/\/imagazine.it\/home_desk\/la-musica-di-new-york-e-lugano-si-incontra-a-trieste\/","title":{"rendered":"La musica di New York e Lugano si incontra a Trieste"},"content":{"rendered":"<p> \tAppuntamento il 21 marzo 2021 alle 18 con un&#39;anteprima mondiale firmata Societ\u00e0 dei Concerti di Trieste per la rassegna\u00a0\u201cSilenzio in sala a tempo di Musica\u201d, la\u00a0stagione concertistica\u00a0online realizzata dal nuovo Comitato nazionale AMUR, tra i cui fondatori vi \u00e8 anche la Societ\u00e0 dei Concerti Trieste, con il prezioso sostegno di Poste Italiane e di Itsright.<\/p>\n<p> \tLa Societ\u00e0 dei Concerti Trieste arricchisce\u00a0questa rassegna nazionale con un grande evento in cui il caldo e intenso suono della viola di <strong>Hsin-Yun Huang<\/strong>, da New York, si unisce alla coreografia di <strong>Alessandra Ashkenazy<\/strong>, direttrice della celebre omonima scuola di danza, e <strong>Oliviero Bifulco<\/strong>, noto volto grazie ad <em>Amici,<\/em>\u00a0interpretata a Lugano dalle giovanissime danzatrici della Junior Company dell\u2019Ashkenazy Ballet Center.<\/p>\n<p> \tUn incontro ideale a Trieste, dove la SdC introdurr\u00e0 lo spettacolo appositamente commissionato per l&#39;occasione, e il cui programma accosta stralci di opere immortali accanto a preziosit\u00e0 contemporanee, per un programma dal fascino seducente.<\/p>\n<p> \tIl titolo \u201cInvitation to the Dance FantaC\u201d richiama un&#39;antologia di brani che ne esaltano la tecnica e il timbro caldo e corposo, da Bach a Kenji Bunch.<\/p>\n<p> \tIl concerto dopo lo streaming su\u00a0<u><strong><a href=\"http:\/\/www.comitatoamur.it\/\" target=\"_blank\" rel=\"noopener\"><span style=\"color:#0000ff;\">www.comitatoamur.it<\/span><\/a><span style=\"color:#0000ff;\">\u00a0<\/span><\/strong><\/u>andr\u00e0 poi in onda su Classica HD a maggio con diverse repliche.\u00a0<\/p>\n<p> \tGi\u00e0 da febbraio infatti Classica HD (Sky, canale 136) trasmette ogni domenica\u00a0dalle ore 9.30, e in replica tutta la settimana successiva, un concerto della Stagione \u201cSilenzio in sala a tempo di Musica\u201d, il progetto musicale ideato e realizzato dal Comitato AMUR (Associazioni MUsicali in Rete).<\/p>\n<p> \t\u00abPurtroppo non solo non ci potr\u00e0 essere il pubblico in sala come speravamo &#8211; spiega il direttore artistico della Societ\u00e0 dei Concerti, <strong>Derek Han<\/strong> &#8211; ma neanche gli stessi artisti internazionali a cui abbiamo chiesto questo evento. Il problema dell&#39;emergenza sanitaria evidenza anche un grosso problema di spostamento per lavoro, con rischio di quarantene per gli artisti.\u00a0Quindi,\u00a0grazie al coordinamento del Segretario Generale Alessandro Malcangi,\u00a0siamo andati noi a cercare dei service tra Lugano e New York per raggiungere il corpo di ballo Ashkenazy e la violista Hsin-Yun Huang, realizzando cos\u00ec un ponte che unisce due continenti, fatto di note e attraversato a passi di danza\u00bb.<\/p>\n<p> \tA Trieste \u00e8 stato realizzato un video di saluto iniziale da parte del presidente\u00a0della Societ\u00e0 dei Concerti di Trieste, <strong>Alberto Pasino<\/strong>, presso la storica sede della Francesco Parisi SpA\u00a0di Trieste di Viale Miramare, grazie all&#39;ospitalit\u00e0 di Francesco Parisi.<\/p>\n<p> \tIl concerto sar\u00e0 presentato dalla musicologa <strong>Paola Pini<\/strong> dalla biblioteca di Miramare per concessione della direttrice del Museo e Parco Storico di Miramare, <strong>Andreina Contessa<\/strong>, con la quale la SdC ha realizzato molti progetti in questi anni. Le riprese a\u00a0Lugano sono realizzate\u00a0a cura dell\u2019<strong>Ashkenazy<\/strong> <strong>Ballet<\/strong> e quelle di New York, con immagini sia interne che esterne tra i grattacieli della Grande Mela, sono a cura di <strong>Patrick Mahaney<\/strong>.<\/p>\n<p> \tIl progetto\u00a0Silenzio in sala a tempo di Musica\u00a0nasce dal dialogo tra il\u00a0<em>Comitato Amur<\/em>\u00a0e il fotografo\u00a0<strong>Daniele Ratti<\/strong>\u00a0e coinvolge le realt\u00e0 che fanno capo al Comitato e che si identificano nelle pi\u00f9 importanti istituzioni operanti nella musica classica.<\/p>\n<p> \tMusica e fotografia\u00a0si incontrano con l&#39;obiettivo di supportare i musicisti nell\u2019attuale contesto di incertezza e ricreare una stagione 20\/21 a porte chiuse ma raccontata attraverso immagini e suoni.\u00a0<\/p>\n<p> \tLa stagione di concerti \u201cSilenzio in sala a tempo di Musica\u201d nasce per sfidare la crisi attraverso un progetto innovativo e condiviso e si propone anche come un utile volano per la promozione culturale e turistica del territorio. Costituisce dunque una tappa fondamentale nel percorso del Comitato AMUR, creato a maggio 2020,\u00a0con lo scopo di riunire le pi\u00f9 importanti istituzioni della musica da camera italiana per promuovere attivit\u00e0 comuni in grado di dare una risposta concreta alla vita culturale del Paese. Il Comitato AMUR gi\u00e0 la scorsa estate ha realizzato il Festival itinerante \u201cMusica con Vista\u201d nei giardini e nei chiostri pi\u00f9 belli\u00a0d\u2019Italia\u00a0che ha visto la realizzazione di otto concerti dal vivo da Milano a Napoli e sta gi\u00e0 lavorando alla seconda edizione per l&#39;estate 2021.<\/p>\n","protected":false},"excerpt":{"rendered":"<p>Prima Stagione Concertistica del Comitato nazionale Amur<\/p>\n","protected":false},"author":28,"featured_media":38216,"comment_status":"closed","ping_status":"closed","sticky":false,"template":"","format":"standard","meta":{"dwc-title":[],"dwc-content":[],"footnotes":""},"categories":[37],"tags":[],"class_list":["post-38215","post","type-post","status-publish","format-standard","has-post-thumbnail","hentry","category-cultura-e-spettacolo"],"rttpg_featured_image_url":{"full":["https:\/\/imagazine.it\/wp-content\/uploads\/2024\/01\/38780-1.webp",1000,667,false],"landscape":["https:\/\/imagazine.it\/wp-content\/uploads\/2024\/01\/38780-1.webp",1000,667,false],"portraits":["https:\/\/imagazine.it\/wp-content\/uploads\/2024\/01\/38780-1.webp",1000,667,false],"thumbnail":["https:\/\/imagazine.it\/wp-content\/uploads\/2024\/01\/38780-1-150x150.webp",150,150,true],"medium":["https:\/\/imagazine.it\/wp-content\/uploads\/2024\/01\/38780-1-300x200.webp",300,200,true],"large":["https:\/\/imagazine.it\/wp-content\/uploads\/2024\/01\/38780-1.webp",640,427,false],"thumblist":["https:\/\/imagazine.it\/wp-content\/uploads\/2024\/01\/38780-1.webp",300,200,false],"thumbrelated":["https:\/\/imagazine.it\/wp-content\/uploads\/2024\/01\/38780-1.webp",500,334,false],"meccarouselthumb":["https:\/\/imagazine.it\/wp-content\/uploads\/2024\/01\/38780-1.webp",474,316,false],"gridsquare":["https:\/\/imagazine.it\/wp-content\/uploads\/2024\/01\/38780-1.webp",391,260,false],"tileview":["https:\/\/imagazine.it\/wp-content\/uploads\/2024\/01\/38780-1.webp",300,200,false],"1536x1536":["https:\/\/imagazine.it\/wp-content\/uploads\/2024\/01\/38780-1.webp",1000,667,false],"2048x2048":["https:\/\/imagazine.it\/wp-content\/uploads\/2024\/01\/38780-1.webp",1000,667,false],"newsup-slider-full":["https:\/\/imagazine.it\/wp-content\/uploads\/2024\/01\/38780-1.webp",1000,667,false],"newsup-featured":["https:\/\/imagazine.it\/wp-content\/uploads\/2024\/01\/38780-1.webp",1000,667,false],"newsup-medium":["https:\/\/imagazine.it\/wp-content\/uploads\/2024\/01\/38780-1-720x380.webp",720,380,true],"tptn_thumbnail":["https:\/\/imagazine.it\/wp-content\/uploads\/2024\/01\/38780-1.webp",250,167,false],"sow-carousel-default":["https:\/\/imagazine.it\/wp-content\/uploads\/2024\/01\/38780-1-272x182.webp",272,182,true]},"rttpg_author":{"display_name":"redazione","author_link":"https:\/\/imagazine.it\/home_desk\/author\/redazione\/"},"rttpg_comment":0,"rttpg_category":"<a href=\"https:\/\/imagazine.it\/home_desk\/category\/cultura-e-spettacolo\/\" rel=\"category tag\">CULTURA&amp;SPETTACOLO<\/a>","rttpg_excerpt":"Prima Stagione Concertistica del Comitato nazionale Amur","_links":{"self":[{"href":"https:\/\/imagazine.it\/home_desk\/wp-json\/wp\/v2\/posts\/38215","targetHints":{"allow":["GET"]}}],"collection":[{"href":"https:\/\/imagazine.it\/home_desk\/wp-json\/wp\/v2\/posts"}],"about":[{"href":"https:\/\/imagazine.it\/home_desk\/wp-json\/wp\/v2\/types\/post"}],"author":[{"embeddable":true,"href":"https:\/\/imagazine.it\/home_desk\/wp-json\/wp\/v2\/users\/28"}],"replies":[{"embeddable":true,"href":"https:\/\/imagazine.it\/home_desk\/wp-json\/wp\/v2\/comments?post=38215"}],"version-history":[{"count":0,"href":"https:\/\/imagazine.it\/home_desk\/wp-json\/wp\/v2\/posts\/38215\/revisions"}],"wp:featuredmedia":[{"embeddable":true,"href":"https:\/\/imagazine.it\/home_desk\/wp-json\/wp\/v2\/media\/38216"}],"wp:attachment":[{"href":"https:\/\/imagazine.it\/home_desk\/wp-json\/wp\/v2\/media?parent=38215"}],"wp:term":[{"taxonomy":"category","embeddable":true,"href":"https:\/\/imagazine.it\/home_desk\/wp-json\/wp\/v2\/categories?post=38215"},{"taxonomy":"post_tag","embeddable":true,"href":"https:\/\/imagazine.it\/home_desk\/wp-json\/wp\/v2\/tags?post=38215"}],"curies":[{"name":"wp","href":"https:\/\/api.w.org\/{rel}","templated":true}]}}