{"id":38213,"date":"2021-03-17T00:00:00","date_gmt":"2021-03-16T23:00:00","guid":{"rendered":"https:\/\/imagazine.it\/?p=38213"},"modified":"2021-03-17T00:00:00","modified_gmt":"2021-03-16T23:00:00","slug":"cervignano-un-cortometraggio-contro-la-pandemia","status":"publish","type":"post","link":"https:\/\/imagazine.it\/home_desk\/cervignano-un-cortometraggio-contro-la-pandemia\/","title":{"rendered":"Cervignano, un cortometraggio contro la pandemia"},"content":{"rendered":"<p> \t&#8220;#andr\u00e0tuttobene solo se noi lo vogliamo\u2026&#8221; \u00e8 il titolo del cortometraggio (<strong><u><a href=\"https:\/\/www.facebook.com\/1398623848\/videos\/10226276626207579\/\" target=\"_blank\" rel=\"noopener\"><span style=\"color:#0000ff;\">clicca qui per guardare il video<\/span><\/a><\/u><\/strong>) scritto e diretto da <strong>Salvo Barbera<\/strong>, a cura del gruppo teatrale inclusivo &#8220;In scena per caso&#8221; del Ricreatorio San Michele di Cervignano del Friuli.\u00a0<\/p>\n<p> \tAd oggi il video tra facebook e Instagram ha raggiunto le 8 mila visualizzazioni da due profili diversi, con 150 condivisioni, tra cui quella del Governatore del Friuli Venezia Giulia, <strong>Massimiliano Fedriga<\/strong>.<\/p>\n<p> \tIl tema raccontato \u00e8 di attualit\u00e0: l&#39;evoluzione del Covid nel nostro Paese, spiegato passo passo, con un filo di ironia e sarcasmo.<\/p>\n<p> \t\u201cIl video \u2013 sottolinea Barbera \u2013 spiega inoltre come i nostri comportamenti possono rivelarsi sbagliati per ci\u00f2 che concerne la fine di questa pandemia. Tuttavia, ancora una volta per il gruppo <em>In scena per <\/em><em>caso<\/em>, la chiave di lettura di questo come tanti altri lavori, resta una: l&#39;inclusione sociale. L&#39;immaginario collettivo vede la persona con disabilit\u00e0 solo bisognosa di cura e assistenza, ma se noi vogliamo crescere come societ\u00e0 bisogna abbattere questo stereotipo e cominciare a guardare la persona con disabilit\u00e0 come una risorsa. Infatti, la persona con disabilit\u00e0 non \u00e8 solo bisognosa di cura e assistenza: essa detiene il diritto alla valorizzazione dei propri talenti. Sta noi persone &#8220;cosiddette normodotate&#8221; far si che ci\u00f2 avvenga creando ambienti carichi di familiarit\u00e0, abbattendo qualsiasi barriera della diversit\u00e0 una su tutti il pietismo che altro non fa che soffocare le loro potenzialit\u00e0\u201d.<\/p>\n<p> \tCon una ricetta chiara: \u201cUnica via possibile per raggiungere tale obiettivo \u2013 conclude Barbera \u2013 \u00e8 una sola: l&#39;inclusione, ossia la possibilit\u00e0 di vivere a 360 gradi, giorno dopo giorno, ci\u00f2 che ha da offrire la societ\u00e0, senza essere ghettizzato a causa della propria condizione, e, quindi condividere le stesse esperienza di vita in sinergia con le persone cosiddette normodotate\u201d.<\/p>\n<p> \tLe riprese e il montaggio sono stati realizzati da &#8220;<strong>Lorenzo Contadini<\/strong> <strong>production<\/strong>&#8221; per &#8220;<strong>Supersonic Studio<\/strong>&#8220;. Gli attori che hanno preso parte sono: <strong>Arjen Kopic,Sead Kopic,Roberta Renda,<\/strong><strong> Gabriella Di Giacomo, Alessandro Alvaro, Cristina Alvaro, Deborah Civita, Gennaro Mavuotolo, Gianluca Miani, Barbara Passador, Chiara Pittoni, Amra Sabanovic, Camilla Zorba,Danijela Ivanovic, Iris Dalla Bona<\/strong>.<\/p>\n","protected":false},"excerpt":{"rendered":"<p>A cura di &#8220;In scena per caso&#8221;<\/p>\n","protected":false},"author":12,"featured_media":38214,"comment_status":"closed","ping_status":"closed","sticky":false,"template":"","format":"standard","meta":{"dwc-title":[],"dwc-content":[],"footnotes":""},"categories":[37],"tags":[],"class_list":["post-38213","post","type-post","status-publish","format-standard","has-post-thumbnail","hentry","category-cultura-e-spettacolo"],"rttpg_featured_image_url":{"full":["https:\/\/imagazine.it\/wp-content\/uploads\/2024\/01\/38778-1.webp",800,567,false],"landscape":["https:\/\/imagazine.it\/wp-content\/uploads\/2024\/01\/38778-1.webp",800,567,false],"portraits":["https:\/\/imagazine.it\/wp-content\/uploads\/2024\/01\/38778-1.webp",800,567,false],"thumbnail":["https:\/\/imagazine.it\/wp-content\/uploads\/2024\/01\/38778-1-150x150.webp",150,150,true],"medium":["https:\/\/imagazine.it\/wp-content\/uploads\/2024\/01\/38778-1-300x213.webp",300,213,true],"large":["https:\/\/imagazine.it\/wp-content\/uploads\/2024\/01\/38778-1.webp",640,454,false],"thumblist":["https:\/\/imagazine.it\/wp-content\/uploads\/2024\/01\/38778-1.webp",300,213,false],"thumbrelated":["https:\/\/imagazine.it\/wp-content\/uploads\/2024\/01\/38778-1.webp",500,354,false],"meccarouselthumb":["https:\/\/imagazine.it\/wp-content\/uploads\/2024\/01\/38778-1.webp",457,324,false],"gridsquare":["https:\/\/imagazine.it\/wp-content\/uploads\/2024\/01\/38778-1.webp",367,260,false],"tileview":["https:\/\/imagazine.it\/wp-content\/uploads\/2024\/01\/38778-1.webp",300,213,false],"1536x1536":["https:\/\/imagazine.it\/wp-content\/uploads\/2024\/01\/38778-1.webp",800,567,false],"2048x2048":["https:\/\/imagazine.it\/wp-content\/uploads\/2024\/01\/38778-1.webp",800,567,false],"newsup-slider-full":["https:\/\/imagazine.it\/wp-content\/uploads\/2024\/01\/38778-1.webp",800,567,false],"newsup-featured":["https:\/\/imagazine.it\/wp-content\/uploads\/2024\/01\/38778-1.webp",800,567,false],"newsup-medium":["https:\/\/imagazine.it\/wp-content\/uploads\/2024\/01\/38778-1-720x380.webp",720,380,true],"tptn_thumbnail":["https:\/\/imagazine.it\/wp-content\/uploads\/2024\/01\/38778-1.webp",250,177,false],"sow-carousel-default":["https:\/\/imagazine.it\/wp-content\/uploads\/2024\/01\/38778-1-272x182.webp",272,182,true]},"rttpg_author":{"display_name":"Claudio Pizzin","author_link":"https:\/\/imagazine.it\/home_desk\/author\/pizzin\/"},"rttpg_comment":0,"rttpg_category":"<a href=\"https:\/\/imagazine.it\/home_desk\/category\/cultura-e-spettacolo\/\" rel=\"category tag\">CULTURA&amp;SPETTACOLO<\/a>","rttpg_excerpt":"A cura di \"In scena per caso\"","_links":{"self":[{"href":"https:\/\/imagazine.it\/home_desk\/wp-json\/wp\/v2\/posts\/38213","targetHints":{"allow":["GET"]}}],"collection":[{"href":"https:\/\/imagazine.it\/home_desk\/wp-json\/wp\/v2\/posts"}],"about":[{"href":"https:\/\/imagazine.it\/home_desk\/wp-json\/wp\/v2\/types\/post"}],"author":[{"embeddable":true,"href":"https:\/\/imagazine.it\/home_desk\/wp-json\/wp\/v2\/users\/12"}],"replies":[{"embeddable":true,"href":"https:\/\/imagazine.it\/home_desk\/wp-json\/wp\/v2\/comments?post=38213"}],"version-history":[{"count":0,"href":"https:\/\/imagazine.it\/home_desk\/wp-json\/wp\/v2\/posts\/38213\/revisions"}],"wp:featuredmedia":[{"embeddable":true,"href":"https:\/\/imagazine.it\/home_desk\/wp-json\/wp\/v2\/media\/38214"}],"wp:attachment":[{"href":"https:\/\/imagazine.it\/home_desk\/wp-json\/wp\/v2\/media?parent=38213"}],"wp:term":[{"taxonomy":"category","embeddable":true,"href":"https:\/\/imagazine.it\/home_desk\/wp-json\/wp\/v2\/categories?post=38213"},{"taxonomy":"post_tag","embeddable":true,"href":"https:\/\/imagazine.it\/home_desk\/wp-json\/wp\/v2\/tags?post=38213"}],"curies":[{"name":"wp","href":"https:\/\/api.w.org\/{rel}","templated":true}]}}