{"id":38209,"date":"2021-03-17T00:00:00","date_gmt":"2021-03-16T23:00:00","guid":{"rendered":"https:\/\/imagazine.it\/?p=38209"},"modified":"2021-03-17T00:00:00","modified_gmt":"2021-03-16T23:00:00","slug":"monfalcone-nuovi-scenari-per-il-porto","status":"publish","type":"post","link":"https:\/\/imagazine.it\/home_desk\/monfalcone-nuovi-scenari-per-il-porto\/","title":{"rendered":"Monfalcone, nuovi scenari per il Porto"},"content":{"rendered":"<p> \tIl sindaco di Monfalcone, <strong>Anna Maria Cisint<\/strong>, ha incontrato i rappresentanti dei Sindacati del Porto \u0160a\u0161a \u010culev, Segretario Regionale FILT \u2013 CGIL Gorizia, <strong>Marco Rebez<\/strong>, del UIL trasporti FVG, e <strong>Giulio Germani<\/strong>, della CISL trasporti. Si tratta di un preludio all\u2019incontro in programma marted\u00ec 23 con il Presidente dell\u2019Autorit\u00e0 di Sistema, <strong>Zeno D\u2019Agostino<\/strong>.<\/p>\n<p> \t\u201cSi \u00e8 trattato \u2013 ha spiegato Cisint \u2013 di un incontro molto importante, durante il quale sono stati affrontati temi centrali inerenti la questione del Porto di Monfalcone. Come sottolineato insieme ai rappresentanti dei Sindacati, \u00e8 necessario che il Porto di Monfalcone venga riconosciuto per l\u2019importanza che riveste attualmente. \u00c8 stato riscontrato che, dopo la partenza di Mario Sommariva, sia restato un vuoto che ancora non \u00e8 stato colmato. Insieme con i rappresentanti dei Sindacati presenti si condivide la necessit\u00e0 di un\u2019azione immediata in risposta a questa problematica, in quanto altrimenti si rischiano gravi ritardi nello sviluppo portuale e si sa bene che lo sviluppo del nostro porto significa PIL ma anche e soprattutto occupazione. \u00c8 fondamentale che vengano individuate le persone che lavorino all\u2019interno del porto e per il porto di Monfalcone essendovi presente, dato che la presenza fisica implica anche la consapevolezza delle questioni da gestire\u201d.<\/p>\n<p> \tLa prima cittadina ha sottolineato l\u2019esigenza che si realizzino gli investimenti di competenza dell\u2019Autorit\u00e0 di Sistema, come l\u2019illuminazione e gli asfalti.<\/p>\n<p> \t\u00a0<\/p>\n<p> \t\u00a0<\/p>\n<p> \t\u00a0<\/p>\n","protected":false},"excerpt":{"rendered":"<p>Incontro tra amministrazione comunale e sindacati<\/p>\n","protected":false},"author":28,"featured_media":38210,"comment_status":"closed","ping_status":"closed","sticky":false,"template":"","format":"standard","meta":{"dwc-title":[],"dwc-content":[],"footnotes":""},"categories":[5],"tags":[],"class_list":["post-38209","post","type-post","status-publish","format-standard","has-post-thumbnail","hentry","category-attualita"],"rttpg_featured_image_url":{"full":["https:\/\/imagazine.it\/wp-content\/uploads\/2024\/01\/38773-1.webp",1000,750,false],"landscape":["https:\/\/imagazine.it\/wp-content\/uploads\/2024\/01\/38773-1.webp",1000,750,false],"portraits":["https:\/\/imagazine.it\/wp-content\/uploads\/2024\/01\/38773-1.webp",1000,750,false],"thumbnail":["https:\/\/imagazine.it\/wp-content\/uploads\/2024\/01\/38773-1-150x150.webp",150,150,true],"medium":["https:\/\/imagazine.it\/wp-content\/uploads\/2024\/01\/38773-1-300x225.webp",300,225,true],"large":["https:\/\/imagazine.it\/wp-content\/uploads\/2024\/01\/38773-1.webp",640,480,false],"thumblist":["https:\/\/imagazine.it\/wp-content\/uploads\/2024\/01\/38773-1.webp",300,225,false],"thumbrelated":["https:\/\/imagazine.it\/wp-content\/uploads\/2024\/01\/38773-1.webp",500,375,false],"meccarouselthumb":["https:\/\/imagazine.it\/wp-content\/uploads\/2024\/01\/38773-1.webp",432,324,false],"gridsquare":["https:\/\/imagazine.it\/wp-content\/uploads\/2024\/01\/38773-1.webp",347,260,false],"tileview":["https:\/\/imagazine.it\/wp-content\/uploads\/2024\/01\/38773-1.webp",300,225,false],"1536x1536":["https:\/\/imagazine.it\/wp-content\/uploads\/2024\/01\/38773-1.webp",1000,750,false],"2048x2048":["https:\/\/imagazine.it\/wp-content\/uploads\/2024\/01\/38773-1.webp",1000,750,false],"newsup-slider-full":["https:\/\/imagazine.it\/wp-content\/uploads\/2024\/01\/38773-1-1000x720.webp",1000,720,true],"newsup-featured":["https:\/\/imagazine.it\/wp-content\/uploads\/2024\/01\/38773-1.webp",1000,750,false],"newsup-medium":["https:\/\/imagazine.it\/wp-content\/uploads\/2024\/01\/38773-1-720x380.webp",720,380,true],"tptn_thumbnail":["https:\/\/imagazine.it\/wp-content\/uploads\/2024\/01\/38773-1.webp",250,188,false],"sow-carousel-default":["https:\/\/imagazine.it\/wp-content\/uploads\/2024\/01\/38773-1-272x182.webp",272,182,true]},"rttpg_author":{"display_name":"redazione","author_link":"https:\/\/imagazine.it\/home_desk\/author\/redazione\/"},"rttpg_comment":0,"rttpg_category":"<a href=\"https:\/\/imagazine.it\/home_desk\/category\/attualita\/\" rel=\"category tag\">ATTUALIT\u00c0<\/a>","rttpg_excerpt":"Incontro tra amministrazione comunale e sindacati","_links":{"self":[{"href":"https:\/\/imagazine.it\/home_desk\/wp-json\/wp\/v2\/posts\/38209","targetHints":{"allow":["GET"]}}],"collection":[{"href":"https:\/\/imagazine.it\/home_desk\/wp-json\/wp\/v2\/posts"}],"about":[{"href":"https:\/\/imagazine.it\/home_desk\/wp-json\/wp\/v2\/types\/post"}],"author":[{"embeddable":true,"href":"https:\/\/imagazine.it\/home_desk\/wp-json\/wp\/v2\/users\/28"}],"replies":[{"embeddable":true,"href":"https:\/\/imagazine.it\/home_desk\/wp-json\/wp\/v2\/comments?post=38209"}],"version-history":[{"count":0,"href":"https:\/\/imagazine.it\/home_desk\/wp-json\/wp\/v2\/posts\/38209\/revisions"}],"wp:featuredmedia":[{"embeddable":true,"href":"https:\/\/imagazine.it\/home_desk\/wp-json\/wp\/v2\/media\/38210"}],"wp:attachment":[{"href":"https:\/\/imagazine.it\/home_desk\/wp-json\/wp\/v2\/media?parent=38209"}],"wp:term":[{"taxonomy":"category","embeddable":true,"href":"https:\/\/imagazine.it\/home_desk\/wp-json\/wp\/v2\/categories?post=38209"},{"taxonomy":"post_tag","embeddable":true,"href":"https:\/\/imagazine.it\/home_desk\/wp-json\/wp\/v2\/tags?post=38209"}],"curies":[{"name":"wp","href":"https:\/\/api.w.org\/{rel}","templated":true}]}}