{"id":38207,"date":"2021-03-16T00:00:00","date_gmt":"2021-03-15T23:00:00","guid":{"rendered":"https:\/\/imagazine.it\/?p=38207"},"modified":"2021-03-16T00:00:00","modified_gmt":"2021-03-15T23:00:00","slug":"vaccino-il-fvg-sospende-anche-le-prenotazioni-per-astrazeneca","status":"publish","type":"post","link":"https:\/\/imagazine.it\/home_desk\/vaccino-il-fvg-sospende-anche-le-prenotazioni-per-astrazeneca\/","title":{"rendered":"Vaccino, il FVG sospende anche le prenotazioni per Astrazeneca"},"content":{"rendered":"<p> \t&#8220;Dopo la sospensione precauzionale delle somministrazioni del vaccino Astrazeneca, vengono temporaneamente interrotte anche le prenotazioni per le vaccinazioni a favore delle categorie dei servizi essenziali a cui era destinato il siero&#8221;.<\/p>\n<p> \tNe d\u00e0 conto il vicegovernatore con delega alla Salute del Friuli Venezia Giulia, <strong>Riccardo Riccardi<\/strong>, il quale precisa che &#8220;in attesa dei pronunciamenti dell&#39;Ema, le somministrazioni che erano gi\u00e0 state prenotate (circa 3.000 dosi) e che sono sospese, verranno riprogrammate quando sar\u00e0 dato il via libera. Sar\u00e0 cura del Centro unico di prenotazioni ricontattare le persone che si erano prenotate. Per il momento anche tutte le nuove prenotazioni per l&#39;inoculazione di Astrazenca sono bloccate, mentre le vaccinazioni Pfizer procedono come programmato&#8221;.<\/p>\n<p> \tRiccardi ha poi ricordato l&#39;ordinanza del commissario straordinario per l&#39;emergenza Covid-19, Francesco Paolo Figliuolo, i cui concetti sono gi\u00e0 stati applicati in Friuli Venezia Giulia fin dall&#39;inizio della campagna vaccinale. L&#39;ordinanza non deve indurre i cittadini a raggiungere i punti vaccinali creando assembramenti.<\/p>\n<p> \t&#8220;Il documento nazionale dispone come le dosi di vaccino eventualmente residue a fine giornata, qualora non conservabili, possono essere eccezionalmente somministrate per ottimizzare l&#39;impiego evitando sprechi, in favore di soggetti comunque disponibili al momento, secondo l&#39;ordine di priorit\u00e0 individuato dal piano nazionale&#8221; ha spiegato Riccardi, esplicitando come &#8220;le Aziende sanitarie regionali continueranno a contattare le persone che ne hanno diritto affinch\u00e9 nessuna dose vada sprecata&#8221;.<\/p>\n<p> \tA fine giornata le dosi a riserva possono oscillare fra le 9 e le 5 al massimo.<\/p>\n<p> \t\u00a0<\/p>\n","protected":false},"excerpt":{"rendered":"<p>La conferma del vicegovernatore Riccardi<\/p>\n","protected":false},"author":28,"featured_media":38208,"comment_status":"closed","ping_status":"closed","sticky":false,"template":"","format":"standard","meta":{"dwc-title":[],"dwc-content":[],"footnotes":""},"categories":[5],"tags":[],"class_list":["post-38207","post","type-post","status-publish","format-standard","has-post-thumbnail","hentry","category-attualita"],"rttpg_featured_image_url":{"full":["https:\/\/imagazine.it\/wp-content\/uploads\/2024\/01\/38769-1.webp",1000,750,false],"landscape":["https:\/\/imagazine.it\/wp-content\/uploads\/2024\/01\/38769-1.webp",1000,750,false],"portraits":["https:\/\/imagazine.it\/wp-content\/uploads\/2024\/01\/38769-1.webp",1000,750,false],"thumbnail":["https:\/\/imagazine.it\/wp-content\/uploads\/2024\/01\/38769-1-150x150.webp",150,150,true],"medium":["https:\/\/imagazine.it\/wp-content\/uploads\/2024\/01\/38769-1-300x225.webp",300,225,true],"large":["https:\/\/imagazine.it\/wp-content\/uploads\/2024\/01\/38769-1.webp",640,480,false],"thumblist":["https:\/\/imagazine.it\/wp-content\/uploads\/2024\/01\/38769-1.webp",300,225,false],"thumbrelated":["https:\/\/imagazine.it\/wp-content\/uploads\/2024\/01\/38769-1.webp",500,375,false],"meccarouselthumb":["https:\/\/imagazine.it\/wp-content\/uploads\/2024\/01\/38769-1.webp",432,324,false],"gridsquare":["https:\/\/imagazine.it\/wp-content\/uploads\/2024\/01\/38769-1.webp",347,260,false],"tileview":["https:\/\/imagazine.it\/wp-content\/uploads\/2024\/01\/38769-1.webp",300,225,false],"1536x1536":["https:\/\/imagazine.it\/wp-content\/uploads\/2024\/01\/38769-1.webp",1000,750,false],"2048x2048":["https:\/\/imagazine.it\/wp-content\/uploads\/2024\/01\/38769-1.webp",1000,750,false],"newsup-slider-full":["https:\/\/imagazine.it\/wp-content\/uploads\/2024\/01\/38769-1-1000x720.webp",1000,720,true],"newsup-featured":["https:\/\/imagazine.it\/wp-content\/uploads\/2024\/01\/38769-1.webp",1000,750,false],"newsup-medium":["https:\/\/imagazine.it\/wp-content\/uploads\/2024\/01\/38769-1-720x380.webp",720,380,true],"tptn_thumbnail":["https:\/\/imagazine.it\/wp-content\/uploads\/2024\/01\/38769-1.webp",250,188,false],"sow-carousel-default":["https:\/\/imagazine.it\/wp-content\/uploads\/2024\/01\/38769-1-272x182.webp",272,182,true]},"rttpg_author":{"display_name":"redazione","author_link":"https:\/\/imagazine.it\/home_desk\/author\/redazione\/"},"rttpg_comment":0,"rttpg_category":"<a href=\"https:\/\/imagazine.it\/home_desk\/category\/attualita\/\" rel=\"category tag\">ATTUALIT\u00c0<\/a>","rttpg_excerpt":"La conferma del vicegovernatore Riccardi","_links":{"self":[{"href":"https:\/\/imagazine.it\/home_desk\/wp-json\/wp\/v2\/posts\/38207","targetHints":{"allow":["GET"]}}],"collection":[{"href":"https:\/\/imagazine.it\/home_desk\/wp-json\/wp\/v2\/posts"}],"about":[{"href":"https:\/\/imagazine.it\/home_desk\/wp-json\/wp\/v2\/types\/post"}],"author":[{"embeddable":true,"href":"https:\/\/imagazine.it\/home_desk\/wp-json\/wp\/v2\/users\/28"}],"replies":[{"embeddable":true,"href":"https:\/\/imagazine.it\/home_desk\/wp-json\/wp\/v2\/comments?post=38207"}],"version-history":[{"count":0,"href":"https:\/\/imagazine.it\/home_desk\/wp-json\/wp\/v2\/posts\/38207\/revisions"}],"wp:featuredmedia":[{"embeddable":true,"href":"https:\/\/imagazine.it\/home_desk\/wp-json\/wp\/v2\/media\/38208"}],"wp:attachment":[{"href":"https:\/\/imagazine.it\/home_desk\/wp-json\/wp\/v2\/media?parent=38207"}],"wp:term":[{"taxonomy":"category","embeddable":true,"href":"https:\/\/imagazine.it\/home_desk\/wp-json\/wp\/v2\/categories?post=38207"},{"taxonomy":"post_tag","embeddable":true,"href":"https:\/\/imagazine.it\/home_desk\/wp-json\/wp\/v2\/tags?post=38207"}],"curies":[{"name":"wp","href":"https:\/\/api.w.org\/{rel}","templated":true}]}}