{"id":38195,"date":"2021-03-16T00:00:00","date_gmt":"2021-03-15T23:00:00","guid":{"rendered":"https:\/\/imagazine.it\/?p=38195"},"modified":"2021-03-16T00:00:00","modified_gmt":"2021-03-15T23:00:00","slug":"cornino-muore-fulminato-il-grifone-simbolo-della-riserva","status":"publish","type":"post","link":"https:\/\/imagazine.it\/home_desk\/cornino-muore-fulminato-il-grifone-simbolo-della-riserva\/","title":{"rendered":"Cornino, muore fulminato il grifone simbolo della Riserva"},"content":{"rendered":"<p> \tL\u2019<strong>esemplare di grifone adulto<\/strong>, <strong>\u201cF17\u201d<\/strong>, <strong>simbolo<\/strong> della <strong>Riserva naturale regionale del lago di Cornino<\/strong> &#8211; i cui esperti monitoravano e studiavano l&#39;animale da una quindicina d&#39;anni -, \u00e8 <strong>morto<\/strong>, molto probabilmente domenica 14 marzo, per essersi posato sul <strong>traliccio della media tensione<\/strong>.<\/p>\n<p> \tA segnalare il fatto \u00e8 stata, ieri, una residente di Sompcornino,<strong> Virginia Marcuzzi<\/strong>, che ha individuato la carcassa negli spazi verdi attigui al suo cortile. A nulla \u00e8 valso l&#39;immediato intervento della squadra di recupero della Riserva, che dall&#39;anello di riconoscimento &#8211; dove F sta per Forgaria &#8211; ha identificato la creatura.<\/p>\n<p> \t\u00abMolto probabilmente il maltempo e le forti raffiche di vento che hanno contraddistinto la mattinata di domenica scorsa hanno indotto l\u2019animale a posarsi proprio sul traliccio della media tensione, provocandone la morte per elettrocuzione\u00bb, spiega il <strong>direttore scientifico della Riserva e del Progetto Grifone, professor Fulvio Genero<\/strong>, confermando che si trattava di un magnifico esemplare di Gyps fulvus, avvoltoio grifone appunto, mitico uccello mangiatore di carcasse, oggetto di un piano di reintroduzione in natura tra i pi\u00f9 importanti a livello europeo. \u00abPurtroppo &#8211; aggiunge Genero &#8211; questo decesso incrementa i dati della &#8220;strage&#8221; che i tralicci provocano fra gli avvoltoi e tutta l&#39;avifauna di grossa taglia. Si tratta della principale causa di morte, insieme all\u2019avvelenamento da piombo legato al consumo di resti di origine venatoria\u00bb.<\/p>\n<p> \t&#8220;F17&#8221; accompagnava l&#39;attivit\u00e0 di ricerca degli ornitologi del Progetto Grifone da moltissimo tempo. Sicuramente <strong>nato sulle pareti rocciose della Riserva, poi soccorso in una situazione di pericolo nel 2006, ha volato incontrastato nei cieli per ben<\/strong> <strong>15 anni<\/strong>, \u00abprima che a spezzare il filo della sua vita &#8211; accusano dalla Riserva naturale &#8211; ci pensasse uno dei pi\u00f9 grandi nemici degli uccelli di tutto il mondo: il cavo della media tensione\u00bb.<\/p>\n<p> \t\u00abLa principale sfida, nelle problematiche di conservazione delle specie &#8211; osserva <strong>Luca Sicuro, presidente di Pavees<\/strong>, la societ\u00e0 cooperativa che da quasi 10 anni gestisce la Riserva -, \u00e8 senza dubbio la ricerca di un equilibrio tra lo sviluppo antropico e il rispetto degli spazi della biodiversit\u00e0. Molto \u00e8 stato fatto, in particolar modo in Europa Occidentale, ma la strada \u00e8 ancora lunga, e a dimostrarcelo \u00e8 questo triste evento. Sono <strong>ormai una decina gli esemplari morti per lo stesso motivo<\/strong>. La nostra <strong>Riserva<\/strong> &#8211; spiega poi &#8211; \u00e8 <strong>lambita dalle spire di una serie di moduli di trasporto della corrente elettrica fortemente invasivi rispetto all\u2019equilibrio naturale di questo fragile ecosistema<\/strong>. Non \u00e8 ovviamente ipotizzabile la rimozione di una cos\u00ec preziosa infrastruttura: basterebbe <strong>seguire l&#39;esempio di altri Paesi europei, quali Croazia, Spagna e Bulgaria, che hanno ovviato al problema con semplici ed economiche installazioni di dispositivi di isolamento parziale, condizione sufficiente per lenire in maniera drastica eventuali danni di impatto<\/strong>. Non possiamo che <strong>appellarci ai gestori del servizio e alle istituzioni <\/strong>per contrastare un <strong>problema la cui gravit\u00e0<\/strong>, soprattutto se commisurata alla semplicit\u00e0 delle soluzioni, <strong>non pu\u00f2 pi\u00f9 essere ignorata. <\/strong>A rendere ancora pi\u00f9 dolorosa questa vicenda &#8211; conclude &#8211; \u00e8 il periodo in cui ci troviamo: \u00e8 arrivata infatti al culmine la stagione di nidificazione di questa rarissima specie, tornata in regione dopo secoli di assenza. \u00c8 probabile, se non certo, che F17 avesse un <strong>uovo<\/strong> da covare al quale <strong>non far\u00e0 pi\u00f9 ritorno<\/strong>\u00bb.<\/p>\n<p> \tAnche l\u2019amministrazione comunale, che da decenni investe nel Progetto Grifone, esprime preoccupazione per la minaccia in essere. \u00abIn passato &#8211; dichiara il <strong>sindaco di Forgaria, Marco Chiapolino<\/strong> &#8211; incidenti di questo tipo avevano gi\u00e0 causato la morte di alcuni esemplari: all&#39;epoca avevamo sollevato il problema\u00a0 con l\u2019ente gestore delle linee elettriche, avanzando la richiesta di mettere in sicurezza la zona. Nei prossimi giorni <strong>convocheremo i tecnici responsabili per individuare con precisione le tratte che andrebbero isolate<\/strong>, al fine di accelerare i tempi di un intervento risolutivo\u00bb.<\/p>\n","protected":false},"excerpt":{"rendered":"<p>Era studiato da 15 anni<\/p>\n","protected":false},"author":28,"featured_media":38196,"comment_status":"closed","ping_status":"closed","sticky":false,"template":"","format":"standard","meta":{"dwc-title":[],"dwc-content":[],"footnotes":""},"categories":[5],"tags":[],"class_list":["post-38195","post","type-post","status-publish","format-standard","has-post-thumbnail","hentry","category-attualita"],"rttpg_featured_image_url":{"full":["https:\/\/imagazine.it\/wp-content\/uploads\/2024\/01\/38757-1.webp",1000,750,false],"landscape":["https:\/\/imagazine.it\/wp-content\/uploads\/2024\/01\/38757-1.webp",1000,750,false],"portraits":["https:\/\/imagazine.it\/wp-content\/uploads\/2024\/01\/38757-1.webp",1000,750,false],"thumbnail":["https:\/\/imagazine.it\/wp-content\/uploads\/2024\/01\/38757-1-150x150.webp",150,150,true],"medium":["https:\/\/imagazine.it\/wp-content\/uploads\/2024\/01\/38757-1-300x225.webp",300,225,true],"large":["https:\/\/imagazine.it\/wp-content\/uploads\/2024\/01\/38757-1.webp",640,480,false],"thumblist":["https:\/\/imagazine.it\/wp-content\/uploads\/2024\/01\/38757-1.webp",300,225,false],"thumbrelated":["https:\/\/imagazine.it\/wp-content\/uploads\/2024\/01\/38757-1.webp",500,375,false],"meccarouselthumb":["https:\/\/imagazine.it\/wp-content\/uploads\/2024\/01\/38757-1.webp",432,324,false],"gridsquare":["https:\/\/imagazine.it\/wp-content\/uploads\/2024\/01\/38757-1.webp",347,260,false],"tileview":["https:\/\/imagazine.it\/wp-content\/uploads\/2024\/01\/38757-1.webp",300,225,false],"1536x1536":["https:\/\/imagazine.it\/wp-content\/uploads\/2024\/01\/38757-1.webp",1000,750,false],"2048x2048":["https:\/\/imagazine.it\/wp-content\/uploads\/2024\/01\/38757-1.webp",1000,750,false],"newsup-slider-full":["https:\/\/imagazine.it\/wp-content\/uploads\/2024\/01\/38757-1-1000x720.webp",1000,720,true],"newsup-featured":["https:\/\/imagazine.it\/wp-content\/uploads\/2024\/01\/38757-1.webp",1000,750,false],"newsup-medium":["https:\/\/imagazine.it\/wp-content\/uploads\/2024\/01\/38757-1-720x380.webp",720,380,true],"tptn_thumbnail":["https:\/\/imagazine.it\/wp-content\/uploads\/2024\/01\/38757-1.webp",250,188,false],"sow-carousel-default":["https:\/\/imagazine.it\/wp-content\/uploads\/2024\/01\/38757-1-272x182.webp",272,182,true]},"rttpg_author":{"display_name":"redazione","author_link":"https:\/\/imagazine.it\/home_desk\/author\/redazione\/"},"rttpg_comment":0,"rttpg_category":"<a href=\"https:\/\/imagazine.it\/home_desk\/category\/attualita\/\" rel=\"category tag\">ATTUALIT\u00c0<\/a>","rttpg_excerpt":"Era studiato da 15 anni","_links":{"self":[{"href":"https:\/\/imagazine.it\/home_desk\/wp-json\/wp\/v2\/posts\/38195","targetHints":{"allow":["GET"]}}],"collection":[{"href":"https:\/\/imagazine.it\/home_desk\/wp-json\/wp\/v2\/posts"}],"about":[{"href":"https:\/\/imagazine.it\/home_desk\/wp-json\/wp\/v2\/types\/post"}],"author":[{"embeddable":true,"href":"https:\/\/imagazine.it\/home_desk\/wp-json\/wp\/v2\/users\/28"}],"replies":[{"embeddable":true,"href":"https:\/\/imagazine.it\/home_desk\/wp-json\/wp\/v2\/comments?post=38195"}],"version-history":[{"count":0,"href":"https:\/\/imagazine.it\/home_desk\/wp-json\/wp\/v2\/posts\/38195\/revisions"}],"wp:featuredmedia":[{"embeddable":true,"href":"https:\/\/imagazine.it\/home_desk\/wp-json\/wp\/v2\/media\/38196"}],"wp:attachment":[{"href":"https:\/\/imagazine.it\/home_desk\/wp-json\/wp\/v2\/media?parent=38195"}],"wp:term":[{"taxonomy":"category","embeddable":true,"href":"https:\/\/imagazine.it\/home_desk\/wp-json\/wp\/v2\/categories?post=38195"},{"taxonomy":"post_tag","embeddable":true,"href":"https:\/\/imagazine.it\/home_desk\/wp-json\/wp\/v2\/tags?post=38195"}],"curies":[{"name":"wp","href":"https:\/\/api.w.org\/{rel}","templated":true}]}}