{"id":38193,"date":"2021-03-16T00:00:00","date_gmt":"2021-03-15T23:00:00","guid":{"rendered":"https:\/\/imagazine.it\/?p=38193"},"modified":"2021-03-16T00:00:00","modified_gmt":"2021-03-15T23:00:00","slug":"speleologia-piu-contributi-alla-ricerca-in-ambito-carsico","status":"publish","type":"post","link":"https:\/\/imagazine.it\/home_desk\/speleologia-piu-contributi-alla-ricerca-in-ambito-carsico\/","title":{"rendered":"Speleologia, pi\u00f9 contributi alla ricerca in ambito carsico"},"content":{"rendered":"<p> \tUn nuovo canale contributivo a bando per sostenere le proposte progettuali che valorizzino la ricerca scientifica in ambito carsico e l&#39;educazione ai giovani.<\/p>\n<p> \t\u00c8 quanto ha annunciato l&#39;assessore regionale alla Difesa dell&#39;Ambiente e energia, <strong>Fabio Scoccimarro<\/strong>, all&#39;apertura del Tavolo della speleologia, istituito con la L.R. 15\/2016 quale organismo di coordinamento tra i vari soggetti che si occupano di implementare il Catasto speleologico regionale (Csr).<\/p>\n<p> \t&#8220;La valorizzazione del lavoro sinergico tra gruppi speleologici e enti di ricerca \u00e8 una delle priorit\u00e0 che ci siamo dati &#8211; ha affermato l&#39;assessore &#8211; e che nei prossimi anni intendiamo implementare con nuove progettualit\u00e0 che coinvolgano anche le regioni vicine, cos\u00ec come Austria e Slovenia. Un grande passo avanti che potr\u00e0 avere un alleato nell&#39;utilizzo di nuove tecnologie da cui potrebbero derivare conoscenze interessanti rispetto al sistema carsico&#8221;.<\/p>\n<p> \t&#8220;Il legame tra grotte, aree carsiche, acquiferi e acqua potabile rende evidente l&#39;interesse pubblico nella conoscenza del patrimonio speleologico, per una visione strategica sulla risorsa &#8220;acqua&#8221; quale bene di tutti, perch\u00e9 il Carso non ha confini, essendo i sistemi carsici interregionali e transfrontalieri&#8221;, ha sottolineato ancora Scoccimarro.<br \/> \tIn futuro la Regione prevede che le attivit\u00e0 di ricerca proseguano anche con un accordo con il Consiglio nazionale delle ricerche (Cnr) sulle cosiddette &#8220;<em>Ice caves<\/em>&#8220;, per lo studio del cambiamento climatico e delle potenziali risorse idriche; allo studio anche un progetto nazionale in ambito scientifico. Proprio in virt\u00f9 di questo approccio, la banca dati del Csr \u00e8 stata strutturata secondo la visione strategica regionale, anche grazie a un intenso lavoro sinergico che il Servizio geologico ha svolto con gli speleologi e gli enti di ricerca. Ad esempio, la Regione ha sostenuto la collaborazione tra i gruppi e l&#39;Universit\u00e0 degli studi di Trieste per le impegnative attivit\u00e0 di tracciamento degli acquiferi carsici a Doberd\u00f2 sul Lago e sul Monte Bernadia.<\/p>\n<p> \tDa ieri, inoltre, il Catasto speleologico regionale \u00e8 accessibile, oltre che dal <strong><u><a href=\"https:\/\/catastogrotte.regione.fvg.it\" target=\"_blank\" rel=\"noopener\"><span style=\"color:#0000ff;\">rinnovato sito-web<\/span><\/a><\/u><\/strong>, anche attraverso una app che far\u00e0 da supporto alle operazioni di accatastamento dei siti.<\/p>\n<p> \tPer contatti e informazioni \u00e8 disponibile un indirizzo mail (csr@regione.fvg.it) oltre a nuovi uffici presso il Servizio geologico regionale nel palazzo di via S. Anastasio 3 a Trieste, dove ha trovato sede una biblioteca dedicata alla speleologia che sar\u00e0 aperta al pubblico non appena l&#39;emergenza sanitaria sar\u00e0 rientrata.<\/p>\n<p> \tIl Catasto &#8211; nato cent&#39;anni fa, primo in Italia &#8211; \u00e8 un sistema informativo strutturato per la tutela, la valorizzazione e la promozione del patrimonio speleologico; funge da centro di raccolta dati su grotte, aree e acquiferi carsici. Le aree carsiche coprono il 39% dell&#39;intero territorio regionale; ne sono state perimetrate 81 di cui il 69% si trova in territorio collinare o montano.<\/p>\n","protected":false},"excerpt":{"rendered":"<p>L&#8217;annuncio dell&#8217;assessore regionale Soccimarro<\/p>\n","protected":false},"author":28,"featured_media":38194,"comment_status":"closed","ping_status":"closed","sticky":false,"template":"","format":"standard","meta":{"dwc-title":[],"dwc-content":[],"footnotes":""},"categories":[5],"tags":[],"class_list":["post-38193","post","type-post","status-publish","format-standard","has-post-thumbnail","hentry","category-attualita"],"rttpg_featured_image_url":{"full":["https:\/\/imagazine.it\/wp-content\/uploads\/2024\/01\/38756-1.webp",900,595,false],"landscape":["https:\/\/imagazine.it\/wp-content\/uploads\/2024\/01\/38756-1.webp",900,595,false],"portraits":["https:\/\/imagazine.it\/wp-content\/uploads\/2024\/01\/38756-1.webp",900,595,false],"thumbnail":["https:\/\/imagazine.it\/wp-content\/uploads\/2024\/01\/38756-1-150x150.webp",150,150,true],"medium":["https:\/\/imagazine.it\/wp-content\/uploads\/2024\/01\/38756-1-300x198.webp",300,198,true],"large":["https:\/\/imagazine.it\/wp-content\/uploads\/2024\/01\/38756-1.webp",640,423,false],"thumblist":["https:\/\/imagazine.it\/wp-content\/uploads\/2024\/01\/38756-1.webp",300,198,false],"thumbrelated":["https:\/\/imagazine.it\/wp-content\/uploads\/2024\/01\/38756-1.webp",500,331,false],"meccarouselthumb":["https:\/\/imagazine.it\/wp-content\/uploads\/2024\/01\/38756-1.webp",474,313,false],"gridsquare":["https:\/\/imagazine.it\/wp-content\/uploads\/2024\/01\/38756-1.webp",391,258,false],"tileview":["https:\/\/imagazine.it\/wp-content\/uploads\/2024\/01\/38756-1.webp",300,198,false],"1536x1536":["https:\/\/imagazine.it\/wp-content\/uploads\/2024\/01\/38756-1.webp",900,595,false],"2048x2048":["https:\/\/imagazine.it\/wp-content\/uploads\/2024\/01\/38756-1.webp",900,595,false],"newsup-slider-full":["https:\/\/imagazine.it\/wp-content\/uploads\/2024\/01\/38756-1.webp",900,595,false],"newsup-featured":["https:\/\/imagazine.it\/wp-content\/uploads\/2024\/01\/38756-1.webp",900,595,false],"newsup-medium":["https:\/\/imagazine.it\/wp-content\/uploads\/2024\/01\/38756-1-720x380.webp",720,380,true],"tptn_thumbnail":["https:\/\/imagazine.it\/wp-content\/uploads\/2024\/01\/38756-1.webp",250,165,false],"sow-carousel-default":["https:\/\/imagazine.it\/wp-content\/uploads\/2024\/01\/38756-1-272x182.webp",272,182,true]},"rttpg_author":{"display_name":"redazione","author_link":"https:\/\/imagazine.it\/home_desk\/author\/redazione\/"},"rttpg_comment":0,"rttpg_category":"<a href=\"https:\/\/imagazine.it\/home_desk\/category\/attualita\/\" rel=\"category tag\">ATTUALIT\u00c0<\/a>","rttpg_excerpt":"L'annuncio dell'assessore regionale Soccimarro","_links":{"self":[{"href":"https:\/\/imagazine.it\/home_desk\/wp-json\/wp\/v2\/posts\/38193","targetHints":{"allow":["GET"]}}],"collection":[{"href":"https:\/\/imagazine.it\/home_desk\/wp-json\/wp\/v2\/posts"}],"about":[{"href":"https:\/\/imagazine.it\/home_desk\/wp-json\/wp\/v2\/types\/post"}],"author":[{"embeddable":true,"href":"https:\/\/imagazine.it\/home_desk\/wp-json\/wp\/v2\/users\/28"}],"replies":[{"embeddable":true,"href":"https:\/\/imagazine.it\/home_desk\/wp-json\/wp\/v2\/comments?post=38193"}],"version-history":[{"count":0,"href":"https:\/\/imagazine.it\/home_desk\/wp-json\/wp\/v2\/posts\/38193\/revisions"}],"wp:featuredmedia":[{"embeddable":true,"href":"https:\/\/imagazine.it\/home_desk\/wp-json\/wp\/v2\/media\/38194"}],"wp:attachment":[{"href":"https:\/\/imagazine.it\/home_desk\/wp-json\/wp\/v2\/media?parent=38193"}],"wp:term":[{"taxonomy":"category","embeddable":true,"href":"https:\/\/imagazine.it\/home_desk\/wp-json\/wp\/v2\/categories?post=38193"},{"taxonomy":"post_tag","embeddable":true,"href":"https:\/\/imagazine.it\/home_desk\/wp-json\/wp\/v2\/tags?post=38193"}],"curies":[{"name":"wp","href":"https:\/\/api.w.org\/{rel}","templated":true}]}}