{"id":38175,"date":"2021-03-13T00:00:00","date_gmt":"2021-03-12T23:00:00","guid":{"rendered":"https:\/\/imagazine.it\/?p=38175"},"modified":"2021-03-13T00:00:00","modified_gmt":"2021-03-12T23:00:00","slug":"ronchi-larte-figurativa-in-mostra","status":"publish","type":"post","link":"https:\/\/imagazine.it\/home_desk\/ronchi-larte-figurativa-in-mostra\/","title":{"rendered":"Ronchi, l&#8217;arte figurativa in mostra"},"content":{"rendered":"<p> \tInaugurata la mostra d\u2019arte figurativa \u201cVernice Rosa\u201d voluta dalla Presidenza del Circolo Acli di <strong>Ronchi dei Legionari<\/strong>. Rimarr\u00e0 aperta fino a fine maggio, Covid-19 permettendo; le opere sono esposte presso il Nuovo Bar Acli in via San Lorenzo.<\/p>\n<p> \tQuesta rassegna \u00e8 stata creata per mettere in evidenza il lavoro eseguito dagli allievi dei corsi di acrilico, matita e carboncino, diretti dalla maestra <strong>Antonella Delbianco<\/strong>, nei locali parrocchiali e presso la cartolibreria Meraviglia sempre a Ronchi.<\/p>\n<p> \tIl punto \u00e8 stato colto dal critico d&#39;arte <strong>Umberto Miniussi<\/strong>, il quale ha sottolineato la buona continuit\u00e0 di mostre e l\u2019interesse con cui il Circolo ronchese pone all\u2019attenzione degli amanti delle Arte figurative.<\/p>\n<p> \tLe opere in mostra sono frutto del lavoro di persone giovani e meno giovani, otto allieve e un allievo: <strong>Alhambra Bumbarca<\/strong>, una ragazzina rumena di otto anni, <strong>Giorgio Botto, Alessia Capacchione, Barbara Caruzzi, Federica Nardini, Giulia Pella, Annalisa Recchia, Barbara Russo, Lorena Sant<\/strong> e <strong>Monica Schiavon<\/strong>.<\/p>\n<p> \tTutti si sono cimentati nell\u2019arte figurativa solo da qualche tempo, mettendo per\u00f2 in evidenza la capacit\u00e0 del tratto nell\u2019eseguire opere di famosi artisti rinascimentali, dove si possono notare in particolare: la buona capacit\u00e0 manuale e l\u2019attitudine verso il disegno. Mentre, per almeno quattro espositori si nota una certa famigliarit\u00e0 con i disegni e il colore, oltre una gi\u00e0 presente espressivit\u00e0. Una prova convincente, sia della maestra che degli allievi, la mostra presente al Circolo, dove nulla \u00e8 uguale e ogni allievo si \u00e8 potuto esprime con versatilit\u00e0, scegliendo di realizzare l\u2019opera con i colori o la matita, mettendo in evidenza atmosfere del paesaggio e della ritrattistica, una iniziale poetica che tanto bene far\u00e0 al futuro dell\u2019arte figurativa, non solo locale. Prima del fatidico taglio del nastro, c&#39;\u00e8 stata l&#39;introduzione di <strong>Fiorenzo Boscarol<\/strong> che ha spiegato le motivazioni e le finalit\u00e0 di queste rassegne e il saluto del presidente del Circolo, <strong>Franco Miniussi<\/strong>. Sono intervenuti, successivamente, la maestra Antonella Delbianco e <strong>Manuel Meraviglia<\/strong> titolare dell&#39;omonima cartoleria che hanno fatto un breve excursus sulla nascita e sulla storia di questi corsi d&#39;insegnamento dell&#39;arte pittorica.<\/p>\n<p> \tSempre in ambito delle iniziative all\u2019ACLI, \u00e8 ancora aperta la sottoscrizione per la Caritas San Lorenzo: si vogliono raggiungere i 2.000 euro di raccolta. Infine il premio San Giuseppe, che si tiene abitualmente il 19 di marzo, \u00e8 stato spostato al primo maggio; nell&#39;occasione sar\u00e0 consegnato anche il premio del 2020 in quanto non assegnato per le vicende legate al coronavirus.<\/p>\n","protected":false},"excerpt":{"rendered":"<p>Inaugurata &#8220;Vernice Rosa&#8221;<\/p>\n","protected":false},"author":22,"featured_media":38176,"comment_status":"closed","ping_status":"closed","sticky":false,"template":"","format":"standard","meta":{"dwc-title":[],"dwc-content":[],"footnotes":""},"categories":[37],"tags":[],"class_list":["post-38175","post","type-post","status-publish","format-standard","has-post-thumbnail","hentry","category-cultura-e-spettacolo"],"rttpg_featured_image_url":{"full":["https:\/\/imagazine.it\/wp-content\/uploads\/2024\/01\/38701-1.webp",1000,667,false],"landscape":["https:\/\/imagazine.it\/wp-content\/uploads\/2024\/01\/38701-1.webp",1000,667,false],"portraits":["https:\/\/imagazine.it\/wp-content\/uploads\/2024\/01\/38701-1.webp",1000,667,false],"thumbnail":["https:\/\/imagazine.it\/wp-content\/uploads\/2024\/01\/38701-1-150x150.webp",150,150,true],"medium":["https:\/\/imagazine.it\/wp-content\/uploads\/2024\/01\/38701-1-300x200.webp",300,200,true],"large":["https:\/\/imagazine.it\/wp-content\/uploads\/2024\/01\/38701-1.webp",640,427,false],"thumblist":["https:\/\/imagazine.it\/wp-content\/uploads\/2024\/01\/38701-1.webp",300,200,false],"thumbrelated":["https:\/\/imagazine.it\/wp-content\/uploads\/2024\/01\/38701-1.webp",500,334,false],"meccarouselthumb":["https:\/\/imagazine.it\/wp-content\/uploads\/2024\/01\/38701-1.webp",474,316,false],"gridsquare":["https:\/\/imagazine.it\/wp-content\/uploads\/2024\/01\/38701-1.webp",391,260,false],"tileview":["https:\/\/imagazine.it\/wp-content\/uploads\/2024\/01\/38701-1.webp",300,200,false],"1536x1536":["https:\/\/imagazine.it\/wp-content\/uploads\/2024\/01\/38701-1.webp",1000,667,false],"2048x2048":["https:\/\/imagazine.it\/wp-content\/uploads\/2024\/01\/38701-1.webp",1000,667,false],"newsup-slider-full":["https:\/\/imagazine.it\/wp-content\/uploads\/2024\/01\/38701-1.webp",1000,667,false],"newsup-featured":["https:\/\/imagazine.it\/wp-content\/uploads\/2024\/01\/38701-1.webp",1000,667,false],"newsup-medium":["https:\/\/imagazine.it\/wp-content\/uploads\/2024\/01\/38701-1-720x380.webp",720,380,true],"tptn_thumbnail":["https:\/\/imagazine.it\/wp-content\/uploads\/2024\/01\/38701-1.webp",250,167,false],"sow-carousel-default":["https:\/\/imagazine.it\/wp-content\/uploads\/2024\/01\/38701-1-272x182.webp",272,182,true]},"rttpg_author":{"display_name":"Livio Nonis","author_link":"https:\/\/imagazine.it\/home_desk\/author\/nonis\/"},"rttpg_comment":0,"rttpg_category":"<a href=\"https:\/\/imagazine.it\/home_desk\/category\/cultura-e-spettacolo\/\" rel=\"category tag\">CULTURA&amp;SPETTACOLO<\/a>","rttpg_excerpt":"Inaugurata \"Vernice Rosa\"","_links":{"self":[{"href":"https:\/\/imagazine.it\/home_desk\/wp-json\/wp\/v2\/posts\/38175","targetHints":{"allow":["GET"]}}],"collection":[{"href":"https:\/\/imagazine.it\/home_desk\/wp-json\/wp\/v2\/posts"}],"about":[{"href":"https:\/\/imagazine.it\/home_desk\/wp-json\/wp\/v2\/types\/post"}],"author":[{"embeddable":true,"href":"https:\/\/imagazine.it\/home_desk\/wp-json\/wp\/v2\/users\/22"}],"replies":[{"embeddable":true,"href":"https:\/\/imagazine.it\/home_desk\/wp-json\/wp\/v2\/comments?post=38175"}],"version-history":[{"count":0,"href":"https:\/\/imagazine.it\/home_desk\/wp-json\/wp\/v2\/posts\/38175\/revisions"}],"wp:featuredmedia":[{"embeddable":true,"href":"https:\/\/imagazine.it\/home_desk\/wp-json\/wp\/v2\/media\/38176"}],"wp:attachment":[{"href":"https:\/\/imagazine.it\/home_desk\/wp-json\/wp\/v2\/media?parent=38175"}],"wp:term":[{"taxonomy":"category","embeddable":true,"href":"https:\/\/imagazine.it\/home_desk\/wp-json\/wp\/v2\/categories?post=38175"},{"taxonomy":"post_tag","embeddable":true,"href":"https:\/\/imagazine.it\/home_desk\/wp-json\/wp\/v2\/tags?post=38175"}],"curies":[{"name":"wp","href":"https:\/\/api.w.org\/{rel}","templated":true}]}}