{"id":38155,"date":"2021-03-12T00:00:00","date_gmt":"2021-03-11T23:00:00","guid":{"rendered":"https:\/\/imagazine.it\/?p=38155"},"modified":"2021-03-12T00:00:00","modified_gmt":"2021-03-11T23:00:00","slug":"lo-sport-e-le-donne-senza-diritti","status":"publish","type":"post","link":"https:\/\/imagazine.it\/home_desk\/lo-sport-e-le-donne-senza-diritti\/","title":{"rendered":"Lo sport e le donne senza diritti"},"content":{"rendered":"<p> \tContinua a far discutere il caso della pallavolista <strong>Laura Lugli<\/strong>, giocatrice del Volley Pordenone, in causa con la sua societ\u00e0 dopo la rescissione del contratto conseguente all\u2019essere rimasta incinta, caso che ha sollevato un\u2019onda enorme di indignazione da parte di chi ha sempre lottato per i diritti delle donne.<\/p>\n<p> \tCaso che, invero, \u00e8 solo l\u2019ultimo in ordine di tempo ove, non pi\u00f9 tardi di qualche mese fa, un\u2019altra pallavolista, questa volta in Emilia Romagna, \u00e8 stata vittima di volgari insulti sessisti da parte della sua tifoseria perch\u00e9 incinta e quindi \u201cavrebbe disatteso l\u2019aspettativa di dedizione totale al campionato\u201d.<\/p>\n<p> \tSe da una parte \u00e8 palese la discriminazione verso queste donne che non possono realizzarsi con indipendenza, dall\u2019altra c\u2019\u00e8 sullo sfondo un ambiente, quello sportivo, dove la societ\u00e0 ingaggia atlete per prestanza fisica e la gravidanza \u00e8 parificata, di fatto, all\u2019infortunio. Se non peggio.<\/p>\n<p> \tNe parlo con la ex pallavolista <strong>Gilda Lombardo<\/strong> (un curriculum lunghissimo alle serie pi\u00f9 alte della pallavolo fino alla convocazione nella Nazionale italiana), per comprendere meglio i fatti che hanno investito la sua collega Lugli ed esplorare lo status delle pallavoliste che non si capisce se abbia tutele precise o \u00e8 rimesso solo alla sensibilit\u00e0 del presidente della societ\u00e0.<\/p>\n<p> \t<strong>Gilda, accompagnaci nell\u2019ambiente della pallavolo femminile.<\/strong><\/p>\n<p> \t\u201cFaccio subito una premessa: il rapporto tra atleta e societ\u00e0 \u00e8 mediato dai procuratori, agenti sportivi che si occupano di tutte le condizioni, economiche e giuridiche, della propria atleta. In virt\u00f9 di questo, noi sportive non siamo chiamate alla trattativa diretta ma riceviamo contratti, sulla falsa riga di quelli sempre stati fatti nel nostro ambiente, che sono \u201ccarta straccia\u201d: della durata di una stagione sportiva, senza corrispettivo ma con una mera stima forfettaria e una clausola severa di rescissione, con penali, che non necessariamente esplicita il caso dell\u2019infortunio o della gravidanza, ma dell\u2019impossibilit\u00e0 oggettiva alla prosecuzione del contratto stesso\u201d.<\/p>\n<p> \t<strong>Quindi se ti infortuni \u00e8 colpa tua? <\/strong><\/p>\n<p> \t\u201cDipende: se ti infortuni nella struttura societaria o nel campionato sui campi no, anzi la tua societ\u00e0 provvede alla tua riabilitazione, ma se ti infortuni altrove (sciando nel weekend, a casa nei lavori domestici) s\u00ec, \u00e8 colpa tua. Il tuo contratto sar\u00e0 rescisso e la pallavolista chiamata alle penali\u201d.<\/p>\n<p> \t<strong>Detta cos\u00ec la gravidanza \u00e8 addirittura peggio perch\u00e9 non esiste il caso \u201ca\u201d (in struttura), quindi sar\u00e0 sempre \u201ccolpa\u201d della pallavolista?<\/strong><\/p>\n<p> \t\u201cSi\u201d.<\/p>\n<p> \t<strong>Tu sei mamma di uno splendido bambino: come hai fatto allora?<\/strong><\/p>\n<p> \t\u201cHo pianificato la gravidanza al termine di una stagione di campionato e ho perso consapevolmente quella successiva, perdendo qualunque entrata economica, per stargli vicino nell\u2019et\u00e0 pi\u00f9 tenera. Una scelta che io ho fatto da giovane e nonostante questo il mio recupero fisico, dopo quasi due anni di inattivit\u00e0, \u00e8 stato faticosissimo. Per questo moltissime sono le pallavoliste che non trovano mai \u201cil momento giusto\u201d rimandando poi all\u2019infinito il loro desiderio di diventare madre\u201d.<\/p>\n<p> \t<strong>Il \u201ccaso Lugli\u201d ha sicuramente scoperchiato un pentolone di problemi, ma forse il primo \u00e8 la differenza di tutele tra i cosiddetti \u201cprofessionisti\u201d e \u201cdilettanti\u201d, dove, a quanto pare, solo i primi hanno contributi, tutele, pensione&#8230; Tu eri una pallavolista appartenente al campionato professionistico?<\/strong><\/p>\n<p> \t\u201cNo, nessuna donna lo \u00e8: per quanto, a certi livelli, sia un lavoro vero e proprio che occupa tutto il giorno, compresi i weekend per 8 mesi l\u2019anno, solo gli uomini possono essere inquadrati come professionisti e ricevere tutele contributive oltre ad avere un corrispettivo e non un rimborso forfettario\u201d.<\/p>\n<p> \t<strong>Eppure tu sei stata pure convocata dalla Nazionale\u2026<\/strong><\/p>\n<p> \t\u201cLa cosa pi\u00f9 assurda \u00e8 che oggi tutti ne parlano indignati quando fino a ieri nessuno se n\u2019\u00e8 interessato nonostante questa situazione perduri da sempre ed \u00e8 sotto gli occhi di tutti\u201d.<\/p>\n<p> \t<strong>L\u2019ex ministro dello sport Vincenzo Spadafora ha varato, nel 2020, il Decreto sullo sport dove equipara le tutele dei professionisti a quelli dei campionati dilettantistici, dunque capiamo che \u00e8 finalmente una svolta a favore, in particolare, delle donne sportive.<\/strong><\/p>\n<p> \t\u201cLo spero, peccato che anche in questa occasione tutte le federazioni sportive e Coni incluso non abbiano accolto con fervore questo cambiamento, tant\u2019\u00e8 che entrer\u00e0 in vigore solo dal 2022 e poi comunque l\u2019ultima parola ce l\u2019hanno sempre le Federazioni che, pure in questo caso, sceglieranno il contratto da applicare. Non \u00e8 facile la vita delle donne nello sport e non solo per questo: se pensiamo anche al \u201cdopo\u201d, a quando la carriera finisce per una qualsiasi ragione, sar\u00e0 ancora peggio perch\u00e9 una sportiva viene sputata fuori dai campionati professionistici per trovarsi di colpo senza lavoro, senza una competenza ulteriore da spendere e un\u2019et\u00e0 che grida gli ultimi anni per diventare madre\u201d. \u00a0<\/p>\n<p> \t<strong>Gilda come possiamo \u2013 io nella veste di Consigliera di parit\u00e0, e tutte le Consigliere sparse in giro per l\u2019Italia \u2013 aiutare per una radicale inversione di tendenza volta a fissare tutele precise?<\/strong><\/p>\n<p> \t\u201cIl Decreto dell\u2019ex ministro Spadafora \u00e8 solo l\u2019inizio di un percorso che va accompagnato nella sua attuazione. In tutte le Federazioni. Per tutte le donne sportive\u201d.<\/p>\n<p> \t\u00a0<\/p>\n<p> \t<em>Anna Limpido<\/em><\/p>\n<p> \t<em>Consigliera di Parit\u00e0 Area Vasta Goriziana<\/em><\/p>\n","protected":false},"excerpt":{"rendered":"<p>Intervista con Gilda Lombardo<\/p>\n","protected":false},"author":9,"featured_media":38156,"comment_status":"closed","ping_status":"closed","sticky":false,"template":"","format":"standard","meta":{"dwc-title":[],"dwc-content":[],"footnotes":""},"categories":[38],"tags":[],"class_list":["post-38155","post","type-post","status-publish","format-standard","has-post-thumbnail","hentry","category-sport"],"rttpg_featured_image_url":{"full":["https:\/\/imagazine.it\/wp-content\/uploads\/2024\/01\/38674-1.webp",800,772,false],"landscape":["https:\/\/imagazine.it\/wp-content\/uploads\/2024\/01\/38674-1.webp",800,772,false],"portraits":["https:\/\/imagazine.it\/wp-content\/uploads\/2024\/01\/38674-1.webp",800,772,false],"thumbnail":["https:\/\/imagazine.it\/wp-content\/uploads\/2024\/01\/38674-1-150x150.webp",150,150,true],"medium":["https:\/\/imagazine.it\/wp-content\/uploads\/2024\/01\/38674-1-300x290.webp",300,290,true],"large":["https:\/\/imagazine.it\/wp-content\/uploads\/2024\/01\/38674-1.webp",640,618,false],"thumblist":["https:\/\/imagazine.it\/wp-content\/uploads\/2024\/01\/38674-1.webp",300,290,false],"thumbrelated":["https:\/\/imagazine.it\/wp-content\/uploads\/2024\/01\/38674-1.webp",500,483,false],"meccarouselthumb":["https:\/\/imagazine.it\/wp-content\/uploads\/2024\/01\/38674-1.webp",336,324,false],"gridsquare":["https:\/\/imagazine.it\/wp-content\/uploads\/2024\/01\/38674-1.webp",269,260,false],"tileview":["https:\/\/imagazine.it\/wp-content\/uploads\/2024\/01\/38674-1.webp",300,290,false],"1536x1536":["https:\/\/imagazine.it\/wp-content\/uploads\/2024\/01\/38674-1.webp",800,772,false],"2048x2048":["https:\/\/imagazine.it\/wp-content\/uploads\/2024\/01\/38674-1.webp",800,772,false],"newsup-slider-full":["https:\/\/imagazine.it\/wp-content\/uploads\/2024\/01\/38674-1-800x720.webp",800,720,true],"newsup-featured":["https:\/\/imagazine.it\/wp-content\/uploads\/2024\/01\/38674-1.webp",800,772,false],"newsup-medium":["https:\/\/imagazine.it\/wp-content\/uploads\/2024\/01\/38674-1-720x380.webp",720,380,true],"tptn_thumbnail":["https:\/\/imagazine.it\/wp-content\/uploads\/2024\/01\/38674-1.webp",218,210,false],"sow-carousel-default":["https:\/\/imagazine.it\/wp-content\/uploads\/2024\/01\/38674-1-272x182.webp",272,182,true]},"rttpg_author":{"display_name":"Anna Limpido","author_link":"https:\/\/imagazine.it\/home_desk\/author\/limpido\/"},"rttpg_comment":0,"rttpg_category":"<a href=\"https:\/\/imagazine.it\/home_desk\/category\/sport\/\" rel=\"category tag\">SPORT<\/a>","rttpg_excerpt":"Intervista con Gilda Lombardo","_links":{"self":[{"href":"https:\/\/imagazine.it\/home_desk\/wp-json\/wp\/v2\/posts\/38155","targetHints":{"allow":["GET"]}}],"collection":[{"href":"https:\/\/imagazine.it\/home_desk\/wp-json\/wp\/v2\/posts"}],"about":[{"href":"https:\/\/imagazine.it\/home_desk\/wp-json\/wp\/v2\/types\/post"}],"author":[{"embeddable":true,"href":"https:\/\/imagazine.it\/home_desk\/wp-json\/wp\/v2\/users\/9"}],"replies":[{"embeddable":true,"href":"https:\/\/imagazine.it\/home_desk\/wp-json\/wp\/v2\/comments?post=38155"}],"version-history":[{"count":0,"href":"https:\/\/imagazine.it\/home_desk\/wp-json\/wp\/v2\/posts\/38155\/revisions"}],"wp:featuredmedia":[{"embeddable":true,"href":"https:\/\/imagazine.it\/home_desk\/wp-json\/wp\/v2\/media\/38156"}],"wp:attachment":[{"href":"https:\/\/imagazine.it\/home_desk\/wp-json\/wp\/v2\/media?parent=38155"}],"wp:term":[{"taxonomy":"category","embeddable":true,"href":"https:\/\/imagazine.it\/home_desk\/wp-json\/wp\/v2\/categories?post=38155"},{"taxonomy":"post_tag","embeddable":true,"href":"https:\/\/imagazine.it\/home_desk\/wp-json\/wp\/v2\/tags?post=38155"}],"curies":[{"name":"wp","href":"https:\/\/api.w.org\/{rel}","templated":true}]}}