{"id":38143,"date":"2021-03-12T00:00:00","date_gmt":"2021-03-11T23:00:00","guid":{"rendered":"https:\/\/imagazine.it\/?p=38143"},"modified":"2021-03-12T00:00:00","modified_gmt":"2021-03-11T23:00:00","slug":"monfalcone-torna-il-festival-geografie","status":"publish","type":"post","link":"https:\/\/imagazine.it\/home_desk\/monfalcone-torna-il-festival-geografie\/","title":{"rendered":"Monfalcone, torna il festival Geografie"},"content":{"rendered":"<p> \tInizia a delinearsi la terza edizione del \u201c<strong><em>Festival Geografie: scrivere la Terra leggere la Terra<\/em><\/strong>\u201d, che si svolger\u00e0 nel centro di <strong>Monfalcone<\/strong>, <strong>da mercoled\u00ec 22 a domenica 26 settembre 2021<\/strong>.<\/p>\n<p> \tData della manifestazione e prime indicazioni sulla programmazione sono state definite durante i primi incontri tra i responsabili della Biblioteca comunale di Monfalcone e della Fondazione Pordenonelegge, alla presenza del direttore artistico <strong>Gian Mario Villalta<\/strong> e dei componenti del Comitato scientifico.<br \/> \tTra le prime iniziative, novit\u00e0 di questa edizione, l\u2019apertura \u2013 da sabato 13 marzo \u2013 per tutti gli scrittori interessati delle autocandidature per la partecipazione al Festival che dovranno pervenire esclusivamente via mail a <a href=\"mailto:biblioteca@comune.monfalcone.go.it\">biblioteca@comune.monfalcone.go.it<\/a>\u00a0 entro il 15 maggio 2021.<\/p>\n<p> \tLe domande dovranno indicare: nome, cognome e recapito telefonico del proponente; titolo, autore, editore, anno di edizione e un breve abstract del libro. In aggiunta, \u00e8 possibile scrivere una presentazione\/motivazione (massimo 1.500 caratteri). Non \u00e8 necessario presentare copia del libro, che sar\u00e0 richiesta solo qualora ritenuto necessario e non verr\u00e0 in alcun modo restituita. Le proposte saranno valutate da una qualificata commissione culturale entro il 31 maggio 2021.<\/p>\n<p> \tInformazioni e costanti aggiornamenti sul Festival sono disponibili sulla pagina Facebook Geografie Monfalcone.<\/p>\n<p> \t\u00a0<\/p>\n<p> \t\u00a0<\/p>\n","protected":false},"excerpt":{"rendered":"<p>Dal 22 al 26 settembre<\/p>\n","protected":false},"author":28,"featured_media":38144,"comment_status":"closed","ping_status":"closed","sticky":false,"template":"","format":"standard","meta":{"dwc-title":[],"dwc-content":[],"footnotes":""},"categories":[37],"tags":[],"class_list":["post-38143","post","type-post","status-publish","format-standard","has-post-thumbnail","hentry","category-cultura-e-spettacolo"],"rttpg_featured_image_url":{"full":["https:\/\/imagazine.it\/wp-content\/uploads\/2024\/01\/38663-1.webp",1000,750,false],"landscape":["https:\/\/imagazine.it\/wp-content\/uploads\/2024\/01\/38663-1.webp",1000,750,false],"portraits":["https:\/\/imagazine.it\/wp-content\/uploads\/2024\/01\/38663-1.webp",1000,750,false],"thumbnail":["https:\/\/imagazine.it\/wp-content\/uploads\/2024\/01\/38663-1-150x150.webp",150,150,true],"medium":["https:\/\/imagazine.it\/wp-content\/uploads\/2024\/01\/38663-1-300x225.webp",300,225,true],"large":["https:\/\/imagazine.it\/wp-content\/uploads\/2024\/01\/38663-1.webp",640,480,false],"thumblist":["https:\/\/imagazine.it\/wp-content\/uploads\/2024\/01\/38663-1.webp",300,225,false],"thumbrelated":["https:\/\/imagazine.it\/wp-content\/uploads\/2024\/01\/38663-1.webp",500,375,false],"meccarouselthumb":["https:\/\/imagazine.it\/wp-content\/uploads\/2024\/01\/38663-1.webp",432,324,false],"gridsquare":["https:\/\/imagazine.it\/wp-content\/uploads\/2024\/01\/38663-1.webp",347,260,false],"tileview":["https:\/\/imagazine.it\/wp-content\/uploads\/2024\/01\/38663-1.webp",300,225,false],"1536x1536":["https:\/\/imagazine.it\/wp-content\/uploads\/2024\/01\/38663-1.webp",1000,750,false],"2048x2048":["https:\/\/imagazine.it\/wp-content\/uploads\/2024\/01\/38663-1.webp",1000,750,false],"newsup-slider-full":["https:\/\/imagazine.it\/wp-content\/uploads\/2024\/01\/38663-1-1000x720.webp",1000,720,true],"newsup-featured":["https:\/\/imagazine.it\/wp-content\/uploads\/2024\/01\/38663-1.webp",1000,750,false],"newsup-medium":["https:\/\/imagazine.it\/wp-content\/uploads\/2024\/01\/38663-1-720x380.webp",720,380,true],"tptn_thumbnail":["https:\/\/imagazine.it\/wp-content\/uploads\/2024\/01\/38663-1.webp",250,188,false],"sow-carousel-default":["https:\/\/imagazine.it\/wp-content\/uploads\/2024\/01\/38663-1-272x182.webp",272,182,true]},"rttpg_author":{"display_name":"redazione","author_link":"https:\/\/imagazine.it\/home_desk\/author\/redazione\/"},"rttpg_comment":0,"rttpg_category":"<a href=\"https:\/\/imagazine.it\/home_desk\/category\/cultura-e-spettacolo\/\" rel=\"category tag\">CULTURA&amp;SPETTACOLO<\/a>","rttpg_excerpt":"Dal 22 al 26 settembre","_links":{"self":[{"href":"https:\/\/imagazine.it\/home_desk\/wp-json\/wp\/v2\/posts\/38143","targetHints":{"allow":["GET"]}}],"collection":[{"href":"https:\/\/imagazine.it\/home_desk\/wp-json\/wp\/v2\/posts"}],"about":[{"href":"https:\/\/imagazine.it\/home_desk\/wp-json\/wp\/v2\/types\/post"}],"author":[{"embeddable":true,"href":"https:\/\/imagazine.it\/home_desk\/wp-json\/wp\/v2\/users\/28"}],"replies":[{"embeddable":true,"href":"https:\/\/imagazine.it\/home_desk\/wp-json\/wp\/v2\/comments?post=38143"}],"version-history":[{"count":0,"href":"https:\/\/imagazine.it\/home_desk\/wp-json\/wp\/v2\/posts\/38143\/revisions"}],"wp:featuredmedia":[{"embeddable":true,"href":"https:\/\/imagazine.it\/home_desk\/wp-json\/wp\/v2\/media\/38144"}],"wp:attachment":[{"href":"https:\/\/imagazine.it\/home_desk\/wp-json\/wp\/v2\/media?parent=38143"}],"wp:term":[{"taxonomy":"category","embeddable":true,"href":"https:\/\/imagazine.it\/home_desk\/wp-json\/wp\/v2\/categories?post=38143"},{"taxonomy":"post_tag","embeddable":true,"href":"https:\/\/imagazine.it\/home_desk\/wp-json\/wp\/v2\/tags?post=38143"}],"curies":[{"name":"wp","href":"https:\/\/api.w.org\/{rel}","templated":true}]}}