{"id":38112,"date":"2021-03-10T00:00:00","date_gmt":"2021-03-09T23:00:00","guid":{"rendered":"https:\/\/imagazine.it\/?p=38112"},"modified":"2021-03-10T00:00:00","modified_gmt":"2021-03-09T23:00:00","slug":"la-fvg-orchestra-suona-per-gorizia-e-nova-gorica","status":"publish","type":"post","link":"https:\/\/imagazine.it\/home_desk\/la-fvg-orchestra-suona-per-gorizia-e-nova-gorica\/","title":{"rendered":"La FVG Orchestra suona per Gorizia e Nova Gorica"},"content":{"rendered":"<p> \t<em>\u201cAndanti Perpetui (viaggio a Est)\u201d,<\/em> il concerto eseguito dalla FVG Orchestra e nato da <strong>un\u2019idea di Mittelfest come omaggio a Gorizia\/Nova Gorica capitale\u00a0<\/strong><strong>europea\u00a0<\/strong><strong>della cultura 2025<\/strong>, andr\u00e0 in onda domenica 14 marzo, alle ore 9.40, su Rai 3.<\/p>\n<p> \tRegistrato a dicembre al <strong>Teatro Giovanni da Udine<\/strong> grazie alla concessione degli spazi da parte della Fondazione e al sostegno del Comune di Udine, <em>Andanti Perpetui<\/em> \u00e8 un concerto per orchestra e solista: sul palco la FVG Orchestra diretta da <strong>Paolo Paroni<\/strong> con i solisti <strong>Massimo Mercelli<\/strong> al flauto e <strong>Davide Argentiero<\/strong> al clarinetto.<\/p>\n<p> \tSi inizia con <em>\u201cNotturno passacaglia (tre variazioni)\u201d<\/em> il brano d&#39;ispirazione liturgica scritto da <strong>Ennio Morricone<\/strong> proprio per il flauto di Massimo Mercelli e seguono poi due composizioni per danza attraverso cui Mittelfest fa un omaggio alla musica mitteleuropea tra Otto e Novecento: le armonie struggenti del ceco <strong>Anton\u00edn Dvo\u0159\u00e1k<\/strong> (\u201cDanze Slave n. 1, 2, 3 op. 72\u201d) e gli avvolgenti suoni\u00a0di memoria ungherese di <strong>Zolt\u00e1n Kod\u00e1ly<\/strong> (\u201cDanze di Gal\u00e1nta\u201d).<\/p>\n<p> \tIl concerto si potr\u00e0 rivedere in <strong>replica mercoled\u00ec 17 marzo alle 21.45 su RAI3 bis<\/strong>.<\/p>\n<p> \t\u00a0<\/p>\n<p> \t\u00a0<\/p>\n","protected":false},"excerpt":{"rendered":"<p>Domenica in onda su RAI3<\/p>\n","protected":false},"author":12,"featured_media":38113,"comment_status":"closed","ping_status":"closed","sticky":false,"template":"","format":"standard","meta":{"dwc-title":[],"dwc-content":[],"footnotes":""},"categories":[37],"tags":[],"class_list":["post-38112","post","type-post","status-publish","format-standard","has-post-thumbnail","hentry","category-cultura-e-spettacolo"],"rttpg_featured_image_url":{"full":["https:\/\/imagazine.it\/wp-content\/uploads\/2024\/01\/38612-1.webp",1000,667,false],"landscape":["https:\/\/imagazine.it\/wp-content\/uploads\/2024\/01\/38612-1.webp",1000,667,false],"portraits":["https:\/\/imagazine.it\/wp-content\/uploads\/2024\/01\/38612-1.webp",1000,667,false],"thumbnail":["https:\/\/imagazine.it\/wp-content\/uploads\/2024\/01\/38612-1-150x150.webp",150,150,true],"medium":["https:\/\/imagazine.it\/wp-content\/uploads\/2024\/01\/38612-1-300x200.webp",300,200,true],"large":["https:\/\/imagazine.it\/wp-content\/uploads\/2024\/01\/38612-1.webp",640,427,false],"thumblist":["https:\/\/imagazine.it\/wp-content\/uploads\/2024\/01\/38612-1.webp",300,200,false],"thumbrelated":["https:\/\/imagazine.it\/wp-content\/uploads\/2024\/01\/38612-1.webp",500,334,false],"meccarouselthumb":["https:\/\/imagazine.it\/wp-content\/uploads\/2024\/01\/38612-1.webp",474,316,false],"gridsquare":["https:\/\/imagazine.it\/wp-content\/uploads\/2024\/01\/38612-1.webp",391,260,false],"tileview":["https:\/\/imagazine.it\/wp-content\/uploads\/2024\/01\/38612-1.webp",300,200,false],"1536x1536":["https:\/\/imagazine.it\/wp-content\/uploads\/2024\/01\/38612-1.webp",1000,667,false],"2048x2048":["https:\/\/imagazine.it\/wp-content\/uploads\/2024\/01\/38612-1.webp",1000,667,false],"newsup-slider-full":["https:\/\/imagazine.it\/wp-content\/uploads\/2024\/01\/38612-1.webp",1000,667,false],"newsup-featured":["https:\/\/imagazine.it\/wp-content\/uploads\/2024\/01\/38612-1.webp",1000,667,false],"newsup-medium":["https:\/\/imagazine.it\/wp-content\/uploads\/2024\/01\/38612-1-720x380.webp",720,380,true],"tptn_thumbnail":["https:\/\/imagazine.it\/wp-content\/uploads\/2024\/01\/38612-1.webp",250,167,false],"sow-carousel-default":["https:\/\/imagazine.it\/wp-content\/uploads\/2024\/01\/38612-1-272x182.webp",272,182,true]},"rttpg_author":{"display_name":"Claudio Pizzin","author_link":"https:\/\/imagazine.it\/home_desk\/author\/pizzin\/"},"rttpg_comment":0,"rttpg_category":"<a href=\"https:\/\/imagazine.it\/home_desk\/category\/cultura-e-spettacolo\/\" rel=\"category tag\">CULTURA&amp;SPETTACOLO<\/a>","rttpg_excerpt":"Domenica in onda su RAI3","_links":{"self":[{"href":"https:\/\/imagazine.it\/home_desk\/wp-json\/wp\/v2\/posts\/38112","targetHints":{"allow":["GET"]}}],"collection":[{"href":"https:\/\/imagazine.it\/home_desk\/wp-json\/wp\/v2\/posts"}],"about":[{"href":"https:\/\/imagazine.it\/home_desk\/wp-json\/wp\/v2\/types\/post"}],"author":[{"embeddable":true,"href":"https:\/\/imagazine.it\/home_desk\/wp-json\/wp\/v2\/users\/12"}],"replies":[{"embeddable":true,"href":"https:\/\/imagazine.it\/home_desk\/wp-json\/wp\/v2\/comments?post=38112"}],"version-history":[{"count":0,"href":"https:\/\/imagazine.it\/home_desk\/wp-json\/wp\/v2\/posts\/38112\/revisions"}],"wp:featuredmedia":[{"embeddable":true,"href":"https:\/\/imagazine.it\/home_desk\/wp-json\/wp\/v2\/media\/38113"}],"wp:attachment":[{"href":"https:\/\/imagazine.it\/home_desk\/wp-json\/wp\/v2\/media?parent=38112"}],"wp:term":[{"taxonomy":"category","embeddable":true,"href":"https:\/\/imagazine.it\/home_desk\/wp-json\/wp\/v2\/categories?post=38112"},{"taxonomy":"post_tag","embeddable":true,"href":"https:\/\/imagazine.it\/home_desk\/wp-json\/wp\/v2\/tags?post=38112"}],"curies":[{"name":"wp","href":"https:\/\/api.w.org\/{rel}","templated":true}]}}