{"id":38104,"date":"2021-03-09T00:00:00","date_gmt":"2021-03-08T23:00:00","guid":{"rendered":"https:\/\/imagazine.it\/?p=38104"},"modified":"2021-03-09T00:00:00","modified_gmt":"2021-03-08T23:00:00","slug":"riccardi-i-distretti-al-centro-del-sistema-sanitario","status":"publish","type":"post","link":"https:\/\/imagazine.it\/home_desk\/riccardi-i-distretti-al-centro-del-sistema-sanitario\/","title":{"rendered":"Riccardi: &#8220;I Distretti al centro del Sistema Sanitario&#8221;"},"content":{"rendered":"<p> \t&#8220;I distretti sono importanti nell&#39;impalcatura dell&#39;organizzazione sanitaria. Per questo abbiamo voluto una legge in grado di collocare i Distretti al centro del nostro sistema. Sappiamo per\u00f2 che ci sono ancora molte battaglie da vincere nel processo di riequilibrio del rapporto fra sanit\u00e0 territoriale e quella ospedaliera, che restano due pilastri fondamentali&#8221;.<\/p>\n<p> \tLo ha affermato oggi a Trieste il vicegovernatore con delega alla Salute, <strong>Riccardo Riccardi<\/strong>, a margine dell&#39;incontro con gli operatori del Distretto 4 dell&#39;Azienda sanitaria universitaria Giuliana Isontina (<u><strong><a href=\"https:\/\/youtu.be\/h0DgbNS7RYc\" target=\"_blank\" rel=\"noopener\"><span style=\"color:#0000ff;\">guarda il video<\/span><\/a><\/strong><\/u>).<\/p>\n<p> \t&#8220;Dobbiamo riorganizzare il baricentro &#8211; ha aggiunto Riccardi &#8211; a beneficio sia delle persone che devono essere curate ma anche delle strutture ospedaliere che molto spesso sono costrette a ospitare prestazioni che possiamo tranquillamente definire inappropriate&#8221;.<\/p>\n<p> \tNel ringraziare gli operatori del Distretto 4, in rappresentanza di tutto il personale della sanit\u00e0 territoriale regionale in prima linea nella lotta al Covid-19, il vicegovernatore Riccardi si \u00e8 soffermato a lungo sull&#39;emergenza sanitaria in corso. &#8220;Per quanto riguarda il piano di vaccinazione del Friuli Venezia Giulia adesso stiamo completando la fase dedicata agli over 80 con i due prodotti disponibili. Questo \u00e8 l&#39;obiettivo pi\u00f9 importate perch\u00e9 queste persone sono quelle che, sulla base delle evidenze scientifiche, presentano le maggior criticit\u00e0&#8221;.<\/p>\n<p> \t&#8220;Degli oltre 100 mila over 80 residenti nella nostra regione, pi\u00f9 di 70 mila hanno gi\u00e0 prenotato la vaccinazione. In questo momento &#8211; ha spiegato il vicegovernatore &#8211; \u00e8 fondamentale, per\u00f2, raggiungere anche chi non pu\u00f2 uscire dalla propria abitazione. Dobbiamo fare un grande sforzo per non lasciare indietro nessuno&#8221;.<\/p>\n<p> \t&#8220;Ultimata questa fase, cominceremo con l&#39;area della vulnerabilit\u00e0 dove \u00e8 stata fatta un&#39;anticipazione per proteggere le persone con disabilit\u00e0. Nel frattempo si proseguir\u00e0 nell&#39;utilizzo del terzo vaccino per gli insegnanti, forze armate, forze di polizia per poi passare &#8211; ha spiegato Riccardi &#8211; a un&#39;altra declinazione degli altri servizi essenziali in coerenza con la programmazione delle dosi che ci viene indicata&#8221;.<\/p>\n<p> \tIn conclusione il vicegovernatore ha posto l&#39;accento sull&#39;importanza di raccontare, in ambito sanitario, anche le storie positive.<\/p>\n<p> \t&#8220;Sul nostro territorio vediamo medici e operatori che, senza clamore, svolgono quotidianamente un lavoro straordinario. Dare enfasi solo a quello che non funziona non va bene, mentre raccontare le esperienze positive &#8211; ha affermato &#8211; d\u00e0 a tutti noi la forza di andare avanti nell&#39;azione di contrasto al Covid-19&#8221;.<\/p>\n","protected":false},"excerpt":{"rendered":"<p>Incontro con gli operatori a Trieste<\/p>\n","protected":false},"author":28,"featured_media":38105,"comment_status":"closed","ping_status":"closed","sticky":false,"template":"","format":"standard","meta":{"dwc-title":[],"dwc-content":[],"footnotes":""},"categories":[5],"tags":[],"class_list":["post-38104","post","type-post","status-publish","format-standard","has-post-thumbnail","hentry","category-attualita"],"rttpg_featured_image_url":{"full":["https:\/\/imagazine.it\/wp-content\/uploads\/2024\/01\/38592-1.webp",800,535,false],"landscape":["https:\/\/imagazine.it\/wp-content\/uploads\/2024\/01\/38592-1.webp",800,535,false],"portraits":["https:\/\/imagazine.it\/wp-content\/uploads\/2024\/01\/38592-1.webp",800,535,false],"thumbnail":["https:\/\/imagazine.it\/wp-content\/uploads\/2024\/01\/38592-1-150x150.webp",150,150,true],"medium":["https:\/\/imagazine.it\/wp-content\/uploads\/2024\/01\/38592-1-300x201.webp",300,201,true],"large":["https:\/\/imagazine.it\/wp-content\/uploads\/2024\/01\/38592-1.webp",640,428,false],"thumblist":["https:\/\/imagazine.it\/wp-content\/uploads\/2024\/01\/38592-1.webp",300,201,false],"thumbrelated":["https:\/\/imagazine.it\/wp-content\/uploads\/2024\/01\/38592-1.webp",500,334,false],"meccarouselthumb":["https:\/\/imagazine.it\/wp-content\/uploads\/2024\/01\/38592-1.webp",474,317,false],"gridsquare":["https:\/\/imagazine.it\/wp-content\/uploads\/2024\/01\/38592-1.webp",389,260,false],"tileview":["https:\/\/imagazine.it\/wp-content\/uploads\/2024\/01\/38592-1.webp",300,201,false],"1536x1536":["https:\/\/imagazine.it\/wp-content\/uploads\/2024\/01\/38592-1.webp",800,535,false],"2048x2048":["https:\/\/imagazine.it\/wp-content\/uploads\/2024\/01\/38592-1.webp",800,535,false],"newsup-slider-full":["https:\/\/imagazine.it\/wp-content\/uploads\/2024\/01\/38592-1.webp",800,535,false],"newsup-featured":["https:\/\/imagazine.it\/wp-content\/uploads\/2024\/01\/38592-1.webp",800,535,false],"newsup-medium":["https:\/\/imagazine.it\/wp-content\/uploads\/2024\/01\/38592-1-720x380.webp",720,380,true],"tptn_thumbnail":["https:\/\/imagazine.it\/wp-content\/uploads\/2024\/01\/38592-1.webp",250,167,false],"sow-carousel-default":["https:\/\/imagazine.it\/wp-content\/uploads\/2024\/01\/38592-1-272x182.webp",272,182,true]},"rttpg_author":{"display_name":"redazione","author_link":"https:\/\/imagazine.it\/home_desk\/author\/redazione\/"},"rttpg_comment":0,"rttpg_category":"<a href=\"https:\/\/imagazine.it\/home_desk\/category\/attualita\/\" rel=\"category tag\">ATTUALIT\u00c0<\/a>","rttpg_excerpt":"Incontro con gli operatori a Trieste","_links":{"self":[{"href":"https:\/\/imagazine.it\/home_desk\/wp-json\/wp\/v2\/posts\/38104","targetHints":{"allow":["GET"]}}],"collection":[{"href":"https:\/\/imagazine.it\/home_desk\/wp-json\/wp\/v2\/posts"}],"about":[{"href":"https:\/\/imagazine.it\/home_desk\/wp-json\/wp\/v2\/types\/post"}],"author":[{"embeddable":true,"href":"https:\/\/imagazine.it\/home_desk\/wp-json\/wp\/v2\/users\/28"}],"replies":[{"embeddable":true,"href":"https:\/\/imagazine.it\/home_desk\/wp-json\/wp\/v2\/comments?post=38104"}],"version-history":[{"count":0,"href":"https:\/\/imagazine.it\/home_desk\/wp-json\/wp\/v2\/posts\/38104\/revisions"}],"wp:featuredmedia":[{"embeddable":true,"href":"https:\/\/imagazine.it\/home_desk\/wp-json\/wp\/v2\/media\/38105"}],"wp:attachment":[{"href":"https:\/\/imagazine.it\/home_desk\/wp-json\/wp\/v2\/media?parent=38104"}],"wp:term":[{"taxonomy":"category","embeddable":true,"href":"https:\/\/imagazine.it\/home_desk\/wp-json\/wp\/v2\/categories?post=38104"},{"taxonomy":"post_tag","embeddable":true,"href":"https:\/\/imagazine.it\/home_desk\/wp-json\/wp\/v2\/tags?post=38104"}],"curies":[{"name":"wp","href":"https:\/\/api.w.org\/{rel}","templated":true}]}}