{"id":38074,"date":"2021-03-08T00:00:00","date_gmt":"2021-03-07T23:00:00","guid":{"rendered":"https:\/\/imagazine.it\/?p=38074"},"modified":"2021-03-08T00:00:00","modified_gmt":"2021-03-07T23:00:00","slug":"ritmica-le-atlete-dellasu-tornano-sul-podio","status":"publish","type":"post","link":"https:\/\/imagazine.it\/home_desk\/ritmica-le-atlete-dellasu-tornano-sul-podio\/","title":{"rendered":"Ritmica, le atlete dell&#8217;ASU tornano sul podio"},"content":{"rendered":"<p> \tTerzo posto per le farfalle della ritmica Asu, a Desio, nel massimo campionato di serie. Sesta posizione, invece, per i ragazzi della ginnastica artistica, impegnati nella prima tappa di A2, ad Ancona.<\/p>\n<p> \t\u00ab<em>Siamo molto contenti di questi risultati \u2013<\/em> ha sottolineato il direttore generale dell\u2019Associazione Sportiva Udinese, <strong>Nicola Di Benedetto<\/strong>, presente in campo gara con le farfalle <em>\u2013;<\/em> <em>il momento \u00e8 complicato per il mondo dello sport. La quotidianit\u00e0 \u00e8 un salto a ostacoli, ma i ragazzi e le ragazze ce la stanno mettendo tutta e siamo felici che il loro impegno e determinazione vengano ripagati dai risultati<\/em>\u00bb.<\/p>\n<p> \t<strong>RITMICA IN A1<\/strong> &#8211; \u00ab\u00c8 stata un\u2019altra bella sorpresa \u2013 ha commentato <strong>Spela Draga\u0161<\/strong> che allena la squadra bianconera assieme a <strong>Magda Pigano<\/strong> e con il supporto della coreografa <strong>Laura Miotti <\/strong>\u2013. Le nostre \u201cpiccole\u201d sono scese in pedana come delle vere guerriere e questo terzo posto lo dimostra\u00bb.<\/p>\n<p> \tImportante anche il contributo dell\u2019atleta straniera, <strong>Irina Annenkova<\/strong>, che al cerchio ha ottenuto 24.300 punti e che, non pi\u00f9 tardi di qualche giorno fa, nel campionato russo, ha vinto il bronzo alle clavette, prima di lei solo le imbattibili sorelle Averina: \u00ab\u00c8 una ginnasta matura ed esperta \u2013 ha chiarito Draga\u0161 \u2013, ogni suo movimento \u00e8 controllato, ed \u00e8 di grande ispirazione anche per nostre ragazze, un esempio di professionalit\u00e0 e determinazione da seguire\u00bb.<\/p>\n<p> \t\u00abLa gara quindi \u00e8 andata molto bene, ma abbiamo anche sbagliato \u2013 ha sottolineato la tecnica \u2013. <strong>Tara Draga\u0161 <\/strong>(20,750 alle clavette) ha fatto un\u2019uscita fuori pedana, con conseguente penalit\u00e0, ma nonostante questo si \u00e8 guadagnata il suo <em>personal best <\/em>nella difficolt\u00e0, ben 14.900 punti. Una cifra impensabile. Fino a oggi si era sempre aggirata attorno ai 12\u00bb.<\/p>\n<p> \tDraga\u0161 ha definito \u00abimpeccabile\u00bb la prestazione di <strong>Isabelle Tavano<\/strong> alla palla (18.600 punti), tanto che, ha precisato, \u00abmi aspettavo un punteggio pi\u00f9 alto\u00bb. Positiva pure la prova di <strong>Miriam Marina<\/strong> che ha presentato un nuovo esercizio nastro (16.000 punti), \u00absenza grossi errori, seppur con qualche omissione\u00bb.<\/p>\n<p> \tIn particolare ha chiuso l\u2019allenatrice \u00abci\u00f2 che mi fa pi\u00f9 piacere \u00e8 la nostra terza posizione in classifica generale\u00bb (79,650), dopo Ginnastica Fabriano e San Giorgio 79. \u00abMolte delle squadre in gara hanno gi\u00e0 \u201csfruttato\u201d le due prove con i prestiti stranieri, noi ne abbiamo ancora uno. Accanto a questo, se la forma fisica di <strong>Alexandra Agiurgiuculese<\/strong>, lo consentir\u00e0, potr\u00e0 \u201cessere dei nostri\u201d gi\u00e0 per l\u2019ultima di campionato\u00bb.<\/p>\n<p> \t<strong>A2 E B<\/strong> \u2013 In Lombardia sono scese in pedana anche <strong>Alice del Frate<\/strong> (in prestito al Pontevecchio, A2) ed <strong>Elena Perissinotto<\/strong> (in prestito Gymnics96, B), che hanno contribuito a far raggiungere la terza posizione alle squadre con cui hanno gareggiato.<\/p>\n<p> \t<strong>ARTISTICA MASCHILE IN A2<\/strong> \u2013 Buone nuove anche dalle Marche, dove la squadra della Gam ha disputato la sua prima prova in A2. \u00ab\u00c9 stato fatto qualche piccolo errore, quindi ci sono margini di miglioramento, ma nel complesso la gara \u00e8 andata bene, considerando poi che i ragazzi sono rientrati in gara, per la prima volta, e con qualche piccolo acciacco\u00bb, ha spiegato <strong>Francesco Braidot<\/strong>, allenatore dei bianconeri che, ad Ancona, hanno totalizzato 150.900 punti.<\/p>\n<p> \tIl sesto posto quello dei friulani ha visto <strong>Andrea Basana<\/strong> alla prova in quasi tutti gli attrezzi (12.300 al corpo libero; 10.700 nel cavallo con maniglie; 11.050 agli anelli; 13.000 al volteggio; 11,600 alle parallele). <strong>Carlo Magliocchetti<\/strong>, invece, ha ottenuto un 14.250 al volteggio e 13.700 punti al corpo libero. <strong>Enrico Meroni<\/strong> si \u00e8 misurato con il cavallo con maniglie (12.750), le parallele (11.750), la sbarra (11.950). Bene anche <strong>Riccardo Bertossi<\/strong> 13.150 al volteggio e 12.300 alle parallele. Il prestito straniero, <strong>Robert Tvorogal<\/strong>, ha raggiunto i 12.450 nel cavallo con maniglie; 12.250 agli anelli, 13.000 alla sbarra.<\/p>\n","protected":false},"excerpt":{"rendered":"<p>Seconda giornata di campionato a Desio<\/p>\n","protected":false},"author":28,"featured_media":38075,"comment_status":"closed","ping_status":"closed","sticky":false,"template":"","format":"standard","meta":{"dwc-title":[],"dwc-content":[],"footnotes":""},"categories":[38],"tags":[],"class_list":["post-38074","post","type-post","status-publish","format-standard","has-post-thumbnail","hentry","category-sport"],"rttpg_featured_image_url":{"full":["https:\/\/imagazine.it\/wp-content\/uploads\/2024\/01\/38553-1.webp",1000,676,false],"landscape":["https:\/\/imagazine.it\/wp-content\/uploads\/2024\/01\/38553-1.webp",1000,676,false],"portraits":["https:\/\/imagazine.it\/wp-content\/uploads\/2024\/01\/38553-1.webp",1000,676,false],"thumbnail":["https:\/\/imagazine.it\/wp-content\/uploads\/2024\/01\/38553-1-150x150.webp",150,150,true],"medium":["https:\/\/imagazine.it\/wp-content\/uploads\/2024\/01\/38553-1-300x203.webp",300,203,true],"large":["https:\/\/imagazine.it\/wp-content\/uploads\/2024\/01\/38553-1.webp",640,433,false],"thumblist":["https:\/\/imagazine.it\/wp-content\/uploads\/2024\/01\/38553-1.webp",300,203,false],"thumbrelated":["https:\/\/imagazine.it\/wp-content\/uploads\/2024\/01\/38553-1.webp",500,338,false],"meccarouselthumb":["https:\/\/imagazine.it\/wp-content\/uploads\/2024\/01\/38553-1.webp",474,320,false],"gridsquare":["https:\/\/imagazine.it\/wp-content\/uploads\/2024\/01\/38553-1.webp",385,260,false],"tileview":["https:\/\/imagazine.it\/wp-content\/uploads\/2024\/01\/38553-1.webp",300,203,false],"1536x1536":["https:\/\/imagazine.it\/wp-content\/uploads\/2024\/01\/38553-1.webp",1000,676,false],"2048x2048":["https:\/\/imagazine.it\/wp-content\/uploads\/2024\/01\/38553-1.webp",1000,676,false],"newsup-slider-full":["https:\/\/imagazine.it\/wp-content\/uploads\/2024\/01\/38553-1.webp",1000,676,false],"newsup-featured":["https:\/\/imagazine.it\/wp-content\/uploads\/2024\/01\/38553-1.webp",1000,676,false],"newsup-medium":["https:\/\/imagazine.it\/wp-content\/uploads\/2024\/01\/38553-1-720x380.webp",720,380,true],"tptn_thumbnail":["https:\/\/imagazine.it\/wp-content\/uploads\/2024\/01\/38553-1.webp",250,169,false],"sow-carousel-default":["https:\/\/imagazine.it\/wp-content\/uploads\/2024\/01\/38553-1-272x182.webp",272,182,true]},"rttpg_author":{"display_name":"redazione","author_link":"https:\/\/imagazine.it\/home_desk\/author\/redazione\/"},"rttpg_comment":0,"rttpg_category":"<a href=\"https:\/\/imagazine.it\/home_desk\/category\/sport\/\" rel=\"category tag\">SPORT<\/a>","rttpg_excerpt":"Seconda giornata di campionato a Desio","_links":{"self":[{"href":"https:\/\/imagazine.it\/home_desk\/wp-json\/wp\/v2\/posts\/38074","targetHints":{"allow":["GET"]}}],"collection":[{"href":"https:\/\/imagazine.it\/home_desk\/wp-json\/wp\/v2\/posts"}],"about":[{"href":"https:\/\/imagazine.it\/home_desk\/wp-json\/wp\/v2\/types\/post"}],"author":[{"embeddable":true,"href":"https:\/\/imagazine.it\/home_desk\/wp-json\/wp\/v2\/users\/28"}],"replies":[{"embeddable":true,"href":"https:\/\/imagazine.it\/home_desk\/wp-json\/wp\/v2\/comments?post=38074"}],"version-history":[{"count":0,"href":"https:\/\/imagazine.it\/home_desk\/wp-json\/wp\/v2\/posts\/38074\/revisions"}],"wp:featuredmedia":[{"embeddable":true,"href":"https:\/\/imagazine.it\/home_desk\/wp-json\/wp\/v2\/media\/38075"}],"wp:attachment":[{"href":"https:\/\/imagazine.it\/home_desk\/wp-json\/wp\/v2\/media?parent=38074"}],"wp:term":[{"taxonomy":"category","embeddable":true,"href":"https:\/\/imagazine.it\/home_desk\/wp-json\/wp\/v2\/categories?post=38074"},{"taxonomy":"post_tag","embeddable":true,"href":"https:\/\/imagazine.it\/home_desk\/wp-json\/wp\/v2\/tags?post=38074"}],"curies":[{"name":"wp","href":"https:\/\/api.w.org\/{rel}","templated":true}]}}