{"id":38058,"date":"2021-03-06T00:00:00","date_gmt":"2021-03-05T23:00:00","guid":{"rendered":"https:\/\/imagazine.it\/?p=38058"},"modified":"2021-03-06T00:00:00","modified_gmt":"2021-03-05T23:00:00","slug":"cividale-nuovo-accordo-tra-comune-e-mittelfest","status":"publish","type":"post","link":"https:\/\/imagazine.it\/home_desk\/cividale-nuovo-accordo-tra-comune-e-mittelfest\/","title":{"rendered":"Cividale, nuovo accordo tra Comune e Mittelfest"},"content":{"rendered":"<p> \t<strong>Comune di Cividale del Friuli <\/strong>e<strong> Associazione Mittelfest <\/strong>rinnovano la loro gi\u00e0 storica collaborazione tramite un Accordo che rafforza l\u2019unione di intenti e apre a future nuove sinergie.\u00a0<\/p>\n<p> \tL\u2019Accordo Quadro triennale \u00e8 stato firmato, presso la sede municipale della citt\u00e0 ducale, dal <strong>sindaco Daniela Bernardi<\/strong> e dal <strong>presidente dell\u2019Associazione Mittelfest Roberto Corciulo<\/strong>, alla presenza anche del vicesindaco <strong>Roberto Novelli<\/strong>, dell\u2019assessore al turismo <strong>Giuseppe Ruolo<\/strong> e della consigliera comunale delegata alla cultura <strong>Angela Zappulla<\/strong>.<\/p>\n<p> \tL\u2019Accordo prevede la messa a disposizione da parte del Comune di alcuni locali, beni, spazi per spettacoli e iniziative varie, del teatro Ristori e della sede stessa dell\u2019Associazione.<\/p>\n<p> \t<em>\u201cCon questo Accordo \u2013 <\/em>affermano congiuntamente Bernardi e Corciulo <em>\u2013 rinnoviamo il rapporto di collaborazione fra i nostri enti, soprattutto in questo secondo anno di presidenza caratterizzato da una ulteriore spinta verso il radicamento del Mittelfest sul territorio. Promuovere Mittelfest e Cividale del Friuli vuol dire promuovere tutto il Friuli Venezia Giulia sia in Italia che all\u2019estero. Il Festival \u00e8 un evento culturale che quest\u2019anno emerge particolarmente anche perch\u00e9 abbraccer\u00e0 il settore economico (fondamentale soprattutto durante la pandemia) e porr\u00e0 molta attenzione ai giovani grazie al nuovo progetto MittelYoung. La cultura crea economia e il Mittelfest, partendo dal perno centrale rappresentato da Cividale, valorizzer\u00e0 tutto il territorio circostante guardando soprattutto alle Valli del Natisone e del Torre, anch\u2019esse ricche di storia, cultura e caratterizzate da una spiccata vocazione turistica\u201d.<\/em><\/p>\n<p> \t\u00a0<\/p>\n<p> \t\u00a0<\/p>\n<p> \t\u00a0<\/p>\n","protected":false},"excerpt":{"rendered":"<p>Avr\u00e0 durata triennale<\/p>\n","protected":false},"author":12,"featured_media":38059,"comment_status":"closed","ping_status":"closed","sticky":false,"template":"","format":"standard","meta":{"dwc-title":[],"dwc-content":[],"footnotes":""},"categories":[37],"tags":[],"class_list":["post-38058","post","type-post","status-publish","format-standard","has-post-thumbnail","hentry","category-cultura-e-spettacolo"],"rttpg_featured_image_url":{"full":["https:\/\/imagazine.it\/wp-content\/uploads\/2024\/01\/38524-1.webp",1000,750,false],"landscape":["https:\/\/imagazine.it\/wp-content\/uploads\/2024\/01\/38524-1.webp",1000,750,false],"portraits":["https:\/\/imagazine.it\/wp-content\/uploads\/2024\/01\/38524-1.webp",1000,750,false],"thumbnail":["https:\/\/imagazine.it\/wp-content\/uploads\/2024\/01\/38524-1-150x150.webp",150,150,true],"medium":["https:\/\/imagazine.it\/wp-content\/uploads\/2024\/01\/38524-1-300x225.webp",300,225,true],"large":["https:\/\/imagazine.it\/wp-content\/uploads\/2024\/01\/38524-1.webp",640,480,false],"thumblist":["https:\/\/imagazine.it\/wp-content\/uploads\/2024\/01\/38524-1.webp",300,225,false],"thumbrelated":["https:\/\/imagazine.it\/wp-content\/uploads\/2024\/01\/38524-1.webp",500,375,false],"meccarouselthumb":["https:\/\/imagazine.it\/wp-content\/uploads\/2024\/01\/38524-1.webp",432,324,false],"gridsquare":["https:\/\/imagazine.it\/wp-content\/uploads\/2024\/01\/38524-1.webp",347,260,false],"tileview":["https:\/\/imagazine.it\/wp-content\/uploads\/2024\/01\/38524-1.webp",300,225,false],"1536x1536":["https:\/\/imagazine.it\/wp-content\/uploads\/2024\/01\/38524-1.webp",1000,750,false],"2048x2048":["https:\/\/imagazine.it\/wp-content\/uploads\/2024\/01\/38524-1.webp",1000,750,false],"newsup-slider-full":["https:\/\/imagazine.it\/wp-content\/uploads\/2024\/01\/38524-1-1000x720.webp",1000,720,true],"newsup-featured":["https:\/\/imagazine.it\/wp-content\/uploads\/2024\/01\/38524-1.webp",1000,750,false],"newsup-medium":["https:\/\/imagazine.it\/wp-content\/uploads\/2024\/01\/38524-1-720x380.webp",720,380,true],"tptn_thumbnail":["https:\/\/imagazine.it\/wp-content\/uploads\/2024\/01\/38524-1.webp",250,188,false],"sow-carousel-default":["https:\/\/imagazine.it\/wp-content\/uploads\/2024\/01\/38524-1-272x182.webp",272,182,true]},"rttpg_author":{"display_name":"Claudio Pizzin","author_link":"https:\/\/imagazine.it\/home_desk\/author\/pizzin\/"},"rttpg_comment":0,"rttpg_category":"<a href=\"https:\/\/imagazine.it\/home_desk\/category\/cultura-e-spettacolo\/\" rel=\"category tag\">CULTURA&amp;SPETTACOLO<\/a>","rttpg_excerpt":"Avr\u00e0 durata triennale","_links":{"self":[{"href":"https:\/\/imagazine.it\/home_desk\/wp-json\/wp\/v2\/posts\/38058","targetHints":{"allow":["GET"]}}],"collection":[{"href":"https:\/\/imagazine.it\/home_desk\/wp-json\/wp\/v2\/posts"}],"about":[{"href":"https:\/\/imagazine.it\/home_desk\/wp-json\/wp\/v2\/types\/post"}],"author":[{"embeddable":true,"href":"https:\/\/imagazine.it\/home_desk\/wp-json\/wp\/v2\/users\/12"}],"replies":[{"embeddable":true,"href":"https:\/\/imagazine.it\/home_desk\/wp-json\/wp\/v2\/comments?post=38058"}],"version-history":[{"count":0,"href":"https:\/\/imagazine.it\/home_desk\/wp-json\/wp\/v2\/posts\/38058\/revisions"}],"wp:featuredmedia":[{"embeddable":true,"href":"https:\/\/imagazine.it\/home_desk\/wp-json\/wp\/v2\/media\/38059"}],"wp:attachment":[{"href":"https:\/\/imagazine.it\/home_desk\/wp-json\/wp\/v2\/media?parent=38058"}],"wp:term":[{"taxonomy":"category","embeddable":true,"href":"https:\/\/imagazine.it\/home_desk\/wp-json\/wp\/v2\/categories?post=38058"},{"taxonomy":"post_tag","embeddable":true,"href":"https:\/\/imagazine.it\/home_desk\/wp-json\/wp\/v2\/tags?post=38058"}],"curies":[{"name":"wp","href":"https:\/\/api.w.org\/{rel}","templated":true}]}}